{"id":646650,"date":"2026-01-07T08:19:16","date_gmt":"2026-01-07T08:19:16","guid":{"rendered":"https:\/\/www.europesays.com\/fr\/646650\/"},"modified":"2026-01-07T08:19:16","modified_gmt":"2026-01-07T08:19:16","slug":"loire-ce-tiktokeur-a-imagine-une-quatrieme-ligne-de-tramway-a-saint-etienne","status":"publish","type":"post","link":"https:\/\/www.europesays.com\/fr\/646650\/","title":{"rendered":"Loire. Ce tiktokeur a imagin\u00e9 une quatri\u00e8me ligne de tramway \u00e0 Saint-\u00c9tienne"},"content":{"rendered":"<p>\u00ab\u00a0Une quatri\u00e8me ligne de tramway \u00e0 Saint-\u00c9tienne\u00a0: swipe pour d\u00e9couvrir ce projet fou\u00a0\u00bb.\u00a0Qui se cache derri\u00e8re ce teasing imparable au titre aguicheur\u00a0? Est-ce un candidat aux municipales 2026 qui porterait cette promesse de campagne dans sa feuille de route pour conqu\u00e9rir le fauteuil de maire\u00a0? Pas vraiment.<\/p>\n<p>En glissant notre doigt sur la souris de l\u2019ordinateur se d\u00e9voile devant notre \u00e9cran \u00ab\u00a0le projet fou\u00a0\u00bb. Il se d\u00e9cline en trois feuillets num\u00e9riques\u00a0: le plan de la ligne fictive, la ligne int\u00e9gr\u00e9e dans le r\u00e9seau de tram actuel et le plan d\u00e9taill\u00e9 de cette quatri\u00e8me ligne qui relierait l\u2019Espace Monthieu \u00e0 la Marandini\u00e8re.<\/p>\n<p>\u00ab\u00a0Dans le cadre de ma formation, je m\u2019exerce \u00e0 mod\u00e9liser des r\u00e9seaux de transport\u00a0\u00bb<\/p>\n<p>Visible sur TikTok, cette publication est sign\u00e9e sous le pseudo @Urbaniste&#8230;<\/p>\n","protected":false},"excerpt":{"rendered":"\u00ab\u00a0Une quatri\u00e8me ligne de tramway \u00e0 Saint-\u00c9tienne\u00a0: swipe pour d\u00e9couvrir ce projet fou\u00a0\u00bb.\u00a0Qui se cache derri\u00e8re ce teasing&hellip;\n","protected":false},"author":2,"featured_media":646651,"comment_status":"","ping_status":"","sticky":false,"template":"","format":"standard","meta":{"footnotes":""},"categories":[9653],"tags":[1111,11,2430,3542,7539,1777,674,107,1011,27,1757,3367,720,12,25,4001,7538,2803],"class_list":{"0":"post-646650","1":"post","2":"type-post","3":"status-publish","4":"format-standard","5":"has-post-thumbnail","7":"category-saint-etienne","8":"tag-actu","9":"tag-actualites","10":"tag-auvergne-rhone-alpes","11":"tag-circulation","12":"tag-edition-loire-sud","13":"tag-eu","14":"tag-europe","15":"tag-fil-info","16":"tag-fr","17":"tag-france","18":"tag-insolite","19":"tag-loire","20":"tag-multimedia","21":"tag-news","22":"tag-republique-francaise","23":"tag-saint-etienne","24":"tag-saint-etienne-ville","25":"tag-transport"},"share_on_mastodon":{"url":"https:\/\/pubeurope.com\/@fr\/115852841073666913","error":""},"_links":{"self":[{"href":"https:\/\/www.europesays.com\/fr\/wp-json\/wp\/v2\/posts\/646650","targetHints":{"allow":["GET"]}}],"collection":[{"href":"https:\/\/www.europesays.com\/fr\/wp-json\/wp\/v2\/posts"}],"about":[{"href":"https:\/\/www.europesays.com\/fr\/wp-json\/wp\/v2\/types\/post"}],"author":[{"embeddable":true,"href":"https:\/\/www.europesays.com\/fr\/wp-json\/wp\/v2\/users\/2"}],"replies":[{"embeddable":true,"href":"https:\/\/www.europesays.com\/fr\/wp-json\/wp\/v2\/comments?post=646650"}],"version-history":[{"count":0,"href":"https:\/\/www.europesays.com\/fr\/wp-json\/wp\/v2\/posts\/646650\/revisions"}],"wp:featuredmedia":[{"embeddable":true,"href":"https:\/\/www.europesays.com\/fr\/wp-json\/wp\/v2\/media\/646651"}],"wp:attachment":[{"href":"https:\/\/www.europesays.com\/fr\/wp-json\/wp\/v2\/media?parent=646650"}],"wp:term":[{"taxonomy":"category","embeddable":true,"href":"https:\/\/www.europesays.com\/fr\/wp-json\/wp\/v2\/categories?post=646650"},{"taxonomy":"post_tag","embeddable":true,"href":"https:\/\/www.europesays.com\/fr\/wp-json\/wp\/v2\/tags?post=646650"}],"curies":[{"name":"wp","href":"https:\/\/api.w.org\/{rel}","templated":true}]}}