{"id":646664,"date":"2026-01-07T08:27:13","date_gmt":"2026-01-07T08:27:13","guid":{"rendered":"https:\/\/www.europesays.com\/fr\/646664\/"},"modified":"2026-01-07T08:27:13","modified_gmt":"2026-01-07T08:27:13","slug":"direct-neige-et-verglas-a-rouen-et-au-havre-transports-perturbes-circulation-difficile-suivez-la-situation","status":"publish","type":"post","link":"https:\/\/www.europesays.com\/fr\/646664\/","title":{"rendered":"Direct. Neige et verglas \u00e0 Rouen et au Havre. Transports perturb\u00e9s, circulation difficile&#8230; suivez la situation"},"content":{"rendered":"<p>                    Par<br \/>\n        <strong><br \/>\n            <a href=\"https:\/\/actu.fr\/auteur\/vanessa-leroy\" title=\"Consulter tous les articles de Vanessa Leroy\" target=\"_blank\" rel=\"noopener\">Vanessa Leroy<\/a><br \/>\n                    <\/strong><\/p>\n<p>        Publi\u00e9 le<\/p>\n<p>            7 janv. 2026 \u00e0 7h05<br \/>\n        ; mis \u00e0 jour le 7 janv. 2026 \u00e0 9h23    <\/p>\n<p>Alors que la <strong>vigilance orange neige et verglas<\/strong> est de nouveau en vigueur depuis 4 heures et jusqu\u2019\u00e0 10 heures ce mercredi 7 janvier 2026 en <a href=\"https:\/\/actu.fr\/76actu\/\" target=\"_blank\" rel=\"noopener\">Seine-Maritime<\/a>, de nouvelles<a href=\"https:\/\/actu.fr\/normandie\/rouen_76540\/la-neige-et-le-verglas-de-retour-a-rouen-et-au-havre-mercredi-avant-une-tempete-vendredi_63656376.html\" target=\"_blank\" rel=\"noopener\"> chutes de neige et des pluies vergla\u00e7antes<\/a> sont annonc\u00e9es pour le d\u00e9but de matin\u00e9e par M\u00e9t\u00e9o France.<\/p>\n<p class=\" wall-content\">On fait le point s\u2019agissant des <strong>conditions m\u00e9t\u00e9orologiques<\/strong>, des <strong>transports<\/strong> et de la <strong>circulation<\/strong> dans le d\u00e9partement, et particuli\u00e8rement dans les agglom\u00e9rations du Havre et de Rouen.<\/p>\n<p>Suivez en direct les perturbations en Seine-Maritime :<\/p>\n<p class=\" wall-content\"><strong>09h20 : la Sanef reste mobilis\u00e9e<\/strong><\/p>\n<p class=\" wall-content\">Sanef, soci\u00e9t\u00e9 des autoroutes, indique que \u00ab\u00a0la recommandation\u00a0reporter tous les d\u00e9placements non strictement n\u00e9cessaires, bien respect\u00e9e ce matin par les automobilistes, reste en vigueur jusqu\u2019\u00e0 la lev\u00e9e progressive de l\u2019alerte\u00a0\u00bb. \u00ab\u00a0Les conducteurs contraints de prendre la route sont invit\u00e9s \u00e0 la plus grande vigilance et \u00e0 s\u2019informer sur les conditions de circulation.\u00a0\u00bb<\/p>\n<p class=\" wall-content\">Par ailleurs, les \u00e9quipes mobilis\u00e9es depuis plusieurs jours restent en organisation renforc\u00e9e, <strong>afin de saler et d\u00e9neiger contin\u00fbment les chauss\u00e9es<\/strong>, assister et informer les conducteurs.<\/p>\n<p class=\" wall-content\"><strong>09h00 : 41 interventions des pompiers dans le d\u00e9partement<\/strong><\/p>\n<p class=\" wall-content\">Entre le mardi 6 janvier 7 heures et le mercredi 7 janvier 7 heures, \u00ab\u00a0l\u2019\u00e9v\u00e8nement m\u00e9t\u00e9orologique a g\u00e9n\u00e9r\u00e9 41 interventions sur l\u2019ensemble du d\u00e9partement pour des accidents de circulation et des chutes sur la voie publique principalement. Le bilan fait \u00e9tat de <strong>142 sapeurs-pompiers engag\u00e9s pour une prise en charge de 45 victimes<\/strong>\u00ab\u00a0, communique le service d\u00e9partemental d\u2019incendie et de secours.<\/p>\n<p class=\" wall-content\"><strong>08h50 : l\u2019\u00e9pisode neigeux se termine<\/strong><\/p>\n<p class=\" wall-content\">Encore quelques flocons sont observ\u00e9s dans l\u2019est du d\u00e9partement de la Seine-Maritime mais l\u2019\u00e9pisode neigeux semble d\u00e9sormais derri\u00e8re nous. Avant le retour du soleil cet apr\u00e8s-midi et des temp\u00e9ratures maximales de 7\u00b0C.<\/p>\n<p>Vid\u00e9os : en ce moment sur Actu<\/p>\n<p class=\" wall-content\"><strong>08h30 : des rues impraticables par endroits<\/strong><\/p>\n<p class=\" wall-content\">Sandrine, lectrice de 76actu, nous informe que les rues Jean-Texcier et des Canadiens sont impraticables ce matin. \u00ab\u00a0Toujours pas de sablage\u00a0\u00bb, d\u00e9plore-t-elle.<\/p>\n<p class=\" wall-content\"><strong>08h00 : des retards pour les trains<\/strong><\/p>\n<p class=\" wall-content\"><strong>Le trafic des trains est perturb\u00e9<\/strong> ce mercredi matin sur la ligne Le Havre-Rouen-Paris avec des retards allant jusqu\u2019\u00e0 une heure. En cause : un d\u00e9faut d\u2019alimentation \u00e9lectrique entre Etainhus et Br\u00e9aut\u00e9. L\u2019heure de reprise normale est estim\u00e9e actuellement \u00e0 9h35, pr\u00e9cise la SNCF.<\/p>\n<p>Votre r\u00e9gion, votre actu !<\/p>\n<p>Recevez chaque jour les infos qui comptent pour vous.<\/p>\n<p>\t<a href=\"https:\/\/actu.fr\/newsletter\" class=\"ac-btn ac-btn--corner ac-btn--medium ac-btn--blue800\" target=\"_blank\" rel=\"noopener\">S&rsquo;incrire<\/a><\/p>\n<p class=\" wall-content\">\n<p class=\" wall-content\"><strong>07h30 : la circulation est difficile sur les routes<\/strong><\/p>\n<p class=\" wall-content\"><strong>La circulation est compliqu\u00e9e<\/strong> \u00e9galement sur les routes. Entre neige et verglas, la prudence est de mise sur les autoroutes A29, A28, A150, A131, A151 et aussi sur la N28 et la Sud III.<\/p>\n<p>    <a href=\"https:\/\/www.facebook.com\/plugins\/post.php?href=https%3A%2F%2Fwww.facebook.com%2FInfosTraficLeHavre%2Fposts%2Fpfbid023BHYfqatE6PCAJTS3T4qnoWfzPGD2QocSTNzmvLCbeKj36hnt2532usxvqCL1Scel&amp;show_text=true&amp;width=350\" title=\"Ouvrie le lien\" target=\"_blank\" rel=\"noopener\">Cliquez ici pour visualiser le contenu<\/a><\/p>\n<p class=\" wall-content\"><strong>07h00 : le point sur les r\u00e9seaux Astuce et LiA<\/strong><\/p>\n<p class=\" wall-content\"><strong>A Rouen<\/strong>, \u00ab\u00a0de nombreuses lignes sont perturb\u00e9es\u00a0\u00bb indique R\u00e9seau Astuce.<\/p>\n<p class=\" wall-content\">Les lignes qui ne circulent pas :<\/p>\n<ul class=\" wall-content\">\n<li>les lignes F1, F2, F3, F4, F5, F6, F7, F8 (de 10 \u00e0 44) et \u00ab\u00a0astucepro\u00a0\u00bb (desserte zone industrielle)<\/li>\n<li>les lignes T2 et T3 : terminus Deux-Rivi\u00e8res<\/li>\n<li>les lignes FAST et BUS sont interrompues jusqu\u2019\u00e0 nouvel ordre<\/li>\n<li>l\u2019ensemble des lignes 100, 200, 300 et les lignes 529 et 530<\/li>\n<li>le service Filo\u2019r est suspendu jusqu\u2019\u00e0 12 heures<\/li>\n<\/ul>\n<p class=\" wall-content\">Par ailleurs, le service de navette Calypso est interrompu en raison des conditions m\u00e9t\u00e9o jusqu\u2019\u00e0 nouvel avis.<\/p>\n<p class=\" wall-content\">L\u2019agence Astuce de la gare est ferm\u00e9e ce matin.<\/p>\n<p class=\" wall-content\"><strong>Au Havre<\/strong>, la majorit\u00e9 des lignes circule \u00e0 l\u2019exception des lignes 12, 21 et des lignes compl\u00e9mentaires 60, 70, 71, 91, MFR et SEGPA, indique LiA.<\/p>\n<p class=\" wall-content\"><strong>06h30 : de la pluie au Havre, un peu de neige \u00e0 Rouen<\/strong><\/p>\n<p class=\" wall-content\">Au <strong>Havre<\/strong>, le vent souffle tr\u00e8s fort ce mercredi matin et de la pluie tombe depuis cette nuit sur un sol froid donc gare au verglas. M\u00eame situation \u00e0 F\u00e9camp. Il fait 2\u00b0C actuellement.<\/p>\n<p class=\" wall-content\">Du c\u00f4t\u00e9 de <strong>Rouen<\/strong>, o\u00f9 les temp\u00e9ratures sont n\u00e9gatives, des chutes de neige sont observ\u00e9es. Tout comme \u00e0 Yvetot et dans le pays de Caux. \u00ab\u00a0A 5h45, les chutes de neige ont d\u00e9but\u00e9 sur les d\u00e9partements normands\u00a0\u00bb, pr\u00e9cise M\u00e9t\u00e9o France.<\/p>\n<p class=\" wall-content\"><strong>06h15 : restrictions de circulation pour les poids lourds<\/strong><\/p>\n<p class=\" wall-content\">Dans un communiqu\u00e9, la pr\u00e9fecture de la Seine-Maritime a fait savoir que diff\u00e9rentes mesures s\u2019appliquent depuis mercredi, 3 heures.<\/p>\n<p class=\" wall-content\">Sur l\u2019autoroute<strong> :<\/strong><\/p>\n<p class=\" wall-content\">La circulation des v\u00e9hicules de plus de 3,5 tonnes est interdite.<br \/>Pour tous les autres v\u00e9hicules, le d\u00e9passement est interdit et la vitesse maximale autoris\u00e9e est fix\u00e9e \u00e0 80 km\/h.<\/p>\n<p class=\" wall-content\">Sur le r\u00e9seau secondaire :<\/p>\n<p class=\" wall-content\">La circulation des v\u00e9hicules de plus de 7,5 tonnes est interdite.<br \/>Pour tous les autres v\u00e9hicules, le d\u00e9passement est interdit et la vitesse maximale<br \/>autoris\u00e9e est fix\u00e9e \u00e0 70 km\/h.<\/p>\n<p class=\" wall-content\"><strong>06h00 : les transports scolaires suspendus<\/strong><\/p>\n<p class=\" wall-content\">En raison des conditions m\u00e9t\u00e9o, la R\u00e9gion Normandie maintient la <strong>suspension de l\u2019ensemble des lignes scolaires<\/strong> pour toute la journ\u00e9e dans les cinq d\u00e9partements normands : Calvados, Manche, Orne, Eure et Seine-Maritime.<\/p>\n<p>Suivez l\u2019actualit\u00e9 de Rouen <a href=\"https:\/\/www.whatsapp.com\/channel\/0029VaKfnf99hXF2ddApFB1D\" target=\"_blank\" rel=\"noopener\">sur notre cha\u00eene WhatsApp<\/a> et <a href=\"https:\/\/www.tiktok.com\/@76actu.fr?lang=fr\" target=\"_blank\" rel=\"noopener\">sur notre compte TikTok<\/a>Suivez l\u2019actualit\u00e9 du Havre <a href=\"https:\/\/www.whatsapp.com\/channel\/0029VaFqJYE8aKvLBwVrEe0o\" target=\"_blank\" rel=\"noopener\">sur notre cha\u00eene WhatsApp<\/a> et <a href=\"https:\/\/www.tiktok.com\/@76actu.fr?lang=fr\" target=\"_blank\" rel=\"noopener\">sur notre compte TikTok<\/a><\/p>\n<p class=\" wall-content\">Personnalisez votre actualit\u00e9 en ajoutant vos villes et m\u00e9dias en favori avec <a href=\"https:\/\/moncompte.actu.fr\" title=\"D\u00e9couvez Mon Actu\" rel=\"nofollow noopener\" data-trk=\"{&quot;cta&quot;:{&quot;action&quot;:&quot;https:\\\/\\\/moncompte.actu.fr&quot;,&quot;category&quot;:&quot;mon compte&quot;,&quot;from&quot;:&quot;article footer&quot;,&quot;name&quot;:&quot;Mon actu&quot;,&quot;type&quot;:&quot;cta&quot;}}\" target=\"_blank\">Mon Actu<\/a>.<\/p>\n<p>                    <script async src=\"\/\/www.tiktok.com\/embed.js\"><\/script><\/p>\n","protected":false},"excerpt":{"rendered":"Par Vanessa Leroy Publi\u00e9 le 7 janv. 2026 \u00e0 7h05 ; mis \u00e0 jour le 7 janv. 2026&hellip;\n","protected":false},"author":2,"featured_media":646665,"comment_status":"","ping_status":"","sticky":false,"template":"","format":"standard","meta":{"footnotes":""},"categories":[9587],"tags":[1111,11,3542,1777,674,1011,27,2487,2357,12,5161,25,9590,2803],"class_list":{"0":"post-646664","1":"post","2":"type-post","3":"status-publish","4":"format-standard","5":"has-post-thumbnail","7":"category-rouen","8":"tag-actu","9":"tag-actualites","10":"tag-circulation","11":"tag-eu","12":"tag-europe","13":"tag-fr","14":"tag-france","15":"tag-meteo","16":"tag-meteo-france","17":"tag-news","18":"tag-normandie","19":"tag-republique-francaise","20":"tag-rouen","21":"tag-transport"},"share_on_mastodon":{"url":"https:\/\/pubeurope.com\/@fr\/115852872826789054","error":""},"_links":{"self":[{"href":"https:\/\/www.europesays.com\/fr\/wp-json\/wp\/v2\/posts\/646664","targetHints":{"allow":["GET"]}}],"collection":[{"href":"https:\/\/www.europesays.com\/fr\/wp-json\/wp\/v2\/posts"}],"about":[{"href":"https:\/\/www.europesays.com\/fr\/wp-json\/wp\/v2\/types\/post"}],"author":[{"embeddable":true,"href":"https:\/\/www.europesays.com\/fr\/wp-json\/wp\/v2\/users\/2"}],"replies":[{"embeddable":true,"href":"https:\/\/www.europesays.com\/fr\/wp-json\/wp\/v2\/comments?post=646664"}],"version-history":[{"count":0,"href":"https:\/\/www.europesays.com\/fr\/wp-json\/wp\/v2\/posts\/646664\/revisions"}],"wp:featuredmedia":[{"embeddable":true,"href":"https:\/\/www.europesays.com\/fr\/wp-json\/wp\/v2\/media\/646665"}],"wp:attachment":[{"href":"https:\/\/www.europesays.com\/fr\/wp-json\/wp\/v2\/media?parent=646664"}],"wp:term":[{"taxonomy":"category","embeddable":true,"href":"https:\/\/www.europesays.com\/fr\/wp-json\/wp\/v2\/categories?post=646664"},{"taxonomy":"post_tag","embeddable":true,"href":"https:\/\/www.europesays.com\/fr\/wp-json\/wp\/v2\/tags?post=646664"}],"curies":[{"name":"wp","href":"https:\/\/api.w.org\/{rel}","templated":true}]}}