{"id":646670,"date":"2026-01-07T08:33:35","date_gmt":"2026-01-07T08:33:35","guid":{"rendered":"https:\/\/www.europesays.com\/fr\/646670\/"},"modified":"2026-01-07T08:33:35","modified_gmt":"2026-01-07T08:33:35","slug":"pres-de-rennes-une-exposition-photographique-sur-la-lecture","status":"publish","type":"post","link":"https:\/\/www.europesays.com\/fr\/646670\/","title":{"rendered":"Pr\u00e8s de Rennes, une exposition photographique sur la lecture"},"content":{"rendered":"<p>Jusqu\u2019au 7\u00a0f\u00e9vrier 2026, la m\u00e9diath\u00e8que de Vezin-le-Coquet (Ille-et-Vilaine) propose de mettre en avant la lecture dans le monde, \u00e0 partir des photos de <a href=\"https:\/\/saint-brieuc.maville.com\/actu\/actudet_-a-erquy-le-mois-d-aout-se-fait-a-bicyclette-a-travers-une-expo-une-balade-et-un-livre-_5-6920085_actu.Htm\" target=\"_blank\" rel=\"noopener\">Thierry Penneteau<\/a>. \u00a0Cette exposition est n\u00e9e \u00e0 Dinan, il y a sept\u00a0ans. Apr\u00e8s mon exposition \u00e0 la Maison des po\u00e8tes et des \u00e9crivains de Saint-Malo, sur le th\u00e8me du voyage, j\u2019ai \u00e9t\u00e9 contact\u00e9 par la m\u00e9diath\u00e8que de Dinan, qui souhaitait exposer mes photos. Nous avons mont\u00e9 ainsi une premi\u00e8re exposition \u00e0 partir des 30\u00a0photos que j\u2019avais sur ce th\u00e8me de la lecture et qui allait bien pour une m\u00e9diath\u00e8que\u00a0, explique l\u2019auteur.<\/p>\n<p>\u00ab\u00a0Un moyen de rencontrer les gens\u00a0\u00bb<\/p>\n<p>Thierry Penneteau a d\u00e9couvert la photographie en 1978 aux \u00c9tats-Unis. Depuis, il parcourt le monde, photographiant les gens, la vie, captant la lumi\u00e8re, une ambiance, un regard en observateur sensible. Devenu un photographe reconnu, il a particip\u00e9 \u00e0 de nombreux festivals, o\u00f9 il a expos\u00e9 dans des lieux prestigieux et re\u00e7u plusieurs r\u00e9compenses.<\/p>\n<p>Lire aussi\u00a0: <a href=\"https:\/\/vitre.maville.com\/actu\/actudet_-exposition-a-la-mediatheque-a-vitre-le-monde-se-lit-dans-ses-photos-_52704-5211615_actu.Htm\" target=\"_blank\" rel=\"noopener\">Exposition \u00e0 la m\u00e9diath\u00e8que \u00e0 Vitr\u00e9\u00a0: le monde se lit dans ses photos<\/a> <\/p>\n<p>Pour cette exposition, l\u2019artiste expose une quarantaine de portraits de lecteurs s\u00e9lectionn\u00e9s dans une collection de 150\u00a0photos, qui court de 1986 jusqu\u2019\u00e0 2024.<\/p>\n<p>\u00ab\u00a0\u00c0 chaque fois que je pars en voyage, et que je croise un lecteur, je d\u00e9clenche pour ne pas qu\u2019il pose. Et apr\u00e8s, je vais le voir et je lui demande son accord. La photo est pour moi un moyen de rencontrer les gens. C\u2019est quelque chose auquel je tiens \u00e9norm\u00e9ment\u00a0  , d\u00e9taille l\u2019artiste.<\/p>\n<p>Lire aussi\u00a0:<a href=\"https:\/\/fougeres.maville.com\/actu\/actudet_-inondations-travaux-culture-sport-l-annee-2025-en-ille-et-vilaine-vue-par-les-photographes-d-ouest-france-_7-7131616_actu.Htm\" target=\"_blank\" rel=\"noopener\"> Inondations, travaux, culture, sport\u00a0: l\u2019ann\u00e9e 2025 en Ille-et-Vilaine vue par les photographes d\u2019Ouest-France<\/a> <\/p>\n<p>Avec cette exposition, Thierry Penneteau invite au plaisir de la lecture. Et constate qu\u2019\u00a0il y a de moins en moins de lecteurs visibles dans l\u2019espace publique\u00a0\u00bb.<\/p>\n<p>Samedi 7\u00a0f\u00e9vrier 2026, \u00e0 10\u00a0h\u00a030, \u00e0 la m\u00e9diath\u00e8que Le Tempo, \u00e0 Vezin-le-Coquet. Une rencontre avec le photographe Thierry Penneteau est planifi\u00e9e ce jour-ci.<\/p>\n<p>\u00a0<\/p>\n","protected":false},"excerpt":{"rendered":"Jusqu\u2019au 7\u00a0f\u00e9vrier 2026, la m\u00e9diath\u00e8que de Vezin-le-Coquet (Ille-et-Vilaine) propose de mettre en avant la lecture dans le monde,&hellip;\n","protected":false},"author":2,"featured_media":646671,"comment_status":"","ping_status":"","sticky":false,"template":"","format":"standard","meta":{"footnotes":""},"categories":[2821],"tags":[1111,11,829,1777,674,3293,1011,27,2046,12,47664,3762,3086,584,25],"class_list":{"0":"post-646670","1":"post","2":"type-post","3":"status-publish","4":"format-standard","5":"has-post-thumbnail","7":"category-rennes","8":"tag-actu","9":"tag-actualites","10":"tag-bretagne","11":"tag-eu","12":"tag-europe","13":"tag-exposition","14":"tag-fr","15":"tag-france","16":"tag-lecture","17":"tag-news","18":"tag-photographique","19":"tag-pres","20":"tag-redon","21":"tag-rennes","22":"tag-republique-francaise"},"share_on_mastodon":{"url":"https:\/\/pubeurope.com\/@fr\/115852896125875461","error":""},"_links":{"self":[{"href":"https:\/\/www.europesays.com\/fr\/wp-json\/wp\/v2\/posts\/646670","targetHints":{"allow":["GET"]}}],"collection":[{"href":"https:\/\/www.europesays.com\/fr\/wp-json\/wp\/v2\/posts"}],"about":[{"href":"https:\/\/www.europesays.com\/fr\/wp-json\/wp\/v2\/types\/post"}],"author":[{"embeddable":true,"href":"https:\/\/www.europesays.com\/fr\/wp-json\/wp\/v2\/users\/2"}],"replies":[{"embeddable":true,"href":"https:\/\/www.europesays.com\/fr\/wp-json\/wp\/v2\/comments?post=646670"}],"version-history":[{"count":0,"href":"https:\/\/www.europesays.com\/fr\/wp-json\/wp\/v2\/posts\/646670\/revisions"}],"wp:featuredmedia":[{"embeddable":true,"href":"https:\/\/www.europesays.com\/fr\/wp-json\/wp\/v2\/media\/646671"}],"wp:attachment":[{"href":"https:\/\/www.europesays.com\/fr\/wp-json\/wp\/v2\/media?parent=646670"}],"wp:term":[{"taxonomy":"category","embeddable":true,"href":"https:\/\/www.europesays.com\/fr\/wp-json\/wp\/v2\/categories?post=646670"},{"taxonomy":"post_tag","embeddable":true,"href":"https:\/\/www.europesays.com\/fr\/wp-json\/wp\/v2\/tags?post=646670"}],"curies":[{"name":"wp","href":"https:\/\/api.w.org\/{rel}","templated":true}]}}