{"id":646672,"date":"2026-01-07T08:34:14","date_gmt":"2026-01-07T08:34:14","guid":{"rendered":"https:\/\/www.europesays.com\/fr\/646672\/"},"modified":"2026-01-07T08:34:14","modified_gmt":"2026-01-07T08:34:14","slug":"a-rennes-la-vie-a-loccidentale-au-coeur-dun-meurtre-entre-deux-familles-afghanes","status":"publish","type":"post","link":"https:\/\/www.europesays.com\/fr\/646672\/","title":{"rendered":"\u00c0 Rennes, \u00ab\u00a0la vie \u00e0 l\u2019occidentale\u00a0\u00bb au c\u0153ur d\u2019un meurtre entre deux familles afghanes"},"content":{"rendered":"<p class=\"paragraph text_align_left lp-f-body-02\">\u00c0 des milliers de kilom\u00e8tres de Kaboul (Afghanistan), une boucherie du centre-ville de Rennes (<a href=\"https:\/\/www.leparisien.fr\/ille-et-vilaine-35\/\" target=\"_blank\" rel=\"noreferrer noopener\">Ille-et-Vilaine<\/a>). Ce 18 juin 2024, deux conceptions du monde s\u2019y t\u00e9lescopent, laissant Zabiullah Karimi, 47 ans, mort sur un trottoir. Cette boucherie qu\u2019ils tenaient ensemble, Hashmatullah et Noorullah A., les beaux-fr\u00e8res de Zabiullah, la retrouvent ce mercredi pour une reconstitution du meurtre pour lequel ils sont mis en examen.<\/p>\n<p class=\"\">Cette remise en situation vise notamment \u00e0 confirmer les suspicions \u2014 \u00e9tay\u00e9es par plusieurs t\u00e9moignages \u2014 <a href=\"https:\/\/www.leparisien.fr\/faits-divers\/meurtre-dans-une-boucherie-de-rennes-deux-hommes-mis-en-examen-21-06-2024-KAPQOS5QWJBKHFPRD4CYUBFYDI.php\" target=\"_self\" rel=\"noopener\">quant \u00e0 l\u2019identit\u00e9 de l\u2019auteur des coups de couteau<\/a> inflig\u00e9s \u00e0 Zabiullah. Les raisons du drame, elles, semblent \u00e0 chercher dans les tiraillements de l\u2019Afghanistan, pays boulevers\u00e9 depuis plus de 40 ans par les changements de r\u00e9gimes, les guerres et l\u2019oppression des talibans.<\/p>\n","protected":false},"excerpt":{"rendered":"\u00c0 des milliers de kilom\u00e8tres de Kaboul (Afghanistan), une boucherie du centre-ville de Rennes (Ille-et-Vilaine). Ce 18 juin&hellip;\n","protected":false},"author":2,"featured_media":646673,"comment_status":"","ping_status":"","sticky":false,"template":"","format":"standard","meta":{"footnotes":""},"categories":[2821],"tags":[1111,11,829,459,1777,674,118,1011,27,12,584,25],"class_list":{"0":"post-646672","1":"post","2":"type-post","3":"status-publish","4":"format-standard","5":"has-post-thumbnail","7":"category-rennes","8":"tag-actu","9":"tag-actualites","10":"tag-bretagne","11":"tag-departements-horsidfo","12":"tag-eu","13":"tag-europe","14":"tag-faits-divers","15":"tag-fr","16":"tag-france","17":"tag-news","18":"tag-rennes","19":"tag-republique-francaise"},"share_on_mastodon":{"url":"https:\/\/pubeurope.com\/@fr\/115852900053807791","error":""},"_links":{"self":[{"href":"https:\/\/www.europesays.com\/fr\/wp-json\/wp\/v2\/posts\/646672","targetHints":{"allow":["GET"]}}],"collection":[{"href":"https:\/\/www.europesays.com\/fr\/wp-json\/wp\/v2\/posts"}],"about":[{"href":"https:\/\/www.europesays.com\/fr\/wp-json\/wp\/v2\/types\/post"}],"author":[{"embeddable":true,"href":"https:\/\/www.europesays.com\/fr\/wp-json\/wp\/v2\/users\/2"}],"replies":[{"embeddable":true,"href":"https:\/\/www.europesays.com\/fr\/wp-json\/wp\/v2\/comments?post=646672"}],"version-history":[{"count":0,"href":"https:\/\/www.europesays.com\/fr\/wp-json\/wp\/v2\/posts\/646672\/revisions"}],"wp:featuredmedia":[{"embeddable":true,"href":"https:\/\/www.europesays.com\/fr\/wp-json\/wp\/v2\/media\/646673"}],"wp:attachment":[{"href":"https:\/\/www.europesays.com\/fr\/wp-json\/wp\/v2\/media?parent=646672"}],"wp:term":[{"taxonomy":"category","embeddable":true,"href":"https:\/\/www.europesays.com\/fr\/wp-json\/wp\/v2\/categories?post=646672"},{"taxonomy":"post_tag","embeddable":true,"href":"https:\/\/www.europesays.com\/fr\/wp-json\/wp\/v2\/tags?post=646672"}],"curies":[{"name":"wp","href":"https:\/\/api.w.org\/{rel}","templated":true}]}}