{"id":646674,"date":"2026-01-07T08:35:17","date_gmt":"2026-01-07T08:35:17","guid":{"rendered":"https:\/\/www.europesays.com\/fr\/646674\/"},"modified":"2026-01-07T08:35:17","modified_gmt":"2026-01-07T08:35:17","slug":"les-toiles-jugees-derangeantes-du-peintre-camille-claus-sont-a-voir-a-la-mediatheque-protestante","status":"publish","type":"post","link":"https:\/\/www.europesays.com\/fr\/646674\/","title":{"rendered":"les toiles jug\u00e9es d\u00e9rangeantes du peintre Camille Claus sont \u00e0 voir \u00e0 la M\u00e9diath\u00e8que protestante"},"content":{"rendered":"<p>En avisant les murs nus de l\u2019\u00e9glise ronde du Christ-Ressuscit\u00e9, dans le quartier de l\u2019Esplanade, \u00e0 Strasbourg, Camille Claus s\u2019\u00e9tait mis en t\u00eate de proposer \u00e0 la paroisse deux s\u00e9ries de toiles. La premi\u00e8re, dat\u00e9e du d\u00e9but des ann\u00e9es 90, a vocation \u00e0 accompagner les grands moments de l\u2019ann\u00e9e liturgique. En quelques lignes simples, dans une douce lumi\u00e8re, il repr\u00e9sente la Vierge \u00e0 l\u2019enfant, la Crucifixion, la R\u00e9surrection et l\u2019apparition du Christ aux ap\u00f4tres.\u00a0L\u2019absence de traits du visage a&#8230;<\/p>\n","protected":false},"excerpt":{"rendered":"En avisant les murs nus de l\u2019\u00e9glise ronde du Christ-Ressuscit\u00e9, dans le quartier de l\u2019Esplanade, \u00e0 Strasbourg, Camille&hellip;\n","protected":false},"author":2,"featured_media":646675,"comment_status":"","ping_status":"","sticky":false,"template":"","format":"standard","meta":{"footnotes":""},"categories":[2820],"tags":[1111,11,2389,1687,2880,1777,674,2271,107,1011,27,775,12,25,4604,640,2879],"class_list":{"0":"post-646674","1":"post","2":"type-post","3":"status-publish","4":"format-standard","5":"has-post-thumbnail","7":"category-strasbourg","8":"tag-actu","9":"tag-actualites","10":"tag-alsace","11":"tag-culture-loisirs","12":"tag-edition-strasbourg","13":"tag-eu","14":"tag-europe","15":"tag-exposition-arts-plastiques","16":"tag-fil-info","17":"tag-fr","18":"tag-france","19":"tag-grand-est","20":"tag-news","21":"tag-republique-francaise","22":"tag-selection-abonne","23":"tag-strasbourg","24":"tag-strasbourg-ville"},"share_on_mastodon":{"url":"https:\/\/pubeurope.com\/@fr\/115852904039183156","error":""},"_links":{"self":[{"href":"https:\/\/www.europesays.com\/fr\/wp-json\/wp\/v2\/posts\/646674","targetHints":{"allow":["GET"]}}],"collection":[{"href":"https:\/\/www.europesays.com\/fr\/wp-json\/wp\/v2\/posts"}],"about":[{"href":"https:\/\/www.europesays.com\/fr\/wp-json\/wp\/v2\/types\/post"}],"author":[{"embeddable":true,"href":"https:\/\/www.europesays.com\/fr\/wp-json\/wp\/v2\/users\/2"}],"replies":[{"embeddable":true,"href":"https:\/\/www.europesays.com\/fr\/wp-json\/wp\/v2\/comments?post=646674"}],"version-history":[{"count":0,"href":"https:\/\/www.europesays.com\/fr\/wp-json\/wp\/v2\/posts\/646674\/revisions"}],"wp:featuredmedia":[{"embeddable":true,"href":"https:\/\/www.europesays.com\/fr\/wp-json\/wp\/v2\/media\/646675"}],"wp:attachment":[{"href":"https:\/\/www.europesays.com\/fr\/wp-json\/wp\/v2\/media?parent=646674"}],"wp:term":[{"taxonomy":"category","embeddable":true,"href":"https:\/\/www.europesays.com\/fr\/wp-json\/wp\/v2\/categories?post=646674"},{"taxonomy":"post_tag","embeddable":true,"href":"https:\/\/www.europesays.com\/fr\/wp-json\/wp\/v2\/tags?post=646674"}],"curies":[{"name":"wp","href":"https:\/\/api.w.org\/{rel}","templated":true}]}}