{"id":646680,"date":"2026-01-07T08:38:18","date_gmt":"2026-01-07T08:38:18","guid":{"rendered":"https:\/\/www.europesays.com\/fr\/646680\/"},"modified":"2026-01-07T08:38:18","modified_gmt":"2026-01-07T08:38:18","slug":"sans-francis-coquelin-contre-nice","status":"publish","type":"post","link":"https:\/\/www.europesays.com\/fr\/646680\/","title":{"rendered":"Sans Francis Coquelin contre Nice\u00a0?"},"content":{"rendered":"\n<p>\t\t\t\t\t\t\t<img decoding=\"async\" src=\"https:\/\/www.europesays.com\/fr\/wp-content\/uploads\/2026\/01\/francis-coquelin-ICONSPORT_266997_0432.jpg\" alt=\"Francis COQUELIN\"\/><\/p>\n<p>Francis COQUELIN, Cr\u00e9dit photo : Icon Sport<\/p>\n<p><strong>Apr\u00e8s avoir jou\u00e9 une heure contre l\u2019OM, en \u00e9tant excellent, Francis Coquelin pourrait \u00eatre pr\u00e9serv\u00e9 contre Nice et pr\u00e9parer les \u00e9ch\u00e9ances importantes en Ligue 1 (Paris FC, OGC Nice). La fragilit\u00e9 physique du patron nantais incite \u00e0 la prudence.<\/strong><\/p>\n<p data=\"intro\">Arriv\u00e9 lors du dernier mercato d\u2019hiver au FC Nantes, Francis Coquelin vit un passage compliqu\u00e9 chez les Canaris. Arriv\u00e9 pour apporter son exp\u00e9rience au milieu de terrain, l\u2019ancien d\u2019Arsenal encha\u00eene les blessures et ne parvient pas \u00e0 retrouver du rythme en Ligue 1. Apr\u00e8s avoir \u00e9t\u00e9 absent pendant de longs mois, Francis Coquelin a fait son retour contre l\u2019OM, ce dimanche, en jouant une heure. De quoi imaginer le meilleur pour la suite ?<\/p>\n<p>Coquelin est enfin de retour<\/p>\n<p>Apr\u00e8s la victoire du FC Nantes contre l\u2019OM, Francis Coquelin s\u2019est confi\u00e9 \u00e0 Ouest-France, expliquant se sentir enfin en forme : \u00ab Moi, maintenant, je prends au jour le jour, je ne vais pas vous mentir. C\u2019est un plaisir d\u00e9j\u00e0 de m\u2019entra\u00eener, d\u2019avoir de bonnes sensations. Vous pouvez imaginer qu\u2019aujourd\u2019hui je suis tr\u00e8s content d\u2019avoir pu commencer un match ici \u00e0 Marseille. Apr\u00e8s, comme l\u2019\u00e9quipe, je dois encore encha\u00eener et \u00eatre r\u00e9gulier. Je savais qu\u2019il restait un peu de football dans mes vieilles cannes (sourire). \u00bb<\/p>\n<p>La prudence est de mise<\/p>\n<p>Le FC Nantes affrontera l\u2019OGC Nice, dimanche prochain, en Coupe de France, et Francis Coquelin pourrait bien \u00eatre pr\u00e9serv\u00e9 lors de cette rencontre. En effet, la priorit\u00e9 des Canaris cette saison est de se maintenir en Ligue 1 et le milieu de terrain de 34 ans pourrait profiter de cette \u00e9ch\u00e9ance pour se reposer, afin de pr\u00e9parer au mieux les r\u00e9ceptions du Paris FC et de l\u2019OGC Nice, en championnat.<\/p>\n<p style=\"width:100%;text-align:center;  background-color: #003B6F; padding:5px; border-radius: 10px;color:white;font-size: 20px;\"><a href=\"#graphcomment\" style=\"color:white;\">Voir les commentaires<\/a><\/p>\n<p><\/p>\n<p>\t\t\t\t\t\t&#13;<br \/>\n\t\t\t\t\t\t\t&#13;<\/p>\n","protected":false},"excerpt":{"rendered":"Francis COQUELIN, Cr\u00e9dit photo : Icon Sport Apr\u00e8s avoir jou\u00e9 une heure contre l\u2019OM, en \u00e9tant excellent, Francis&hellip;\n","protected":false},"author":2,"featured_media":646681,"comment_status":"","ping_status":"","sticky":false,"template":"","format":"standard","meta":{"footnotes":""},"categories":[2819],"tags":[1111,11,1777,674,1011,27,12,2401,882,25],"class_list":{"0":"post-646680","1":"post","2":"type-post","3":"status-publish","4":"format-standard","5":"has-post-thumbnail","7":"category-nice","8":"tag-actu","9":"tag-actualites","10":"tag-eu","11":"tag-europe","12":"tag-fr","13":"tag-france","14":"tag-news","15":"tag-nice","16":"tag-provence-alpes-cote-dazur","17":"tag-republique-francaise"},"share_on_mastodon":{"url":"https:\/\/pubeurope.com\/@fr\/115852915741606621","error":""},"_links":{"self":[{"href":"https:\/\/www.europesays.com\/fr\/wp-json\/wp\/v2\/posts\/646680","targetHints":{"allow":["GET"]}}],"collection":[{"href":"https:\/\/www.europesays.com\/fr\/wp-json\/wp\/v2\/posts"}],"about":[{"href":"https:\/\/www.europesays.com\/fr\/wp-json\/wp\/v2\/types\/post"}],"author":[{"embeddable":true,"href":"https:\/\/www.europesays.com\/fr\/wp-json\/wp\/v2\/users\/2"}],"replies":[{"embeddable":true,"href":"https:\/\/www.europesays.com\/fr\/wp-json\/wp\/v2\/comments?post=646680"}],"version-history":[{"count":0,"href":"https:\/\/www.europesays.com\/fr\/wp-json\/wp\/v2\/posts\/646680\/revisions"}],"wp:featuredmedia":[{"embeddable":true,"href":"https:\/\/www.europesays.com\/fr\/wp-json\/wp\/v2\/media\/646681"}],"wp:attachment":[{"href":"https:\/\/www.europesays.com\/fr\/wp-json\/wp\/v2\/media?parent=646680"}],"wp:term":[{"taxonomy":"category","embeddable":true,"href":"https:\/\/www.europesays.com\/fr\/wp-json\/wp\/v2\/categories?post=646680"},{"taxonomy":"post_tag","embeddable":true,"href":"https:\/\/www.europesays.com\/fr\/wp-json\/wp\/v2\/tags?post=646680"}],"curies":[{"name":"wp","href":"https:\/\/api.w.org\/{rel}","templated":true}]}}