{"id":646694,"date":"2026-01-07T08:47:14","date_gmt":"2026-01-07T08:47:14","guid":{"rendered":"https:\/\/www.europesays.com\/fr\/646694\/"},"modified":"2026-01-07T08:47:14","modified_gmt":"2026-01-07T08:47:14","slug":"chutes-de-neige-autour-de-lille-bus-trains-routes-le-point-sur-la-circulation-ce-mercredi","status":"publish","type":"post","link":"https:\/\/www.europesays.com\/fr\/646694\/","title":{"rendered":"Chutes de neige autour de Lille. Bus, trains, routes\u2026 Le point sur la circulation ce mercredi"},"content":{"rendered":"<p>                    Par<br \/>\n        <strong><br \/>\n            <a href=\"https:\/\/actu.fr\/auteur\/amandine-vachez\" title=\"Consulter tous les articles de Amandine Vachez\" target=\"_blank\" rel=\"noopener\">Amandine Vachez<\/a><br \/>\n                    <\/strong><\/p>\n<p>        Publi\u00e9 le<\/p>\n<p>            7 janv. 2026 \u00e0 8h01<br \/>\n        ; mis \u00e0 jour le 7 janv. 2026 \u00e0 9h36    <\/p>\n<p>Vous avez peut-\u00eatre vu un manteau blanc recouvrir votre balcon, cour ou jardin le matin du <b>mercredi 7\u00a0janvier 2026<\/b>. Et pour cause, la<b> neige tombe sur le Nord<\/b> depuis la nuit derni\u00e8re. Le point sur la situation \u00e0 9h30, aux abords de <a href=\"https:\/\/actu.fr\/lille\/\" target=\"_blank\" rel=\"noopener\">Lille<\/a> (Nord).<\/p>\n<p>Pas de transport scolaire et un trafic des bus \u00e0 l\u2019arr\u00eat<\/p>\n<p class=\" wall-content\">Pour rappel, le Nord et le Pas-de-Calais sont <a href=\"https:\/\/actu.fr\/societe\/neige-jusqua-7-cm-prevus-par-meteo-france-le-nord-et-le-pas-de-calais-passent-en-vigilance-orange_63658917.html\" target=\"_blank\" rel=\"noopener\">pass\u00e9s en vigilance orange pour neige et verglas<\/a>, dans la nuit. Des cumuls jusqu\u2019\u00e0 7\u00a0cm sont attendus. La neige tombe mod\u00e9r\u00e9ment depuis 4\u2009h\u200930, laissant de l\u00e9g\u00e8res couches sur le sol, comme \u00e0 Lille ou Seclin, au sud de la m\u00e9tropole.<\/p>\n<p class=\" wall-content\">Au niveau r\u00e9gional, les <b>scolaires <\/b>n\u2019auront pas de <b>transport<\/b> assur\u00e9\u2009: la R\u00e9gion a annonc\u00e9 que <a href=\"https:\/\/actu.fr\/societe\/neige-les-bus-scolaires-et-interurbains-des-hauts-de-france-ne-circuleront-pas-mercredi_63658421.html\" target=\"_blank\" rel=\"noopener\">les transports urbains et interurbains ne seraient pas op\u00e9rationnels<\/a>, ce mercredi en raison des intemp\u00e9ries.<\/p>\n<p class=\" wall-content\">Pour ce qui est de la circulation des<b>\u00a0bus<\/b> de la m\u00e9tropole lilloise, il n\u2019y en a d\u00e9sormais plus aucun qui ne circule sur le r\u00e9seau. \u00ab\u00a0\u00c0 ce stade, aucune heure de reprise n\u2019est en mesure\u00a0d\u2019\u00eatre communiqu\u00e9e\u00a0\u00bb, pr\u00e9cise-t-on du c\u00f4t\u00e9 d\u2019Il\u00e9via.<\/p>\n<p>Les trains circulent, les poids-lourds \u00e0 l\u2019arr\u00eat<\/p>\n<p class=\" wall-content\">Pareil pour les <b>trains<\/b>\u2009: le<b> trafic SNCF<\/b> n\u2019est pas perturb\u00e9, m\u00eame si la soci\u00e9t\u00e9 de transport alerte sur un possible changement de situation en fonction de l\u2019\u00e9volution de l\u2019\u00e9pisode neigeux. Attention en particulier <b>sur les quais<\/b>, o\u00f9 <b>le sol est tr\u00e8s glissant.<\/b><\/p>\n<p class=\" wall-content\">\n<p class=\" wall-content\">Alors que les chutes de neige se poursuivent sur le territoire, la pr\u00e9fecture indique que pour l\u2019heure, il y a de <b>\u00ab\u2009bonnes conditions de circulation pour les v\u00e9hicules l\u00e9gers\u2009\u00bb.<\/b> Concernant les <b>poids-lourds<\/b>, leur<b> circulation est arr\u00eat\u00e9e <\/b>en r\u00e9gion. La pr\u00e9fecture indique que \u00ab\u2009les zones de stockage des poids lourds se remplissent\u2009\u00bb.<\/p>\n<p class=\" wall-content\">Prochain point selon \u00e9volution.<\/p>\n<p class=\" wall-content\">Personnalisez votre actualit\u00e9 en ajoutant vos villes et m\u00e9dias en favori avec <a href=\"https:\/\/moncompte.actu.fr\" title=\"D\u00e9couvez Mon Actu\" rel=\"nofollow noopener\" data-trk=\"{&quot;cta&quot;:{&quot;action&quot;:&quot;https:\\\/\\\/moncompte.actu.fr&quot;,&quot;category&quot;:&quot;mon compte&quot;,&quot;from&quot;:&quot;article footer&quot;,&quot;name&quot;:&quot;Mon actu&quot;,&quot;type&quot;:&quot;cta&quot;}}\" target=\"_blank\">Mon Actu<\/a>.<\/p>\n","protected":false},"excerpt":{"rendered":"Par Amandine Vachez Publi\u00e9 le 7 janv. 2026 \u00e0 8h01 ; mis \u00e0 jour le 7 janv. 2026&hellip;\n","protected":false},"author":2,"featured_media":646695,"comment_status":"","ping_status":"","sticky":false,"template":"","format":"standard","meta":{"footnotes":""},"categories":[2815],"tags":[1111,11,3542,1777,674,1011,27,811,803,1307,10584,12,25,104],"class_list":{"0":"post-646694","1":"post","2":"type-post","3":"status-publish","4":"format-standard","5":"has-post-thumbnail","7":"category-lille","8":"tag-actu","9":"tag-actualites","10":"tag-circulation","11":"tag-eu","12":"tag-europe","13":"tag-fr","14":"tag-france","15":"tag-hauts-de-france","16":"tag-info-trafic","17":"tag-lille","18":"tag-neige","19":"tag-news","20":"tag-republique-francaise","21":"tag-societe"},"share_on_mastodon":{"url":"https:\/\/pubeurope.com\/@fr\/115852951407989645","error":""},"_links":{"self":[{"href":"https:\/\/www.europesays.com\/fr\/wp-json\/wp\/v2\/posts\/646694","targetHints":{"allow":["GET"]}}],"collection":[{"href":"https:\/\/www.europesays.com\/fr\/wp-json\/wp\/v2\/posts"}],"about":[{"href":"https:\/\/www.europesays.com\/fr\/wp-json\/wp\/v2\/types\/post"}],"author":[{"embeddable":true,"href":"https:\/\/www.europesays.com\/fr\/wp-json\/wp\/v2\/users\/2"}],"replies":[{"embeddable":true,"href":"https:\/\/www.europesays.com\/fr\/wp-json\/wp\/v2\/comments?post=646694"}],"version-history":[{"count":0,"href":"https:\/\/www.europesays.com\/fr\/wp-json\/wp\/v2\/posts\/646694\/revisions"}],"wp:featuredmedia":[{"embeddable":true,"href":"https:\/\/www.europesays.com\/fr\/wp-json\/wp\/v2\/media\/646695"}],"wp:attachment":[{"href":"https:\/\/www.europesays.com\/fr\/wp-json\/wp\/v2\/media?parent=646694"}],"wp:term":[{"taxonomy":"category","embeddable":true,"href":"https:\/\/www.europesays.com\/fr\/wp-json\/wp\/v2\/categories?post=646694"},{"taxonomy":"post_tag","embeddable":true,"href":"https:\/\/www.europesays.com\/fr\/wp-json\/wp\/v2\/tags?post=646694"}],"curies":[{"name":"wp","href":"https:\/\/api.w.org\/{rel}","templated":true}]}}