{"id":646696,"date":"2026-01-07T08:48:14","date_gmt":"2026-01-07T08:48:14","guid":{"rendered":"https:\/\/www.europesays.com\/fr\/646696\/"},"modified":"2026-01-07T08:48:14","modified_gmt":"2026-01-07T08:48:14","slug":"viaxoft-renforce-fortement-son-organisation","status":"publish","type":"post","link":"https:\/\/www.europesays.com\/fr\/646696\/","title":{"rendered":"ViaXoft renforce fortement son organisation"},"content":{"rendered":"<p>\t\t\t\t\t\t\t\t\t\tViaXoft renforce fortement son organisation<\/p>\n<p><\/p>\n<p>\t\t\t\t\t\t\t\t\t\t\t\t<a href=\"https:\/\/www.europesays.com\/fr\/wp-content\/uploads\/2026\/01\/Viaxoft-Vincent-Gautier-et-Jean-Robert.jpg\" class=\"lightbox-photo\" title=\"\"><img decoding=\"async\" src=\"https:\/\/www.europesays.com\/fr\/wp-content\/uploads\/2026\/01\/Viaxoft-Vincent-Gautier-et-Jean-Robert.jpg\" alt=\"\" width=\"865\" style=\"width:865px;box-shadow: 0px 0px 10px 1px rgba(0,0,0,1);\"\/><\/a><\/p>\n<p>\t\t\t\t\t\t\t\t\t\t&#13;<br \/>\n\t\t\t\t\t\t\t\t\t\t&#13;<br \/>\n\t\t\t\t\t\t\t\t\t\t\t7 janvier 2026\u00a0\u00a0&#13;<br \/>\n\t\t\t\t\t\t\t\t\t\t\t&#13;<br \/>\n\t\t\t\t\t\t\t\t\t\t\t<a href=\"https:\/\/www.laquotidienne.fr\/author\/preibec\/\" title=\"Articles par R\u00e9daction\" rel=\"author noopener\" target=\"_blank\">R\u00e9daction<\/a>\u00a0\u00a0&#13;<br \/>\n\t\t\t\t\t\t\t\t\t\t\t&#13;<br \/>\n\t\t\t\t\t\t\t\t\t\t\t&#13;<br \/>\n\t\t\t\t\t\t\t\t\t\t\t<a href=\"#comments\" class=\"scrollTo item-meta-i\"><\/a><a href=\"https:\/\/www.laquotidienne.fr\/viaxoft-renforce-fortement-son-organisation\/#respond\" target=\"_blank\" rel=\"noopener\">Aucun commentaire<\/a>\u00a0\u00a0&#13;<br \/>\n\t\t\t\t\t\t\t\t\t\t\t&#13;<br \/>\n\t\t\t\t\t\t\t\t\t\t\t<a href=\"https:\/\/www.laquotidienne.fr\/rubrique\/people\/\" rel=\"category tag noopener\" target=\"_blank\">People<\/a>\u00a0\u00a0&#13;<br \/>\n\t\t\t\t\t\t\t\t\t\t\t&#13;<br \/>\n\t\t\t\t\t\t\t\t\t\t\t\u00a0<a href=\"https:\/\/www.laquotidienne.fr\/tag\/eric-barthelemy\/\" rel=\"tag noopener\" target=\"_blank\">Eric Barth\u00e9l\u00e9my<\/a>, <a href=\"https:\/\/www.laquotidienne.fr\/tag\/france\/\" rel=\"tag noopener\" target=\"_blank\">France<\/a>, <a href=\"https:\/\/www.laquotidienne.fr\/tag\/jean-robert\/\" rel=\"tag noopener\" target=\"_blank\">Jean Robert<\/a>, <a href=\"https:\/\/www.laquotidienne.fr\/tag\/karine-mazet\/\" rel=\"tag noopener\" target=\"_blank\">Karine Mazet<\/a>, <a href=\"https:\/\/www.laquotidienne.fr\/tag\/viaxoft\/\" rel=\"tag noopener\" target=\"_blank\">ViaXoft<\/a>, <a href=\"https:\/\/www.laquotidienne.fr\/tag\/vincent-gautier\/\" rel=\"tag noopener\" target=\"_blank\">Vincent Gautier<\/a>\u00a0\u00a0&#13;<br \/>\n\t\t\t\t\t\t\t\t\t\t\t&#13;<br \/>\n\t\t\t\t\t\t\t\t\t\t\t\t\t\t\t\t\t\t\t\t\t\t\t\u00a01959 vues&#13;<br \/>\n\t\t\t\t\t\t\t\t\t\t\t&#13;<br \/>\n\t\t\t\t\t\t\t\t\t\t\t&#13;<\/p>\n<p><strong>ViaXoft, \u00e9diteur de solutions technologiques pour les agences de voyages et les professionnels du tourisme, annonce deux nominations strat\u00e9giques: Vincent Gautier prend les fonctions de Chief Technology Officer (CTO) et Jean Robert celles de Chief Operating Officer (COO).<\/strong><\/p>\n<p><strong>Des nominations au service de l\u2019ambition de ViaXoft<\/strong><\/p>\n<p><img decoding=\"async\" loading=\"lazy\" class=\"size-full wp-image-165346 alignleft\" src=\"https:\/\/www.europesays.com\/fr\/wp-content\/uploads\/2026\/01\/Viaxolft-Eric-Barthelemey-Karine-Mazet.jpg\" alt=\"\" width=\"640\" height=\"510\"  \/>\u00ab Ces \u00e9volutions strat\u00e9giques s\u2019inscrivent pleinement dans la dynamique de croissance et d\u2019innovation de ViaXoft.<\/p>\n<p>Vincent jouera un r\u00f4le cl\u00e9 dans l\u2019acc\u00e9l\u00e9ration de notre feuille de route technologique et dans le d\u00e9veloppement de solutions toujours plus performantes au service de nos clients.<\/p>\n<p>Jean, quant \u00e0 lui, aura pour mission de piloter et d\u2019optimiser l\u2019ensemble de nos op\u00e9rations afin de soutenir efficacement notre d\u00e9veloppement.<\/p>\n<p>Ces nominations illustrent notre volont\u00e9 de renforcer notre pilotage strat\u00e9gique avec des profils engag\u00e9s, experts dans leurs domaines et porteurs de la vision ambitieuse de ViaXoft \u00bb, d\u00e9clarent Karine Mazet et \u00c9ric Barth\u00e9l\u00e9my, cofondateurs de ViaXoft.<\/p>\n<p>\t\t\t\t\t\t\t\t\t\t\t<br clear=\"all\"\/><\/p>\n<p>\t\t\t\t\t\t\t\t\t\t\t&#13;<br \/>\n\t\t\t\t\t\t\t\t\t\t\t\t\t\t\t\t\t\t\t\t\t\t<a href=\"https:\/\/www.facebook.com\/sharer.php?u=https:\/\/www.laquotidienne.fr\/viaxoft-renforce-fortement-son-organisation\/&amp;t=ViaXoft renforce fortement son organisation\" target=\"_blank\" class=\"item\" title=\"Partagez sur Facebook\" rel=\"noopener\"><img decoding=\"async\" src=\"https:\/\/www.europesays.com\/fr\/wp-content\/uploads\/2025\/04\/fb.jpg\" style=\"box-shadow:0px 0px 10px black;\"\/><\/a><br \/>&#13;<br \/>\n\t\t\t\t\t\t\t\t\t\t\t<a href=\"https:\/\/www.facebook.com\/sharer.php?u=https:\/\/www.laquotidienne.fr\/viaxoft-renforce-fortement-son-organisation\/&amp;t=ViaXoft renforce fortement son organisation\" target=\"_blank\" class=\"item\" title=\"Partagez sur Facebook\" rel=\"noopener\"><img decoding=\"async\" src=\"https:\/\/www.europesays.com\/fr\/wp-content\/uploads\/2026\/01\/Viaxoft-Vincent-Gautier-et-Jean-Robert-resizedFile55.jpg\" style=\"width:300px;\"\/><\/a>&#13;<\/p>\n<p>&#13;\n\t\t\t\t\t\t\t\t\t\t<\/p>\n","protected":false},"excerpt":{"rendered":"ViaXoft renforce fortement son organisation &#13; &#13; 7 janvier 2026\u00a0\u00a0&#13; &#13; R\u00e9daction\u00a0\u00a0&#13; &#13; &#13; Aucun commentaire\u00a0\u00a0&#13; &#13; People\u00a0\u00a0&#13;&hellip;\n","protected":false},"author":2,"featured_media":646697,"comment_status":"","ping_status":"","sticky":false,"template":"","format":"standard","meta":{"footnotes":""},"categories":[2814],"tags":[1111,11,1777,674,1011,27,1031,4052,884,12,4048,4050,882,1404,4049,25,4053,4051,602],"class_list":{"0":"post-646696","1":"post","2":"type-post","3":"status-publish","4":"format-standard","5":"has-post-thumbnail","7":"category-marseille","8":"tag-actu","9":"tag-actualites","10":"tag-eu","11":"tag-europe","12":"tag-fr","13":"tag-france","14":"tag-magazine","15":"tag-magazine-touristique","16":"tag-marseille","17":"tag-news","18":"tag-presse","19":"tag-presse-professionnelle","20":"tag-provence-alpes-cote-dazur","21":"tag-quotidien","22":"tag-quotidienne","23":"tag-republique-francaise","24":"tag-revue","25":"tag-revue-tourisme","26":"tag-tourisme"},"share_on_mastodon":{"url":"https:\/\/pubeurope.com\/@fr\/115852955327259206","error":""},"_links":{"self":[{"href":"https:\/\/www.europesays.com\/fr\/wp-json\/wp\/v2\/posts\/646696","targetHints":{"allow":["GET"]}}],"collection":[{"href":"https:\/\/www.europesays.com\/fr\/wp-json\/wp\/v2\/posts"}],"about":[{"href":"https:\/\/www.europesays.com\/fr\/wp-json\/wp\/v2\/types\/post"}],"author":[{"embeddable":true,"href":"https:\/\/www.europesays.com\/fr\/wp-json\/wp\/v2\/users\/2"}],"replies":[{"embeddable":true,"href":"https:\/\/www.europesays.com\/fr\/wp-json\/wp\/v2\/comments?post=646696"}],"version-history":[{"count":0,"href":"https:\/\/www.europesays.com\/fr\/wp-json\/wp\/v2\/posts\/646696\/revisions"}],"wp:featuredmedia":[{"embeddable":true,"href":"https:\/\/www.europesays.com\/fr\/wp-json\/wp\/v2\/media\/646697"}],"wp:attachment":[{"href":"https:\/\/www.europesays.com\/fr\/wp-json\/wp\/v2\/media?parent=646696"}],"wp:term":[{"taxonomy":"category","embeddable":true,"href":"https:\/\/www.europesays.com\/fr\/wp-json\/wp\/v2\/categories?post=646696"},{"taxonomy":"post_tag","embeddable":true,"href":"https:\/\/www.europesays.com\/fr\/wp-json\/wp\/v2\/tags?post=646696"}],"curies":[{"name":"wp","href":"https:\/\/api.w.org\/{rel}","templated":true}]}}