{"id":64670,"date":"2025-04-30T15:25:08","date_gmt":"2025-04-30T15:25:08","guid":{"rendered":"https:\/\/www.europesays.com\/fr\/64670\/"},"modified":"2025-04-30T15:25:08","modified_gmt":"2025-04-30T15:25:08","slug":"paris-va-reunir-les-ministres-europeens","status":"publish","type":"post","link":"https:\/\/www.europesays.com\/fr\/64670\/","title":{"rendered":"Paris va r\u00e9unir les ministres europ\u00e9ens"},"content":{"rendered":"<p class=\"fig-paragraph\">La ministre des Comptes publics, Am\u00e9lie de Montchalin a annonc\u00e9 mercredi que la France r\u00e9unirait, \u00abdans les prochaines semaines\u00bb, les ministres des autres pays de l&rsquo;Union europ\u00e9enne sur le financement du\u00a0<a href=\"http:\/\/www.lefigaro.fr\/flash-eco\/petits-colis-le-gouvernement-ne-prend-pas-la-mesure-de-la-situation-estime-la-cpme-20250429\" data-fig-type=\"NewsFlash\" data-gtm-custom-categorie=\"navigation\" data-gtm-custom-action=\"crossclick\" data-gtm-custom-label=\"Contextuel\" data-gtm-event=\"customEventSPE\" data-fig-domain=\"LEFIGARO\" target=\"_blank\" rel=\"noopener\">contr\u00f4le des petits coli<\/a>s entrant en Europe en provenance d&rsquo;Asie. La France a propos\u00e9 mardi de faire payer \u00abdes frais de gestion\u00bb sur chaque petit colis entrant en Europe, d\u00e8s 2026, pour financer les contr\u00f4les appel\u00e9s \u00e0 se renforcer devant l&rsquo;afflux de colis de faible valeur envoy\u00e9s notamment depuis la Chine, via des plateformes telles que Shein ou Temu. Cet afflux est craint en raison de la hausse des droits de douane voulue par les \u00c9tats-Unis notamment sur les petits colis de Chine.<\/p>\n<p class=\"fig-paragraph\">\u00abNotre projet est le suivant: faire en sorte que nous prot\u00e9gions les Fran\u00e7ais et que les contr\u00f4les aient lieu\u00bb, a d\u00e9clar\u00e9 Am\u00e9lie de Montchalin lors des questions au gouvernement \u00e0 l&rsquo;Assembl\u00e9e nationale, disant vouloir \u00abfinancer des contr\u00f4les beaucoup plus massifs, m\u00eame avant la mise en place des mesures de l&rsquo;Union douani\u00e8re que nous d\u00e9fendons\u00bb. Am\u00e9lie de Montchalin a pr\u00e9cis\u00e9 que cela se ferait \u00aben Europ\u00e9ens, le plus rapidement possible, en faisant payer aux plateformes les contr\u00f4les qu&rsquo;elles devraient faire elles-m\u00eames\u00bb afin de ne pas les \u00abfaire payer (&#8230;) aux honn\u00eates contribuables fran\u00e7ais\u00bb.<\/p>\n<p class=\"fig-paragraph\">Elle a ajout\u00e9 que son homologue n\u00e9erlandais est \u00abtr\u00e8s motiv\u00e9\u00bb pour porter le projet avec elle, tandis que \u00ables Allemands en ont fait une priorit\u00e9 de leur contrat de coalition\u00bb. Ainsi, \u00abla France, dans les prochaines semaines, r\u00e9unira tous les ministres en charge de cette question au niveau europ\u00e9en pour que nous nous coordonnions, que nous agissions, que nous prot\u00e9gions notre \u00e9conomie, mais que surtout nous prot\u00e9gions les consommateurs qui parfois ne se rendent pas compte que derri\u00e8re des prix d\u00e9fiant toute concurrence, ils se mettent eux-m\u00eames en danger\u00bb avec des biens enfreignant souvent, selon elle, des normes europ\u00e9ennes.<\/p>\n<p>Une r\u00e9union informelle<\/p>\n<p class=\"fig-paragraph\">Interrog\u00e9, le minist\u00e8re des Comptes publics a indiqu\u00e9 qu&rsquo;il s&rsquo;agirait d&rsquo;une r\u00e9union informelle des ministres europ\u00e9ens charg\u00e9s des douanes, mais dont les modalit\u00e9s n&rsquo;ont pas encore \u00e9t\u00e9 fix\u00e9es. Par ailleurs, le ministre de l\u2019\u00c9conomie \u00c9ric Lombard a \u00e9voqu\u00e9 mercredi, devant la commission des Affaires \u00e9conomiques de l\u2019Assembl\u00e9e nationale, une r\u00e9union avec ses \u00abhomologues chinois et des entrepreneurs chinois (&#8230;) dans les semaines qui viennent\u00bb. Son minist\u00e8re a pr\u00e9cis\u00e9 qu\u2019elle se tiendrait le 15 mai \u00e0 Paris dans le cadre du Dialogue \u00e9conomique franco-chinois. Les \u00abfrais de gestion\u00bb propos\u00e9s par la France se distinguent des droits de douane qui s&rsquo;appliquent proportionnellement \u00e0 la valeur de la marchandise import\u00e9e.<\/p>\n","protected":false},"excerpt":{"rendered":"La ministre des Comptes publics, Am\u00e9lie de Montchalin a annonc\u00e9 mercredi que la France r\u00e9unirait, \u00abdans les prochaines&hellip;\n","protected":false},"author":2,"featured_media":64671,"comment_status":"","ping_status":"","sticky":false,"template":"","format":"standard","meta":{"footnotes":""},"categories":[1888],"tags":[1111,1928,47,11,1927,13850,1117,1109,1112,636,341,257,73,1777,674,632,1108,107,1106,1107,1119,1011,27,1116,1110,1114,500,3784,12,1926,1113,626,1925,1118,25,137,401,1115],"class_list":{"0":"post-64670","1":"post","2":"type-post","3":"status-publish","4":"format-standard","5":"has-post-thumbnail","7":"category-paris","8":"tag-actu","9":"tag-actu-paris","10":"tag-actualite","11":"tag-actualites","12":"tag-actualites-paris","13":"tag-amelie-de-montchalin","14":"tag-assurance","15":"tag-breves","16":"tag-depeches","17":"tag-devises","18":"tag-emploi","19":"tag-entreprise","20":"tag-etats-unis","21":"tag-eu","22":"tag-europe","23":"tag-fcp","24":"tag-fil","25":"tag-fil-info","26":"tag-flash","27":"tag-flash-actu","28":"tag-formation","29":"tag-fr","30":"tag-france","31":"tag-immobilier","32":"tag-informations","33":"tag-infos","34":"tag-medias","35":"tag-ministre","36":"tag-news","37":"tag-news-paris","38":"tag-nouvelles","39":"tag-paris","40":"tag-paris-news","41":"tag-placement","42":"tag-republique-francaise","43":"tag-retraite","44":"tag-sicav","45":"tag-taux"},"share_on_mastodon":{"url":"https:\/\/pubeurope.com\/@fr\/114427613905706500","error":""},"_links":{"self":[{"href":"https:\/\/www.europesays.com\/fr\/wp-json\/wp\/v2\/posts\/64670","targetHints":{"allow":["GET"]}}],"collection":[{"href":"https:\/\/www.europesays.com\/fr\/wp-json\/wp\/v2\/posts"}],"about":[{"href":"https:\/\/www.europesays.com\/fr\/wp-json\/wp\/v2\/types\/post"}],"author":[{"embeddable":true,"href":"https:\/\/www.europesays.com\/fr\/wp-json\/wp\/v2\/users\/2"}],"replies":[{"embeddable":true,"href":"https:\/\/www.europesays.com\/fr\/wp-json\/wp\/v2\/comments?post=64670"}],"version-history":[{"count":0,"href":"https:\/\/www.europesays.com\/fr\/wp-json\/wp\/v2\/posts\/64670\/revisions"}],"wp:featuredmedia":[{"embeddable":true,"href":"https:\/\/www.europesays.com\/fr\/wp-json\/wp\/v2\/media\/64671"}],"wp:attachment":[{"href":"https:\/\/www.europesays.com\/fr\/wp-json\/wp\/v2\/media?parent=64670"}],"wp:term":[{"taxonomy":"category","embeddable":true,"href":"https:\/\/www.europesays.com\/fr\/wp-json\/wp\/v2\/categories?post=64670"},{"taxonomy":"post_tag","embeddable":true,"href":"https:\/\/www.europesays.com\/fr\/wp-json\/wp\/v2\/tags?post=64670"}],"curies":[{"name":"wp","href":"https:\/\/api.w.org\/{rel}","templated":true}]}}