{"id":646700,"date":"2026-01-07T08:50:25","date_gmt":"2026-01-07T08:50:25","guid":{"rendered":"https:\/\/www.europesays.com\/fr\/646700\/"},"modified":"2026-01-07T08:50:25","modified_gmt":"2026-01-07T08:50:25","slug":"la-sacvl-devient-societe-a-mission-et-inscrit-ses-engagements-dans-ses-statuts","status":"publish","type":"post","link":"https:\/\/www.europesays.com\/fr\/646700\/","title":{"rendered":"la SACVL devient soci\u00e9t\u00e9 \u00e0 mission et inscrit ses engagements dans ses statuts"},"content":{"rendered":"<p itemprop=\"description\"><strong>Transformer un tel organisme \u00e0 quelques mois des \u00e9lections, c&rsquo;est os\u00e9.<\/strong><\/p>\n<p>Acteur historique du logement \u00e0 Lyon, la SACVL franchit une nouvelle \u00e9tape et annonce \u00eatre devenue soci\u00e9t\u00e9 \u00e0 mission en 2025, apr\u00e8s dix ann\u00e9es d\u2019engagement dans une d\u00e9marche de responsabilit\u00e9 soci\u00e9tale des entreprises (RSE).<\/p>\n<p>Pr\u00e9sente sur le territoire lyonnais depuis plus de soixante-dix ans, la SACVL entend, \u00e0 travers ce changement de statut, r\u00e9affirmer son identit\u00e9, son mode de gouvernance et le sens de son action. Le passage en soci\u00e9t\u00e9 \u00e0 mission implique en effet l\u2019inscription, dans les statuts de l\u2019entreprise, d\u2019une raison d\u2019\u00eatre officielle et d\u2019objectifs suivis dans le temps, sous le contr\u00f4le d\u2019un comit\u00e9 de mission ind\u00e9pendant, charg\u00e9 d\u2019apporter un regard ext\u00e9rieur.<\/p>\n<p>La raison d\u2019\u00eatre adopt\u00e9e par la SACVL est d\u00e9sormais clairement d\u00e9finie : \u00ab\u00a0Construire une ville \u00e9quilibr\u00e9e en partenariat avec la collectivit\u00e9 pour r\u00e9pondre aux besoins de tous les acteurs lyonnais, dans le respect des enjeux environnementaux et soci\u00e9taux de demain\u00a0\u00bb. Une formulation qui ancre explicitement l\u2019activit\u00e9 du bailleur pr\u00e9sid\u00e9 par <a href=\"https:\/\/www.lyonmag.com\/profil-personnalite-lyonnaise\/579\/raphael-michaud\" target=\"_blank\" rel=\"noopener\">Rapha\u00ebl Michaud<\/a> dans les politiques publiques locales et les grands enjeux de transition promus par les \u00e9cologistes.<\/p>\n<p>Cette nouvelle orientation se d\u00e9cline autour de trois axes structurants. Le premier concerne l\u2019inclusion sociale, avec l\u2019objectif de garantir l\u2019acc\u00e8s au logement pour tous, de favoriser la mixit\u00e9 des parcours de vie et de lutter contre les fractures territoriales.<\/p>\n<p>Le deuxi\u00e8me porte sur la transition \u00e9cologique, \u00e0 travers la r\u00e9duction de l\u2019empreinte carbone du parc immobilier, la r\u00e9novation \u00e9nerg\u00e9tique et la conception de projets urbains plus respectueux de l\u2019environnement.<\/p>\n<p>Et le troisi\u00e8me vise la cr\u00e9ation de valeur pour le territoire, en soutenant l\u2019\u00e9conomie sociale et solidaire locale et en contribuant \u00e0 une meilleure qualit\u00e9 de vie.<\/p>\n","protected":false},"excerpt":{"rendered":"Transformer un tel organisme \u00e0 quelques mois des \u00e9lections, c&rsquo;est os\u00e9. Acteur historique du logement \u00e0 Lyon, la&hellip;\n","protected":false},"author":2,"featured_media":646701,"comment_status":"","ping_status":"","sticky":false,"template":"","format":"standard","meta":{"footnotes":""},"categories":[1889],"tags":[1111,11,2813,2190,2430,1109,251,1112,2811,1777,674,118,1011,27,1922,1110,1114,2428,2810,12,241,316,25,2812,517,800],"class_list":{"0":"post-646700","1":"post","2":"type-post","3":"status-publish","4":"format-standard","5":"has-post-thumbnail","7":"category-lyon","8":"tag-actu","9":"tag-actualites","10":"tag-article","11":"tag-asvel","12":"tag-auvergne-rhone-alpes","13":"tag-breves","14":"tag-culture","15":"tag-depeches","16":"tag-economique","17":"tag-eu","18":"tag-europe","19":"tag-faits-divers","20":"tag-fr","21":"tag-france","22":"tag-info","23":"tag-informations","24":"tag-infos","25":"tag-lyon","26":"tag-lyonmag","27":"tag-news","28":"tag-ol","29":"tag-politique","30":"tag-republique-francaise","31":"tag-sociale","32":"tag-sport","33":"tag-transports"},"share_on_mastodon":{"url":"https:\/\/pubeurope.com\/@fr\/115852963010417465","error":""},"_links":{"self":[{"href":"https:\/\/www.europesays.com\/fr\/wp-json\/wp\/v2\/posts\/646700","targetHints":{"allow":["GET"]}}],"collection":[{"href":"https:\/\/www.europesays.com\/fr\/wp-json\/wp\/v2\/posts"}],"about":[{"href":"https:\/\/www.europesays.com\/fr\/wp-json\/wp\/v2\/types\/post"}],"author":[{"embeddable":true,"href":"https:\/\/www.europesays.com\/fr\/wp-json\/wp\/v2\/users\/2"}],"replies":[{"embeddable":true,"href":"https:\/\/www.europesays.com\/fr\/wp-json\/wp\/v2\/comments?post=646700"}],"version-history":[{"count":0,"href":"https:\/\/www.europesays.com\/fr\/wp-json\/wp\/v2\/posts\/646700\/revisions"}],"wp:featuredmedia":[{"embeddable":true,"href":"https:\/\/www.europesays.com\/fr\/wp-json\/wp\/v2\/media\/646701"}],"wp:attachment":[{"href":"https:\/\/www.europesays.com\/fr\/wp-json\/wp\/v2\/media?parent=646700"}],"wp:term":[{"taxonomy":"category","embeddable":true,"href":"https:\/\/www.europesays.com\/fr\/wp-json\/wp\/v2\/categories?post=646700"},{"taxonomy":"post_tag","embeddable":true,"href":"https:\/\/www.europesays.com\/fr\/wp-json\/wp\/v2\/tags?post=646700"}],"curies":[{"name":"wp","href":"https:\/\/api.w.org\/{rel}","templated":true}]}}