{"id":646709,"date":"2026-01-07T08:56:08","date_gmt":"2026-01-07T08:56:08","guid":{"rendered":"https:\/\/www.europesays.com\/fr\/646709\/"},"modified":"2026-01-07T08:56:08","modified_gmt":"2026-01-07T08:56:08","slug":"frequence-amelioree-et-horaires-elargis-pour-cette-ligne-de-bus-entre-paris-et-le-coeur-de-lessonne","status":"publish","type":"post","link":"https:\/\/www.europesays.com\/fr\/646709\/","title":{"rendered":"Fr\u00e9quence am\u00e9lior\u00e9e et horaires \u00e9largis pour cette ligne de bus entre Paris et le c\u0153ur de l&rsquo;Essonne"},"content":{"rendered":"<p>                    Par<br \/>\n        <strong><br \/>\n            <a href=\"https:\/\/actu.fr\/auteur\/redaction-essonne\" title=\"Consulter tous les articles de R\u00e9daction Essonne\" target=\"_blank\" rel=\"noopener\">R\u00e9daction Essonne<\/a><br \/>\n                    <\/strong><\/p>\n<p>        Publi\u00e9 le<\/p>\n<p>            7 janv. 2026 \u00e0 7h48        <\/p>\n<p>L\u2019ann\u00e9e commence bien pour les usagers de la<strong> ligne 9115 <\/strong>(anciennement DM151). Depuis le lundi 5\u00a0janvier 2026, les <strong>bus<\/strong> qui <strong>relient<\/strong> <strong>Arpajon<\/strong> (<a href=\"https:\/\/actu.fr\/essonne\/\" target=\"_blank\" rel=\"noopener\">Essonne<\/a>) \u00e0 la<strong> porte d\u2019Orl\u00e9ans \u00e0 Paris<\/strong> circulent avec <strong>plus de fr\u00e9quence<\/strong> et sur des<strong> horaires \u00e9largis<\/strong> afin d\u2019am\u00e9liorer la desserte en soir\u00e9e et le week-end.<\/p>\n<p>Un dernier d\u00e9part \u00e0 22\u2009h\u200930<\/p>\n<p class=\" wall-content\">D\u00e9sormais, les bus circulent <strong>jusqu\u2019\u00e0 22\u2009h\u200930<\/strong> au d\u00e9part de Paris, en semaine comme le week-end, contre 22\u2009h auparavant.<\/p>\n<p class=\" wall-content\">Un ajustement qui permettra de prolonger de quelques minutes sa soir\u00e9e dans la capitale avant de rentrer en Essonne o\u00f9 la ligne<strong> dessert huit communes\u2009: <\/strong>Chilly-Mazarin, Longjumeau, Ballainvilliers, La Ville-du-Bois, Montlh\u00e9ry, Linas, Saint-Germain-l\u00e8s-Arpajon et donc Arpajon.<\/p>\n<p class=\" wall-content\">Pour celles et ceux qui souhaiteraient rentrer plus tard, il y a toujours la possibilit\u00e9 d\u2019emprunter le<strong> Noctilien N123<\/strong> \u00e0 partir de 23\u2009h\u200930.<\/p>\n<p>Un bus toutes les 20\u00a0minutes le soir en semaine<\/p>\n<p class=\" wall-content\">L\u2019autre \u00e9volution de ce d\u00e9but d\u2019ann\u00e9e sur la ligne est l\u2019augmentation des fr\u00e9quences de passage. Ainsi, le soir en semaine, un bus passe <strong>toutes les 20\u00a0minutes<\/strong> de 19\u2009h\u200930 \u00e0 22\u2009h\u200930 depuis la porte d\u2019Orl\u00e9ans.<\/p>\n<p class=\" wall-content\">Le <strong>samedi<\/strong>, dans les deux sens de circulation, l\u2019intervalle entre deux bus est \u00e0 pr\u00e9sent de 20\u00a0minutes de 10\u2009h \u00e0 20\u2009h et de 30\u00a0minutes de 20\u2009h \u00e0 22\u2009h\u200930. Enfin le dimanche, les usagers b\u00e9n\u00e9ficient d\u2019un bus toutes les 30\u00a0minutes de 7\u2009h\u200930 \u00e0 22\u2009h\u200930.<\/p>\n<p>Votre r\u00e9gion, votre actu !<\/p>\n<p>Recevez chaque jour les infos qui comptent pour vous.<\/p>\n<p>\t<a href=\"https:\/\/actu.fr\/newsletter\" class=\"ac-btn ac-btn--corner ac-btn--medium ac-btn--blue800\" target=\"_blank\" rel=\"noopener\">S&rsquo;incrire<\/a><\/p>\n<p class=\" wall-content\">Selon <a href=\"https:\/\/actu.fr\/tag\/ile-de-france-mobilites\" target=\"_blank\" rel=\"noopener\">\u00cele-de-France Mobilit\u00e9s<\/a>, ces am\u00e9liorations sur la ligne 9115 visent \u00e0 \u00ab\u2009mieux r\u00e9pondre aux <strong>besoins croissants de mobilit\u00e9<\/strong> des voyageurs\u2009\u00bb avec un service \u00ab\u2009plus fluide et confortable\u2009\u00bb.<\/p>\n<p class=\" wall-content\">L\u2019autorit\u00e9 organisatrice des <a href=\"https:\/\/actu.fr\/tag\/transport\" target=\"_blank\" rel=\"noopener\">transports<\/a> en \u00cele-de-France pr\u00e9cise que ce renfort de l\u2019offre s\u2019accompagne \u00e9galement d\u2019un \u00ab<strong>\u2009ajustement des temps de parcours<\/strong> pour permettre une meilleure ponctualit\u00e9 et le respect des horaires\u2009\u00bb.<\/p>\n<p>Pour retrouver les nouveaux horaires de la ligne 9115, il suffit de cliquer sur<a href=\"https:\/\/portail-idfm-operateurs.cdn.prismic.io\/portail-idfm-operateurs\/aUVemXNYClf9og0p_9115ficheinternet.pdf\" target=\"_blank\" rel=\"noopener\"> ce lien.<\/a><\/p>\n<p class=\" wall-content\">Personnalisez votre actualit\u00e9 en ajoutant vos villes et m\u00e9dias en favori avec <a href=\"https:\/\/moncompte.actu.fr\" title=\"D\u00e9couvez Mon Actu\" rel=\"nofollow noopener\" data-trk=\"{&quot;cta&quot;:{&quot;action&quot;:&quot;https:\\\/\\\/moncompte.actu.fr&quot;,&quot;category&quot;:&quot;mon compte&quot;,&quot;from&quot;:&quot;article footer&quot;,&quot;name&quot;:&quot;Mon actu&quot;,&quot;type&quot;:&quot;cta&quot;}}\" target=\"_blank\">Mon Actu<\/a>.<\/p>\n","protected":false},"excerpt":{"rendered":"Par R\u00e9daction Essonne Publi\u00e9 le 7 janv. 2026 \u00e0 7h48 L\u2019ann\u00e9e commence bien pour les usagers de la&hellip;\n","protected":false},"author":2,"featured_media":646710,"comment_status":"","ping_status":"","sticky":false,"template":"","format":"standard","meta":{"footnotes":""},"categories":[1888],"tags":[11,1777,674,1011,27,10883,12,626,25,104,2803],"class_list":{"0":"post-646709","1":"post","2":"type-post","3":"status-publish","4":"format-standard","5":"has-post-thumbnail","7":"category-paris","8":"tag-actualites","9":"tag-eu","10":"tag-europe","11":"tag-fr","12":"tag-france","13":"tag-ile-de-france-mobilites","14":"tag-news","15":"tag-paris","16":"tag-republique-francaise","17":"tag-societe","18":"tag-transport"},"share_on_mastodon":{"url":"https:\/\/pubeurope.com\/@fr\/115852986731307698","error":""},"_links":{"self":[{"href":"https:\/\/www.europesays.com\/fr\/wp-json\/wp\/v2\/posts\/646709","targetHints":{"allow":["GET"]}}],"collection":[{"href":"https:\/\/www.europesays.com\/fr\/wp-json\/wp\/v2\/posts"}],"about":[{"href":"https:\/\/www.europesays.com\/fr\/wp-json\/wp\/v2\/types\/post"}],"author":[{"embeddable":true,"href":"https:\/\/www.europesays.com\/fr\/wp-json\/wp\/v2\/users\/2"}],"replies":[{"embeddable":true,"href":"https:\/\/www.europesays.com\/fr\/wp-json\/wp\/v2\/comments?post=646709"}],"version-history":[{"count":0,"href":"https:\/\/www.europesays.com\/fr\/wp-json\/wp\/v2\/posts\/646709\/revisions"}],"wp:featuredmedia":[{"embeddable":true,"href":"https:\/\/www.europesays.com\/fr\/wp-json\/wp\/v2\/media\/646710"}],"wp:attachment":[{"href":"https:\/\/www.europesays.com\/fr\/wp-json\/wp\/v2\/media?parent=646709"}],"wp:term":[{"taxonomy":"category","embeddable":true,"href":"https:\/\/www.europesays.com\/fr\/wp-json\/wp\/v2\/categories?post=646709"},{"taxonomy":"post_tag","embeddable":true,"href":"https:\/\/www.europesays.com\/fr\/wp-json\/wp\/v2\/tags?post=646709"}],"curies":[{"name":"wp","href":"https:\/\/api.w.org\/{rel}","templated":true}]}}