{"id":646715,"date":"2026-01-07T08:59:12","date_gmt":"2026-01-07T08:59:12","guid":{"rendered":"https:\/\/www.europesays.com\/fr\/646715\/"},"modified":"2026-01-07T08:59:12","modified_gmt":"2026-01-07T08:59:12","slug":"macron-annonce-que-plusieurs-milliers-de-soldats-francais-pourraient-etre-deployes-en-ukraine-apres-un-cessez-le-feu","status":"publish","type":"post","link":"https:\/\/www.europesays.com\/fr\/646715\/","title":{"rendered":"Macron annonce que \u00ab\u00a0plusieurs milliers\u00a0\u00bb de soldats fran\u00e7ais pourraient \u00eatre d\u00e9ploy\u00e9s en Ukraine apr\u00e8s un cessez-le-feu"},"content":{"rendered":"<p class=\"upper-letter\">La France entend jouer un r\u00f4le dans l\u2019apr\u00e8s-guerre en Ukraine. S\u2019exprimant mardi soir sur <a href=\"https:\/\/www.franceinfo.fr\/monde\/europe\/manifestations-en-ukraine\/emmanuel-macron-affirme-sur-france-2-que-plusieurs-milliers-de-soldats-francais-pourraient-etre-deployes-pour-maintenir-la-paix-en-ukraine-apres-un-cessez-le-feu_7724527.html\" target=\"_blank\" rel=\"noopener\">France 2<\/a>, Emmanuel Macron a en effet annonc\u00e9 que \u00ab\u00a0plusieurs milliers\u00a0\u00bb de soldats fran\u00e7ais pourraient \u00eatre d\u00e9ploy\u00e9s dans le pays pour y maintenir la paix, dans l\u2019hypoth\u00e8se de la signature d\u2019un cessez-le-feu entre Kiev et Moscou. Ce potentiel envoi de soldats fran\u00e7ais se ferait \u00ab\u00a0dans le cadre de nos op\u00e9rations ext\u00e9rieures\u00a0\u00bb, le jour \u00ab\u00a0d\u2019apr\u00e8s la paix\u00a0\u00bb en Ukraine, a ajout\u00e9 le pr\u00e9sident fran\u00e7ais lors d\u2019un entretien accord\u00e9 en marge d\u2019un <a href=\"https:\/\/www.challenges.fr\/monde\/ukraine-les-garanties-de-securite-a-fournir-a-kiev-au-coeur-dun-sommet-reunissant-europeens-et-americains-a-paris_635673\" target=\"_blank\" rel=\"noopener\">sommet des alli\u00e9s de Kiev \u00e0 Paris<\/a>. \u00ab\u00a0Ce ne sont pas des forces qu\u2019on engage au combat\u00a0\u00bb, mais \u00ab\u00a0une force de r\u00e9assurance\u00a0\u00bb, a-t-il pr\u00e9cis\u00e9.<\/p>\n<p>Ces soldats fran\u00e7ais seraient envoy\u00e9s en Ukraine dans le cadre du d\u00e9ploiement de la force multinationale de la Coalition des volontaires. Dans une \u00ab\u00a0D\u00e9claration de Paris\u00a0\u00bb, les 35 pays membres de cette coalition, essentiellement europ\u00e9ens, se sont en effet accord\u00e9s mardi pour d\u00e9ployer une telle force en Ukraine et participer \u00e0 une surveillance d\u2019un potentiel cessez-le-feu sous \u00ab\u00a0leadership\u00a0\u00bb am\u00e9ricain, une fois un accord de paix, toujours tr\u00e8s hypoth\u00e9tique, trouv\u00e9 avec la Russie.<\/p>\n<p><a href=\"https:\/\/www.challenges.fr\/monde\/dans-la-nouvelle-version-du-plan-de-paix-americain-lukraine-ne-renonce-ni-a-lotan-ni-au-donbass_634940\" rel=\"noopener noreferrer\" class=\"cursor-pointer decoration-inherit\" stop=\"false\" data-v-a5631e0e=\"\" target=\"_blank\"><\/p>\n<p>Dans la nouvelle version du plan de paix am\u00e9ricain, l\u2019Ukraine ne renonce ni \u00e0 l\u2019Otan ni au Donbass<\/p>\n<p><\/a><a href=\"https:\/\/www.challenges.fr\/monde\/dans-la-nouvelle-version-du-plan-de-paix-americain-lukraine-ne-renonce-ni-a-lotan-ni-au-donbass_634940\" rel=\"noopener noreferrer\" class=\"cursor-pointer decoration-inherit\" stop=\"false\" data-v-a5631e0e=\"\" target=\"_blank\"><\/a><\/p>\n<p>Cette d\u00e9claration \u00ab\u00a0reconna\u00eet pour la premi\u00e8re fois\u00a0\u00bb une \u00ab\u00a0convergence op\u00e9rationnelle\u00a0\u00bb entre la Coalition, l\u2019Ukraine et les Etats-Unis, avec des garanties de s\u00e9curit\u00e9 \u00ab\u00a0robustes\u00a0\u00bb pour \u00e9viter une \u00ab\u00a0reddition ukrainienne\u00a0\u00bb et une \u00ab\u00a0menace nouvelle\u00a0\u00bb pour le pays, a salu\u00e9 le locataire de l\u2019Elys\u00e9e.<\/p>\n<p>S\u2019ils ont affich\u00e9 leur volont\u00e9 d\u2019\u00eatre en \u00ab\u00a0soutien\u00a0\u00bb, les Etats-Unis ne sont pas signataires de la d\u00e9claration et les contours de leur engagement militaire demeurent flous. Le pr\u00e9sident Donald Trump \u00ab\u00a0soutient fortement ces protocoles de s\u00e9curit\u00e9\u00a0\u00bb, qui visent \u00e0 \u00ab\u00a0dissuader toute attaque\u00a0\u00bb future en Ukraine, a en tout cas affirm\u00e9 l\u2019envoy\u00e9 sp\u00e9cial Steve Witkoff. Ce dernier et Volodymyr Zelensky ont annonc\u00e9 rester \u00e0 Paris pour poursuivre leurs discussions mercredi.<\/p>\n<p>La force multinationale, \u00e0 l\u2019\u00e9tude depuis des mois, sera form\u00e9e par les pays volontaires de la Coalition, men\u00e9e par les Europ\u00e9ens et \u00ab\u00a0soutenue\u00a0\u00bb par les Etats-Unis, selon la d\u00e9claration finale publi\u00e9e par la pr\u00e9sidence fran\u00e7aise. La contribution des Etats-Unis en mati\u00e8re \u00ab\u00a0de renseignement et de logistique\u00a0\u00bb et surtout leur engagement \u00e0 apporter un \u00ab\u00a0soutien\u00a0\u00bb \u00e0 la force en \u00ab\u00a0cas d\u2019attaque\u00a0\u00bb, qui figuraient dans le projet de d\u00e9claration consult\u00e9 par l\u2019AFP, ne sont pas mentionn\u00e9s dans le texte final.<\/p>\n<p>\u00ab\u00a0Il est important que la coalition dispose aujourd\u2019hui de documents substantiels, et pas seulement de paroles\u00a0\u00bb, s\u2019est n\u00e9anmoins f\u00e9licit\u00e9 le pr\u00e9sident ukrainien Volodymyr Zelensky, m\u00eame si plusieurs questions \u00ab\u00a0restent ouvertes\u00a0\u00bb selon lui, comme celle, ultrasensible, des concessions territoriales exig\u00e9es par Moscou.<\/p>\n<p>La balle est d\u00e9sormais dans le camp de la Russie, ont insist\u00e9 les Europ\u00e9ens. Tout cela \u00ab\u00a0requiert de toute \u00e9vidence de la bonne volont\u00e9 du c\u00f4t\u00e9 de l\u2019agresseur russe \u00e9galement\u00a0\u00bb, avait soulign\u00e9, un peu plus t\u00f4t mardi, le Premier ministre polonais Donald Tusk, alors que le Kremlin s\u2019est syst\u00e9matiquement oppos\u00e9 \u00e0 tout d\u00e9ploiement militaire occidental en Ukraine.<\/p>\n<p><a href=\"https:\/\/www.challenges.fr\/monde\/guerre-en-ukraine-lineluctable-jugement-dernier-de-vladimir-poutine_635004\" rel=\"noopener noreferrer\" class=\"cursor-pointer decoration-inherit\" stop=\"false\" data-v-a5631e0e=\"\" target=\"_blank\"><\/p>\n<p>Guerre en Ukraine\u00a0: l\u2019in\u00e9luctable jugement dernier de Vladimir Poutine<\/p>\n<p><\/a><a href=\"https:\/\/www.challenges.fr\/monde\/guerre-en-ukraine-lineluctable-jugement-dernier-de-vladimir-poutine_635004\" rel=\"noopener noreferrer\" class=\"cursor-pointer decoration-inherit\" stop=\"false\" data-v-a5631e0e=\"\" target=\"_blank\"><\/a><\/p>\n<p>Moscou continue aussi de marteler ses exigences sur la totalit\u00e9 de la r\u00e9gion mini\u00e8re et industrielle du Donbass, dans l\u2019est de l\u2019Ukraine, y compris les territoires encore contr\u00f4l\u00e9s par l\u2019arm\u00e9e de Kiev. Le pr\u00e9sident ukrainien a rappel\u00e9 que certaines \u00ab\u00a0id\u00e9es\u00a0\u00bb\u00a0\u2013\u00a0dont une d\u00e9militarisation de territoires contest\u00e9s\u00a0\u2013\u00a0\u00e9taient sur la table, et sugg\u00e9r\u00e9 d\u2019en discuter \u00ab\u00a0au niveau des dirigeants\u00a0\u00bb. Esp\u00e9rant de futurs \u00ab\u00a0compromis\u00a0\u00bb, Steve Witkoff a fait \u00e9tat de \u00ab\u00a0progr\u00e8s significatifs\u00a0\u00bb.<\/p>\n<p>Les contours op\u00e9rationnels de la force multinationale restent eux aussi impr\u00e9cis, d\u2019autant que certains pays ont maintenu une certaine prudence sur leur contribution. L\u2019Italie a r\u00e9it\u00e9r\u00e9 son refus d\u2019envoyer des soldats en Ukraine, quand le chancelier allemand Friedrich Merz a expliqu\u00e9 que des troupes de Berlin pourraient participer, mais seulement dans un pays membre de l\u2019Otan voisin de l\u2019Ukraine.<\/p>\n<p><a href=\"https:\/\/www.challenges.fr\/monde\/pour-aider-lukraine-leurope-doit-faire-faire-payer-la-russie-et-pas-ses-contribuables_634913\" rel=\"noopener noreferrer\" class=\"cursor-pointer decoration-inherit\" stop=\"false\" data-v-a5631e0e=\"\" target=\"_blank\"><\/p>\n<p>\u00ab\u00a0Pour aider l\u2019Ukraine, l\u2019Europe doit faire payer la Russie et pas ses contribuables\u00a0\u00bb<\/p>\n<p><\/a><a href=\"https:\/\/www.challenges.fr\/monde\/pour-aider-lukraine-leurope-doit-faire-faire-payer-la-russie-et-pas-ses-contribuables_634913\" rel=\"noopener noreferrer\" class=\"cursor-pointer decoration-inherit\" stop=\"false\" data-v-a5631e0e=\"\" target=\"_blank\"><\/a><\/p>\n<p>M\u00eame si les Etats-Unis ne font pas partie de la Coalition, leur soutien \u00e0 Kiev est crucial, notamment pour convaincre les autres alli\u00e9s de s\u2019engager. Car tout cessez-le-feu demeure hypoth\u00e9tique\u00a0: une rencontre entre Volodymyr Zelensky et Donald Trump fin d\u00e9cembre et des appels entre le pr\u00e9sident am\u00e9ricain et son homologue russe Vladimir Poutine n\u2019ont pas permis d\u2019avancer sur les concessions territoriales exig\u00e9es par Moscou.<\/p>\n<p>L\u2019op\u00e9ration am\u00e9ricaine au Venezuela et les d\u00e9clarations de Donald Trump appelant \u00e0 une mainmise de Washington sur le Groenland, territoire autonome du Danemark, ont aussi \u00e9t\u00e9 au menu mardi, m\u00eame si les dirigeants europ\u00e9ens ont \u00e9vit\u00e9 de r\u00e9pondre aux questions des journalistes sur le sujet en pr\u00e9sence des \u00e9missaires des Etats-Unis.<\/p>\n<p><a href=\"https:\/\/www.challenges.fr\/monde\/colombie-iran-groenland-donald-trump-menace-une-serie-de-pays-apres-loperation-des-etats-unis-au-venezuela_635558\" rel=\"noopener noreferrer\" class=\"cursor-pointer decoration-inherit\" stop=\"false\" data-v-a5631e0e=\"\" target=\"_blank\"><\/p>\n<p>Colombie, Iran, Groenland\u2026\u00a0: Donald Trump menace une s\u00e9rie de pays apr\u00e8s l\u2019op\u00e9ration des Etats-Unis au Venezuela<\/p>\n<p><\/a><a href=\"https:\/\/www.challenges.fr\/monde\/colombie-iran-groenland-donald-trump-menace-une-serie-de-pays-apres-loperation-des-etats-unis-au-venezuela_635558\" rel=\"noopener noreferrer\" class=\"cursor-pointer decoration-inherit\" stop=\"false\" data-v-a5631e0e=\"\" target=\"_blank\"><\/a><\/p>\n<p>Plusieurs pays du Vieux Continent dont la France, l\u2019Allemagne, le Royaume-Uni et l\u2019Italie, ont cependant publi\u00e9 une d\u00e9claration commune de soutien au Groenland et au Danemark. \u00ab\u00a0Il n\u2019y a pas pour moi de sc\u00e9nario o\u00f9 les Etats-Unis d\u2019Am\u00e9rique seraient mis dans une situation de violer la souverainet\u00e9 danoise\u00a0\u00bb au Groenland, a assur\u00e9 Emmanuel Macron sur France 2. Plus tard dans la soir\u00e9e, la porte-parole de la Maison-Blanche a pourtant indiqu\u00e9 \u00e0 l\u2019AFP que Donald Trump \u00e9tudiait \u00ab\u00a0plusieurs options\u00a0\u00bb pour acqu\u00e9rir le Groenland, y compris \u00ab\u00a0utiliser l\u2019arm\u00e9e\u00a0\u00bb.<\/p>\n<p>(avec AFP)<\/p>\n","protected":false},"excerpt":{"rendered":"La France entend jouer un r\u00f4le dans l\u2019apr\u00e8s-guerre en Ukraine. S\u2019exprimant mardi soir sur France 2, Emmanuel Macron&hellip;\n","protected":false},"author":2,"featured_media":646716,"comment_status":"","ping_status":"","sticky":false,"template":"","format":"standard","meta":{"footnotes":""},"categories":[1590],"tags":[11,1073,1777,674,27,12,132,220,134],"class_list":{"0":"post-646715","1":"post","2":"type-post","3":"status-publish","4":"format-standard","5":"has-post-thumbnail","7":"category-ukraine","8":"tag-actualites","9":"tag-emmanuel-macron","10":"tag-eu","11":"tag-europe","12":"tag-france","13":"tag-news","14":"tag-russie","15":"tag-ukraine","16":"tag-volodymyr-zelensky"},"share_on_mastodon":{"url":"https:\/\/pubeurope.com\/@fr\/115852998449593448","error":""},"_links":{"self":[{"href":"https:\/\/www.europesays.com\/fr\/wp-json\/wp\/v2\/posts\/646715","targetHints":{"allow":["GET"]}}],"collection":[{"href":"https:\/\/www.europesays.com\/fr\/wp-json\/wp\/v2\/posts"}],"about":[{"href":"https:\/\/www.europesays.com\/fr\/wp-json\/wp\/v2\/types\/post"}],"author":[{"embeddable":true,"href":"https:\/\/www.europesays.com\/fr\/wp-json\/wp\/v2\/users\/2"}],"replies":[{"embeddable":true,"href":"https:\/\/www.europesays.com\/fr\/wp-json\/wp\/v2\/comments?post=646715"}],"version-history":[{"count":0,"href":"https:\/\/www.europesays.com\/fr\/wp-json\/wp\/v2\/posts\/646715\/revisions"}],"wp:featuredmedia":[{"embeddable":true,"href":"https:\/\/www.europesays.com\/fr\/wp-json\/wp\/v2\/media\/646716"}],"wp:attachment":[{"href":"https:\/\/www.europesays.com\/fr\/wp-json\/wp\/v2\/media?parent=646715"}],"wp:term":[{"taxonomy":"category","embeddable":true,"href":"https:\/\/www.europesays.com\/fr\/wp-json\/wp\/v2\/categories?post=646715"},{"taxonomy":"post_tag","embeddable":true,"href":"https:\/\/www.europesays.com\/fr\/wp-json\/wp\/v2\/tags?post=646715"}],"curies":[{"name":"wp","href":"https:\/\/api.w.org\/{rel}","templated":true}]}}