{"id":646721,"date":"2026-01-07T09:02:14","date_gmt":"2026-01-07T09:02:14","guid":{"rendered":"https:\/\/www.europesays.com\/fr\/646721\/"},"modified":"2026-01-07T09:02:14","modified_gmt":"2026-01-07T09:02:14","slug":"plus-dun-million-de-vehicules-bmw-construits-en-allemagne-en-2025","status":"publish","type":"post","link":"https:\/\/www.europesays.com\/fr\/646721\/","title":{"rendered":"Plus d&rsquo;un million de v\u00e9hicules BMW construits en Allemagne en 2025"},"content":{"rendered":"<p>        &#13;<br \/>\n            <img decoding=\"async\" src=\"https:\/\/www.europesays.com\/fr\/wp-content\/uploads\/2026\/01\/447-c.jpg\" alt=\"bourse BMW\"\/><\/p>\n<p>(Zonebourse.com) &#8211; BMW annonce avoir de nouveau produit plus d&rsquo;un million de v\u00e9hicules dans ses usines allemandes en 2025, un nombre repr\u00e9sentant donc un quart des 4,15 millions produits en tout dans le pays selon l&rsquo;Association allemande de l&rsquo;industrie automobile.<\/p>\n<p>\u00ab\u00a0Dans toutes les usines allemandes, des v\u00e9hicules \u00e9quip\u00e9s de moteurs \u00e0 combustion interne, hybrides rechargeables et groupes motopropulseurs enti\u00e8rement \u00e9lectriques sont produits sur une seule ligne\u00a0\u00bb, souligne le constructeur haut de gamme.<\/p>\n<p>\u00ab\u00a0Gr\u00e2ce \u00e0 cette structure flexible, la production du groupe peut r\u00e9pondre de mani\u00e8re agile aux fluctuations de la demande et aux conditions changeantes du march\u00e9. C&rsquo;est donc un pilier important soutenant la r\u00e9silience de l&rsquo;entreprise\u00a0\u00bb, poursuit-il.<\/p>\n<p>Les v\u00e9hicules BMW des usines allemandes sont principalement destin\u00e9s au march\u00e9 europ\u00e9en. Aux Am\u00e9riques et en Chine, les volumes de production correspondent \u00e9galement approximativement au nombre de v\u00e9hicules vendus dans ces r\u00e9gions.<\/p>\n<p>Copyright \u00a9 2026 Zonebourse.com &#8211; All rights reserved.<\/p>\n<p>&#13;<br \/>\n            &#13;<\/p>\n<p>Vous avez aim\u00e9 cet article ? Partagez-le avec vos amis avec les boutons ci-dessous.<\/p>\n<p>        <a target=\"_blank\" title=\"Twitter\" href=\"https:\/\/twitter.com\/share?url=https:\/\/www.abcbourse.com\/marches\/plus-d-un-million-de-vehicules-bmw-construits-en-allemagne-en-2025_684757&amp;text=Plus d&#039;un million de v\u00e9hicules BMW construits en Allemagne en 2025&amp;via=abcbourse\" rel=\"nofollow noopener\">&#13;<br \/>\n            <img decoding=\"async\" src=\"https:\/\/www.europesays.com\/fr\/wp-content\/uploads\/2025\/12\/share_twitter.png\" class=\"mr10\" alt=\"Twitter\"\/>&#13;<br \/>\n        <\/a><br \/>\n        <a target=\"_blank\" title=\"Facebook\" href=\"https:\/\/www.facebook.com\/sharer.php?u=https:\/\/www.abcbourse.com\/marches\/plus-d-un-million-de-vehicules-bmw-construits-en-allemagne-en-2025_684757&amp;t=Plus d&#039;un million de v\u00e9hicules BMW construits en Allemagne en 2025\" rel=\"nofollow noopener\">&#13;<br \/>\n            <img decoding=\"async\" src=\"https:\/\/www.europesays.com\/fr\/wp-content\/uploads\/2025\/10\/share_fb.png\" alt=\"Facebook\" class=\"mr10\"\/>&#13;<br \/>\n        <\/a><br \/>\n        <a target=\"_blank\" title=\"Linkedin\" href=\"https:\/\/www.linkedin.com\/shareArticle?mini=true&amp;url=https:\/\/www.abcbourse.com\/marches\/plus-d-un-million-de-vehicules-bmw-construits-en-allemagne-en-2025_684757&amp;title=Plus d&#039;un million de v\u00e9hicules BMW construits en Allemagne en 2025\" rel=\"nofollow noopener\">&#13;<br \/>\n            <img decoding=\"async\" src=\"https:\/\/www.europesays.com\/fr\/wp-content\/uploads\/2025\/04\/share_linkedin.png\" alt=\"Linkedin\" class=\"mr10\"\/>&#13;<br \/>\n        <\/a><br \/>\n        <a target=\"_blank\" title=\"Envoyer par mail\" href=\"http:\/\/www.abcbourse.com\/cdn-cgi\/l\/email-protection#300f4345525a5553440d605c4543105417455e105d595c5c595f5e1054551046f399585953455c554310727d6710535f5e4344424559444310555e10715c5c555d51575e5510555e100200020516525f54490d58444440430a1f1f4747471e515253525f454243551e535f5d1f5d5142535855431f405c45431d541d455e1d5d595c5c595f5e1d54551d4655585953455c55431d525d471d535f5e434442455944431d555e1d515c5c555d51575e551d555e1d020002056f060804070507\" rel=\"nofollow noopener\">&#13;<br \/>\n            <img decoding=\"async\" src=\"https:\/\/www.europesays.com\/fr\/wp-content\/uploads\/2025\/10\/share_email.png\" alt=\"email\"\/>&#13;<br \/>\n        <\/a><br \/>\n    <script async src=\"https:\/\/platform.twitter.com\/widgets.js\" charset=\"utf-8\"><\/script><\/p>\n","protected":false},"excerpt":{"rendered":"&#13; (Zonebourse.com) &#8211; BMW annonce avoir de nouveau produit plus d&rsquo;un million de v\u00e9hicules dans ses usines allemandes&hellip;\n","protected":false},"author":2,"featured_media":646722,"comment_status":"","ping_status":"","sticky":false,"template":"","format":"standard","meta":{"footnotes":""},"categories":[1587],"tags":[11,672,1804,1805,1803,1777,674,1801,12,1802],"class_list":{"0":"post-646721","1":"post","2":"type-post","3":"status-publish","4":"format-standard","5":"has-post-thumbnail","7":"category-allemagne","8":"tag-actualites","9":"tag-allemagne","10":"tag-bundesrepublik-deutschland","11":"tag-de","12":"tag-deutschland","13":"tag-eu","14":"tag-europe","15":"tag-germany","16":"tag-news","17":"tag-republique-federale-dallemagne"},"share_on_mastodon":{"url":"https:\/\/pubeurope.com\/@fr\/115853010406242658","error":""},"_links":{"self":[{"href":"https:\/\/www.europesays.com\/fr\/wp-json\/wp\/v2\/posts\/646721","targetHints":{"allow":["GET"]}}],"collection":[{"href":"https:\/\/www.europesays.com\/fr\/wp-json\/wp\/v2\/posts"}],"about":[{"href":"https:\/\/www.europesays.com\/fr\/wp-json\/wp\/v2\/types\/post"}],"author":[{"embeddable":true,"href":"https:\/\/www.europesays.com\/fr\/wp-json\/wp\/v2\/users\/2"}],"replies":[{"embeddable":true,"href":"https:\/\/www.europesays.com\/fr\/wp-json\/wp\/v2\/comments?post=646721"}],"version-history":[{"count":0,"href":"https:\/\/www.europesays.com\/fr\/wp-json\/wp\/v2\/posts\/646721\/revisions"}],"wp:featuredmedia":[{"embeddable":true,"href":"https:\/\/www.europesays.com\/fr\/wp-json\/wp\/v2\/media\/646722"}],"wp:attachment":[{"href":"https:\/\/www.europesays.com\/fr\/wp-json\/wp\/v2\/media?parent=646721"}],"wp:term":[{"taxonomy":"category","embeddable":true,"href":"https:\/\/www.europesays.com\/fr\/wp-json\/wp\/v2\/categories?post=646721"},{"taxonomy":"post_tag","embeddable":true,"href":"https:\/\/www.europesays.com\/fr\/wp-json\/wp\/v2\/tags?post=646721"}],"curies":[{"name":"wp","href":"https:\/\/api.w.org\/{rel}","templated":true}]}}