{"id":646725,"date":"2026-01-07T09:04:11","date_gmt":"2026-01-07T09:04:11","guid":{"rendered":"https:\/\/www.europesays.com\/fr\/646725\/"},"modified":"2026-01-07T09:04:11","modified_gmt":"2026-01-07T09:04:11","slug":"le-compte-ny-est-pas-sur-le-projet-daccord-mercosur-selon-un-ministre-francais-actualites","status":"publish","type":"post","link":"https:\/\/www.europesays.com\/fr\/646725\/","title":{"rendered":"\u00ab\u00a0Le compte n&rsquo;y est pas\u00a0\u00bb sur le projet d&rsquo;accord Mercosur, selon un ministre fran\u00e7ais : Actualit\u00e9s"},"content":{"rendered":"<p class=\"lead \">\u00ab\u00a0Le compte n&rsquo;y est pas\u00a0\u00bb du point de vue de la France sur le projet d&rsquo;accord de libre-\u00e9change pr\u00e9par\u00e9 entre l&rsquo;Union europ\u00e9enne et les pays latino-am\u00e9ricains du Mercosur, a pr\u00e9venu mercredi le ministre d\u00e9l\u00e9gu\u00e9 fran\u00e7ais charg\u00e9 de l&rsquo;Europe, Benjamin Haddad.<\/p>\n<p class=\"lead \">La France a \u00ab\u00a0obtenu des am\u00e9liorations\u00a0\u00bb au profit de ses agriculteurs dans ce texte n\u00e9goci\u00e9 par la Commission europ\u00e9enne, mais \u00ab\u00a0on continuera \u00e0 se battre\u00a0\u00bb, a pr\u00e9venu M. Haddad, interrog\u00e9 sur la cha\u00eene publique France 2, le jour o\u00f9 doivent se r\u00e9unir \u00e0 Bruxelles les ministres de l&rsquo;Agriculture des 27 pays de l&rsquo;UE.<\/p>\n<p class=\"lead \">La Commission europ\u00e9enne pourrait signer d\u00e8s le 12 janvier cet accord de libre-\u00e9change avec les pays latino-am\u00e9ricains du Mercosur (Argentine, Br\u00e9sil, Paraguay et Uruguay), en d\u00e9pit de l&rsquo;opposition de nombreux agriculteurs au sein de l&rsquo;UE.<\/p>\n<p class=\"lead \">D\u00e8s mardi, la pr\u00e9sidente de la Commission europ\u00e9enne Ursula von der Leyen a tent\u00e9 de d\u00e9samorcer la tension en proposant une rallonge budg\u00e9taire dans la future politique agricole commune (la PAC) de l&rsquo;Union, en d\u00e9bloquant de fa\u00e7on anticip\u00e9e 45 milliards d&rsquo;euros d\u00e8s 2028.<\/p>\n<p class=\"lead \">L&rsquo;accord entre l&rsquo;UE et le Mercosur doit obtenir l&rsquo;aval des Etats europ\u00e9ens \u00e0 une majorit\u00e9 qualifi\u00e9e, lors d&rsquo;un vote attendu d\u00e8s vendredi \u00e0 Bruxelles. Sans alli\u00e9s suppl\u00e9mentaires, la France, la Pologne et la Hongrie ne seraient pas en mesure de bloquer \u00e0 eux trois cet accord que pl\u00e9biscitent l&rsquo;Allemagne et l&rsquo;Espagne.<\/p>\n<p class=\"lead \">Mais Benjamin Haddad a relev\u00e9 qu&rsquo;il restait \u00ab\u00a0des mois de d\u00e9bats au Parlement europ\u00e9en\u00a0\u00bb pour infl\u00e9chir le texte, tout en mettant en valeur les concessions d\u00e9j\u00e0 obtenues au b\u00e9n\u00e9fice des agriculteurs, dont la rallonge budg\u00e9taire annonc\u00e9e par la Commission europ\u00e9enne et \u00ab\u00a0une clause de r\u00e9ciprocit\u00e9 robuste\u00a0\u00bb entre les agriculteurs des deux blocs \u00e9conomiques.<\/p>\n<p class=\"small font-weight-bold text-gray3 \"> publi\u00e9 le 7 janvier \u00e0 09h57, AFP<\/p>\n<p>                             Partager<\/p>\n","protected":false},"excerpt":{"rendered":"\u00ab\u00a0Le compte n&rsquo;y est pas\u00a0\u00bb du point de vue de la France sur le projet d&rsquo;accord de libre-\u00e9change&hellip;\n","protected":false},"author":2,"featured_media":646726,"comment_status":"","ping_status":"","sticky":false,"template":"","format":"standard","meta":{"footnotes":""},"categories":[1586],"tags":[13790,39758,743,11,327,215,350,313,1777,674,1779,590,1011,27,418,12,1800,25,1778,364],"class_list":{"0":"post-646725","1":"post","2":"type-post","3":"status-publish","4":"format-standard","5":"has-post-thumbnail","7":"category-europe","8":"tag-conomie","9":"tag-levage","10":"tag-accord","11":"tag-actualites","12":"tag-agriculture","13":"tag-commerce","14":"tag-concurrence","15":"tag-entreprises","16":"tag-eu","17":"tag-europe","18":"tag-european-union","19":"tag-finance","20":"tag-fr","21":"tag-france","22":"tag-gouvernement","23":"tag-news","24":"tag-pollution","25":"tag-republique-francaise","26":"tag-ue","27":"tag-union-europeenne"},"share_on_mastodon":{"url":"https:\/\/pubeurope.com\/@fr\/115853018116489788","error":""},"_links":{"self":[{"href":"https:\/\/www.europesays.com\/fr\/wp-json\/wp\/v2\/posts\/646725","targetHints":{"allow":["GET"]}}],"collection":[{"href":"https:\/\/www.europesays.com\/fr\/wp-json\/wp\/v2\/posts"}],"about":[{"href":"https:\/\/www.europesays.com\/fr\/wp-json\/wp\/v2\/types\/post"}],"author":[{"embeddable":true,"href":"https:\/\/www.europesays.com\/fr\/wp-json\/wp\/v2\/users\/2"}],"replies":[{"embeddable":true,"href":"https:\/\/www.europesays.com\/fr\/wp-json\/wp\/v2\/comments?post=646725"}],"version-history":[{"count":0,"href":"https:\/\/www.europesays.com\/fr\/wp-json\/wp\/v2\/posts\/646725\/revisions"}],"wp:featuredmedia":[{"embeddable":true,"href":"https:\/\/www.europesays.com\/fr\/wp-json\/wp\/v2\/media\/646726"}],"wp:attachment":[{"href":"https:\/\/www.europesays.com\/fr\/wp-json\/wp\/v2\/media?parent=646725"}],"wp:term":[{"taxonomy":"category","embeddable":true,"href":"https:\/\/www.europesays.com\/fr\/wp-json\/wp\/v2\/categories?post=646725"},{"taxonomy":"post_tag","embeddable":true,"href":"https:\/\/www.europesays.com\/fr\/wp-json\/wp\/v2\/tags?post=646725"}],"curies":[{"name":"wp","href":"https:\/\/api.w.org\/{rel}","templated":true}]}}