{"id":646727,"date":"2026-01-07T09:05:12","date_gmt":"2026-01-07T09:05:12","guid":{"rendered":"https:\/\/www.europesays.com\/fr\/646727\/"},"modified":"2026-01-07T09:05:12","modified_gmt":"2026-01-07T09:05:12","slug":"l-horoscope-du-double-expresso-rtl2-du-mercredi-7-janvier-2026-rtl2-fr","status":"publish","type":"post","link":"https:\/\/www.europesays.com\/fr\/646727\/","title":{"rendered":"L horoscope du Double Expresso RTL2 du mercredi 7 janvier 2026 &#8211; RTL2.fr"},"content":{"rendered":"<ol>\n<li><a href=\"https:\/\/news.google.com\/rss\/articles\/CBMipwFBVV95cUxQUW1Na0lvUktzT004Nm83eEpwamd5U0ZRMFM3d2dCOHJDTGcyOUd4bUlyaXZlaVh0N1ZJY2FoQ2RZUFVtTC1KYlM3OXM0a3BmLWxRUHRZd0dua1ZRQ3FKX0MyOExBVFZoNTU1d0FhOEtUYVl2Tlg2WWlfQ0dpSTJLTmhRSm9zbG5uRnRMa0FrNm1nNGUyUDNrcVdYQ1E3LTl3alZLa2lQOA?oc=5\" target=\"_blank\" rel=\"noopener\">L horoscope du Double Expresso RTL2 du mercredi 7 janvier 2026<\/a>&nbsp;&nbsp;RTL2.fr<\/li>\n<li><a href=\"https:\/\/news.google.com\/rss\/articles\/CBMi8AFBVV95cUxNSmRiVndNZ284al9CSEFoRE1nNm9LLWpnR3RYeldpX2hzSnduTUpSMldXMHhicmxFODlZTlVEY1N5LWRRazhnUjlxMXdxTWxQMUtSWFFaTlBaQnJTMGxIZ05WUjhucW8tUzZnVWs5RHVvaXNCb0wzR0E5czdSZDRUenN3LWRBZUVJOXFyODE0N2dhQmNKaTZOTWw4RVZQUUx5U0ZnQXVpUVoxOWx6c2tKby1YYVl4ZjVTMmNNLVlYMV9Od2N4dFhwOGQyeGZ5Z21LQl8xUHpocFNsb3NzWlBEZXBqUzdocFBYR3J5ay1ZTTY?oc=5\" target=\"_blank\" rel=\"noopener\">Horoscope 2026 : ce 7 janvier o\u00f9 la vie de ces 3 signes d\u2019eau du zodiaque bascule apr\u00e8s un d\u00e9but d\u2019ann\u00e9e sous pression<\/a>&nbsp;&nbsp;Pleine vie<\/li>\n<li><a href=\"https:\/\/news.google.com\/rss\/articles\/CBMiwgFBVV95cUxPN3pvY1k4dVZSOGxqbU9sUUUzVFVTWFJMdWFZdlpCc2p5LV9PUmk3WGlMUFZPcnc0cWJpZG53T19jWVNXTnFsbTR6YzdfV2xvSlhyZ1dqTXVQaHR4V0Z5Z3Z4aEZ0QURob2xSa3VndWtrR2Y3ZU45RHRVYWotMXdvR1B3emo2SzlYUjAtWGh4ZG44dm56a2Q3c3RKZnJqSmFMV0QxcFB4ZWFldERrcUhUQkNkS0ZPMk5vTmtpaGxwMU50UQ?oc=5\" target=\"_blank\" rel=\"noopener\">Astro sant\u00e9 : les natifs du Cancer vont \u00eatre chanceux, contrairement \u00e0 ces autres signes<\/a>&nbsp;&nbsp;Marie Claire<\/li>\n<li><a href=\"https:\/\/news.google.com\/rss\/articles\/CBMisAFBVV95cUxPZ2JCUEZBQlltVGlVR2FhV1c3RHVzLWdWMGoxbVpEZ3BrQVNsZmJmUnJuNTBpbkRBRFBtc2ZMbGUwMi1JTjk5ZnV4SlhxM1lBUTFnUFJTaWhfS1BCM2NrbjdrdTdwOFpVSDA4dlh4RnBhRkRaQkFkci1zcDFRYVpmc0owUU1uQzJDSERpOEIzNllucFgyc1QyVndzYVo3VmduM2VPNEYyTTVMR0cwOVdJeg?oc=5\" target=\"_blank\" rel=\"noopener\">Astrologie. Votre horoscope signe par signe du mercredi 7 janvier<\/a>&nbsp;&nbsp;tendanceouest.com<\/li>\n<li><a href=\"https:\/\/news.google.com\/rss\/articles\/CBMikgFBVV95cUxPNFNfMUhBdDk0cWxzaTJlV1lOdUVCeGdnYmxnUVI1NzN1cjFiVHlCS2VqRkxmM3hGUmgzdm1XLVZpX2VDYUUzc2ZLaDJENU9fM1FycnMySXI0Q0thdVZObmo5MjZMMVVKMEt2ZTRBejgzeHB2QS1UR2VWeFB4TGJBY0I5c3pnVzMxR3NzaTZKaUZhdw?oc=5\" target=\"_blank\" rel=\"noopener\">L horoscope du mercredi 7 janvier 2026<\/a>&nbsp;&nbsp;RTL.fr<\/li>\n<\/ol>\n","protected":false},"excerpt":{"rendered":"L horoscope du Double Expresso RTL2 du mercredi 7 janvier 2026&nbsp;&nbsp;RTL2.fr Horoscope 2026 : ce 7 janvier o\u00f9&hellip;\n","protected":false},"author":2,"featured_media":646728,"comment_status":"","ping_status":"","sticky":false,"template":"","format":"standard","meta":{"footnotes":""},"categories":[2],"tags":[11,1011,27,157,37284,71517,873,12,29899,360,25,9105],"class_list":{"0":"post-646727","1":"post","2":"type-post","3":"status-publish","4":"format-standard","5":"has-post-thumbnail","7":"category-actualites","8":"tag-actualites","9":"tag-fr","10":"tag-france","11":"tag-horoscope","12":"tag-lhoroscope","13":"tag-les-chroniques-du-double-expresso","14":"tag-musique","15":"tag-news","16":"tag-pop-rock","17":"tag-replay-integral","18":"tag-republique-francaise","19":"tag-rtl2"},"share_on_mastodon":{"url":"https:\/\/pubeurope.com\/@fr\/115853021985933923","error":""},"_links":{"self":[{"href":"https:\/\/www.europesays.com\/fr\/wp-json\/wp\/v2\/posts\/646727","targetHints":{"allow":["GET"]}}],"collection":[{"href":"https:\/\/www.europesays.com\/fr\/wp-json\/wp\/v2\/posts"}],"about":[{"href":"https:\/\/www.europesays.com\/fr\/wp-json\/wp\/v2\/types\/post"}],"author":[{"embeddable":true,"href":"https:\/\/www.europesays.com\/fr\/wp-json\/wp\/v2\/users\/2"}],"replies":[{"embeddable":true,"href":"https:\/\/www.europesays.com\/fr\/wp-json\/wp\/v2\/comments?post=646727"}],"version-history":[{"count":0,"href":"https:\/\/www.europesays.com\/fr\/wp-json\/wp\/v2\/posts\/646727\/revisions"}],"wp:featuredmedia":[{"embeddable":true,"href":"https:\/\/www.europesays.com\/fr\/wp-json\/wp\/v2\/media\/646728"}],"wp:attachment":[{"href":"https:\/\/www.europesays.com\/fr\/wp-json\/wp\/v2\/media?parent=646727"}],"wp:term":[{"taxonomy":"category","embeddable":true,"href":"https:\/\/www.europesays.com\/fr\/wp-json\/wp\/v2\/categories?post=646727"},{"taxonomy":"post_tag","embeddable":true,"href":"https:\/\/www.europesays.com\/fr\/wp-json\/wp\/v2\/tags?post=646727"}],"curies":[{"name":"wp","href":"https:\/\/api.w.org\/{rel}","templated":true}]}}