{"id":646729,"date":"2026-01-07T09:06:12","date_gmt":"2026-01-07T09:06:12","guid":{"rendered":"https:\/\/www.europesays.com\/fr\/646729\/"},"modified":"2026-01-07T09:06:12","modified_gmt":"2026-01-07T09:06:12","slug":"enquete-sur-les-risques-et-le-malaise-face-a-lautomatisation-fiscale","status":"publish","type":"post","link":"https:\/\/www.europesays.com\/fr\/646729\/","title":{"rendered":"Enqu\u00eate sur les risques et le malaise face \u00e0 l&rsquo;automatisation fiscale"},"content":{"rendered":"<p>Licenciements en masse chez le g\u00e9ant de l\u2019informatique HP, suppressions de postes par milliers chez Amazon ou Nestl\u00e9\u2026la liste des mauvaises nouvelles s\u2019encha\u00eenent dans le monde du travail. Dans la course effr\u00e9n\u00e9e \u00e0 l\u2019intelligence artificielle (IA), les multinationales ont encore appuy\u00e9 sur l\u2019acc\u00e9l\u00e9rateur ces derniers mois <a href=\"https:\/\/www.latribune.fr\/article\/tech\/intelligence-artificielle\/18889949045870\/l-intelligence-artificielle-pourrait-supprimer-100-millions-d-emplois-aux-etats-unis\" target=\"_blank\" rel=\"noopener\">aux \u00c9tats-Unis<\/a> et <a href=\"https:\/\/www.latribune.fr\/article\/tech\/informatique\/75428297170946\/robots-humanoides-pourquoi-la-chine-craint-l-eclatement-d-une-bulle\" target=\"_blank\" rel=\"noopener\">en Chine,<\/a> suscitant de vives inqui\u00e9tudes sur le possible \u00e9clatement d\u2019une bulle.<\/p>\n<p>Dans l\u2019Hexagone, l\u2019administration fiscale en pointe sur l\u2019intelligence artificielle (IA) multiplie \u00e9galement les projets \u00e0 tout va depuis une dizaine d\u2019ann\u00e9es pour traquer la fraude fiscale ou les piscines non d\u00e9clar\u00e9es. Mais l\u2019opacit\u00e9 sur les outils en cours de d\u00e9veloppement et le manque de dialogue social sur les choix technologiques de Bercy provoquent des craintes.\u00a0<\/p>\n","protected":false},"excerpt":{"rendered":"Licenciements en masse chez le g\u00e9ant de l\u2019informatique HP, suppressions de postes par milliers chez Amazon ou Nestl\u00e9\u2026la&hellip;\n","protected":false},"author":2,"featured_media":646730,"comment_status":"","ping_status":"","sticky":false,"template":"","format":"standard","meta":{"footnotes":""},"categories":[2],"tags":[5734,11,14846,31351,2822,3029,33,20814,1011,27,7466,33355,12,7481,25,75229],"class_list":{"0":"post-646729","1":"post","2":"type-post","3":"status-publish","4":"format-standard","5":"has-post-thumbnail","7":"category-actualites","8":"tag-5734","9":"tag-actualites","10":"tag-bercy","11":"tag-deferlante","12":"tag-douanes","13":"tag-du","14":"tag-economie","15":"tag-fisc","16":"tag-fr","17":"tag-france","18":"tag-lia","19":"tag-malaise","20":"tag-news","21":"tag-provoque","22":"tag-republique-francaise","23":"tag-stupeur"},"share_on_mastodon":{"url":"https:\/\/pubeurope.com\/@fr\/115853025952587806","error":""},"_links":{"self":[{"href":"https:\/\/www.europesays.com\/fr\/wp-json\/wp\/v2\/posts\/646729","targetHints":{"allow":["GET"]}}],"collection":[{"href":"https:\/\/www.europesays.com\/fr\/wp-json\/wp\/v2\/posts"}],"about":[{"href":"https:\/\/www.europesays.com\/fr\/wp-json\/wp\/v2\/types\/post"}],"author":[{"embeddable":true,"href":"https:\/\/www.europesays.com\/fr\/wp-json\/wp\/v2\/users\/2"}],"replies":[{"embeddable":true,"href":"https:\/\/www.europesays.com\/fr\/wp-json\/wp\/v2\/comments?post=646729"}],"version-history":[{"count":0,"href":"https:\/\/www.europesays.com\/fr\/wp-json\/wp\/v2\/posts\/646729\/revisions"}],"wp:featuredmedia":[{"embeddable":true,"href":"https:\/\/www.europesays.com\/fr\/wp-json\/wp\/v2\/media\/646730"}],"wp:attachment":[{"href":"https:\/\/www.europesays.com\/fr\/wp-json\/wp\/v2\/media?parent=646729"}],"wp:term":[{"taxonomy":"category","embeddable":true,"href":"https:\/\/www.europesays.com\/fr\/wp-json\/wp\/v2\/categories?post=646729"},{"taxonomy":"post_tag","embeddable":true,"href":"https:\/\/www.europesays.com\/fr\/wp-json\/wp\/v2\/tags?post=646729"}],"curies":[{"name":"wp","href":"https:\/\/api.w.org\/{rel}","templated":true}]}}