{"id":646731,"date":"2026-01-07T09:07:17","date_gmt":"2026-01-07T09:07:17","guid":{"rendered":"https:\/\/www.europesays.com\/fr\/646731\/"},"modified":"2026-01-07T09:07:17","modified_gmt":"2026-01-07T09:07:17","slug":"consommation-la-france-suspend-les-importations-de-fruits-et-legumes-traites-avec-5-substances-interdites","status":"publish","type":"post","link":"https:\/\/www.europesays.com\/fr\/646731\/","title":{"rendered":"Consommation. La France suspend les importations de fruits et l\u00e9gumes trait\u00e9s avec 5 substances interdites"},"content":{"rendered":"<p>Avocats, poivrons, soja, pommes de terre, mangues&#8230; L&rsquo;importation de produits agricoles trait\u00e9s avec certaines substances interdites d&rsquo;utilisation dans l&rsquo;Union europ\u00e9enne sera suspendue d\u00e8s jeudi dans l&rsquo;attente de \u00ab mesures appropri\u00e9es par la Commission europ\u00e9enne \u00bb et pour une dur\u00e9e maximale d&rsquo;un an, d&rsquo;apr\u00e8s un arr\u00eat\u00e9 <a href=\"https:\/\/www.legifrance.gouv.fr\/jorf\/id\/JORFTEXT000053313910\" target=\"_blank\" rel=\"noopener\">publi\u00e9 mercredi au Journal officiel.<\/a><\/p>\n<p><a href=\"https:\/\/www.ledauphine.com\/economie\/2026\/01\/04\/le-gouvernement-va-suspendre-les-importations-de-certains-produits-d-amerique-du-sud\" target=\"_blank\" rel=\"noopener\">Les substances interdites<\/a> concern\u00e9es sont des fongicides et herbicides utilis\u00e9s pour traiter des fruits et l\u00e9gumes, et notamment dans les avocats, mangues ou goyaves sud-am\u00e9ricains. L&rsquo;arr\u00eat\u00e9 pr\u00e9voit une dur\u00e9e d&rsquo;\u00e9coulement des stocks d&rsquo;au maximum un mois apr\u00e8s son entr\u00e9e en vigueur.\u00a0<\/p>\n<p>Les cinq substances sont le mancoz\u00e8be, utilis\u00e9 pour traiter les avocats, les mangues, ou encore les poivrons, le thiophanate-m\u00e9thyl (coings, agrumes, avoine&#8230;), le glufosinate (pommes de terre), le carbendazime et le b\u00e9nomyl (tomates, graines de soja, bl\u00e9&#8230;).\u00a0<\/p>\n<p>  Un arr\u00eat\u00e9 qui \u00ab\u00a0n&rsquo;est pas dirig\u00e9 contre l&rsquo;Am\u00e9rique du Sud\u00a0\u00bb<\/p>\n<p>L&rsquo;arr\u00eat\u00e9 concerne, \u00ab compte tenu du\u00a0profil des produits pas mal l&rsquo;Am\u00e9rique du Sud. Mais \u00e7a n&rsquo;est pas un arr\u00eat\u00e9 dirig\u00e9 contre l&rsquo;Am\u00e9rique du Sud, il est dirig\u00e9 contre tout pays du monde qui traiterait les fruits et l\u00e9gumes concern\u00e9s avec une de ces cinq substances \u00bb, indiquait le minist\u00e8re de l&rsquo;Agriculture en d\u00e9but de semaine.\u00a0<\/p>\n<p>Cette mesure doit encore obtenir un feu vert de Bruxelles, o\u00f9 <a href=\"https:\/\/www.ledauphine.com\/p\/annie-genevard\" target=\"_blank\" rel=\"noopener\">Annie Genevard<\/a> se rend mercredi pour une r\u00e9union sp\u00e9ciale avec ses homologues europ\u00e9ens sur le Mercosur et la politique agricole commune (PAC).<\/p>\n<p>L&rsquo;Europe a dix jours pour r\u00e9agir<\/p>\n<p>\u00ab La Commission europ\u00e9enne va disposer de dix jours pour l&rsquo;analyser, donc il rentre en vigueur ind\u00e9pendamment de ces dix jours. Et \u00e0 l&rsquo;issue, la Commission europ\u00e9enne va soit ne pas s&rsquo;y opposer et donc le laisser vivre, soit elle peut \u00e9galement le g\u00e9n\u00e9raliser \u00e0 tout le reste de l&rsquo;Union europ\u00e9enne (&#8230;) et elle peut \u00e9galement s&rsquo;y opposer \u00bb, a d\u00e9taill\u00e9 le minist\u00e8re de l&rsquo;Agriculture.\u00a0<\/p>\n<p>L&rsquo;arr\u00eat\u00e9 demande \u00e9galement aux entreprises du secteur alimentaire de mettre en \u0153uvre des contr\u00f4les afin de s&rsquo;assurer que les produits import\u00e9s ne contiennent pas les substances interdites en question.\u00a0<\/p>\n<p>  Un impact limit\u00e9, selon le PDG de Carrefour<\/p>\n<p>Cela passe par notamment par \u00ab la collecte \u00bb ou \u00ab l&rsquo;analyse\u00a0\u00bb d&rsquo;informations \u00ab sur la provenance des denr\u00e9es alimentaires acquises \u00bb, ou encore des \u00ab analyses \u00bb permettant de prouver \u00ab l&rsquo;absence de r\u00e9sidu quantifiables \u00bb des substances interdites.\u00a0<\/p>\n<p>\u00ab Je ne crois pas que l&rsquo;impact sera important \u00bb, a r\u00e9agi Alexandre Bompart, PDG du groupe Carrefour, sur BFMTV ce mercredi. \u00ab\u00a0A 99,9\u00a0%, les produits en vente ne sont pas concern\u00e9s. Les contr\u00f4les sont faits par les autorit\u00e9s sanitaires, qui vont \u00eatre renforc\u00e9s les prochains jours. \u00bb<\/p>\n","protected":false},"excerpt":{"rendered":"Avocats, poivrons, soja, pommes de terre, mangues&#8230; L&rsquo;importation de produits agricoles trait\u00e9s avec certaines substances interdites d&rsquo;utilisation dans&hellip;\n","protected":false},"author":2,"featured_media":646732,"comment_status":"","ping_status":"","sticky":false,"template":"","format":"standard","meta":{"footnotes":""},"categories":[4],"tags":[11,327,130,33,107,1011,27,329,12,25],"class_list":{"0":"post-646731","1":"post","2":"type-post","3":"status-publish","4":"format-standard","5":"has-post-thumbnail","7":"category-france","8":"tag-actualites","9":"tag-agriculture","10":"tag-consommation","11":"tag-economie","12":"tag-fil-info","13":"tag-fr","14":"tag-france","15":"tag-france-monde","16":"tag-news","17":"tag-republique-francaise"},"share_on_mastodon":{"url":"https:\/\/pubeurope.com\/@fr\/115853029787117266","error":""},"_links":{"self":[{"href":"https:\/\/www.europesays.com\/fr\/wp-json\/wp\/v2\/posts\/646731","targetHints":{"allow":["GET"]}}],"collection":[{"href":"https:\/\/www.europesays.com\/fr\/wp-json\/wp\/v2\/posts"}],"about":[{"href":"https:\/\/www.europesays.com\/fr\/wp-json\/wp\/v2\/types\/post"}],"author":[{"embeddable":true,"href":"https:\/\/www.europesays.com\/fr\/wp-json\/wp\/v2\/users\/2"}],"replies":[{"embeddable":true,"href":"https:\/\/www.europesays.com\/fr\/wp-json\/wp\/v2\/comments?post=646731"}],"version-history":[{"count":0,"href":"https:\/\/www.europesays.com\/fr\/wp-json\/wp\/v2\/posts\/646731\/revisions"}],"wp:featuredmedia":[{"embeddable":true,"href":"https:\/\/www.europesays.com\/fr\/wp-json\/wp\/v2\/media\/646732"}],"wp:attachment":[{"href":"https:\/\/www.europesays.com\/fr\/wp-json\/wp\/v2\/media?parent=646731"}],"wp:term":[{"taxonomy":"category","embeddable":true,"href":"https:\/\/www.europesays.com\/fr\/wp-json\/wp\/v2\/categories?post=646731"},{"taxonomy":"post_tag","embeddable":true,"href":"https:\/\/www.europesays.com\/fr\/wp-json\/wp\/v2\/tags?post=646731"}],"curies":[{"name":"wp","href":"https:\/\/api.w.org\/{rel}","templated":true}]}}