{"id":646740,"date":"2026-01-07T09:16:11","date_gmt":"2026-01-07T09:16:11","guid":{"rendered":"https:\/\/www.europesays.com\/fr\/646740\/"},"modified":"2026-01-07T09:16:11","modified_gmt":"2026-01-07T09:16:11","slug":"une-offre-xxl-arrive-pour-raphinha","status":"publish","type":"post","link":"https:\/\/www.europesays.com\/fr\/646740\/","title":{"rendered":"Une offre XXL arrive pour Raphinha"},"content":{"rendered":"<p><strong>Raphinha pourrait faire l\u2019objet d\u2019une offre XXL lors de ce mercato d\u2019hiver. D\u00e9part en vue ?<\/strong><\/p>\n<p>On pourrait assister \u00e0 l\u2019un des transferts les chers de cet hiver. Sous contrat jusqu\u2019en juin 2028 avec le <strong><a href=\"https:\/\/www.les-transferts.com\/club\/fc-barcelone\/actualite\/\" target=\"_blank\" rel=\"noopener\">FC Barcelone<\/a><\/strong>, l\u2019ailier <strong><a href=\"https:\/\/www.les-transferts.com\/joueur\/raphinha\/actualite\/\" target=\"_blank\" rel=\"noopener\">Raphinha <\/a><\/strong>serait courtis\u00e9 en cette p\u00e9riode de mercato. En effet selon les informations de Fichajes, l\u2019international br\u00e9silien (36 s\u00e9lections, 11 buts) int\u00e9resserait <strong>Al-Hilal<\/strong>.<\/p>\n<p>Les dirigeants saoudiens vont mettre le paquet pour tenter d\u2019obtenir la venue du natif de Porto Alegre. Une offre de 80 millions d\u2019euros serait en pr\u00e9paration pour convaincre le Bar\u00e7a de l\u00e2cher son joueur. En plus de cette somme, pr\u00e8s de 20 millions d\u2019euros pourraient s\u2019ajouter sous forme de bonus.<\/p>\n<p>Reste \u00e0 connaitre la position du club catalan qui est en bonne position en championnat. De son c\u00f4t\u00e9, le joueur auriverde qui pourrait avoir un salaire XXL, r\u00e9alise une belle saison avec sept buts et trois passes d\u00e9cisives en 12 rencontres de championnat de Liga.<\/p>\n<p>Diego Maradona, Pablo Aimar, Javier Pastore, Lionel Messi, Juan Roman Riquelme, que des num\u00e9ros 10 dans ma team.<\/p>\n","protected":false},"excerpt":{"rendered":"Raphinha pourrait faire l\u2019objet d\u2019une offre XXL lors de ce mercato d\u2019hiver. D\u00e9part en vue ? On pourrait&hellip;\n","protected":false},"author":2,"featured_media":646741,"comment_status":"","ping_status":"","sticky":false,"template":"","format":"standard","meta":{"footnotes":""},"categories":[1410],"tags":[63,1011,27,60],"class_list":{"0":"post-646740","1":"post","2":"type-post","3":"status-publish","4":"format-standard","5":"has-post-thumbnail","7":"category-football","8":"tag-football","9":"tag-fr","10":"tag-france","11":"tag-sports"},"share_on_mastodon":{"url":"https:\/\/pubeurope.com\/@fr\/115853065544455185","error":""},"_links":{"self":[{"href":"https:\/\/www.europesays.com\/fr\/wp-json\/wp\/v2\/posts\/646740","targetHints":{"allow":["GET"]}}],"collection":[{"href":"https:\/\/www.europesays.com\/fr\/wp-json\/wp\/v2\/posts"}],"about":[{"href":"https:\/\/www.europesays.com\/fr\/wp-json\/wp\/v2\/types\/post"}],"author":[{"embeddable":true,"href":"https:\/\/www.europesays.com\/fr\/wp-json\/wp\/v2\/users\/2"}],"replies":[{"embeddable":true,"href":"https:\/\/www.europesays.com\/fr\/wp-json\/wp\/v2\/comments?post=646740"}],"version-history":[{"count":0,"href":"https:\/\/www.europesays.com\/fr\/wp-json\/wp\/v2\/posts\/646740\/revisions"}],"wp:featuredmedia":[{"embeddable":true,"href":"https:\/\/www.europesays.com\/fr\/wp-json\/wp\/v2\/media\/646741"}],"wp:attachment":[{"href":"https:\/\/www.europesays.com\/fr\/wp-json\/wp\/v2\/media?parent=646740"}],"wp:term":[{"taxonomy":"category","embeddable":true,"href":"https:\/\/www.europesays.com\/fr\/wp-json\/wp\/v2\/categories?post=646740"},{"taxonomy":"post_tag","embeddable":true,"href":"https:\/\/www.europesays.com\/fr\/wp-json\/wp\/v2\/tags?post=646740"}],"curies":[{"name":"wp","href":"https:\/\/api.w.org\/{rel}","templated":true}]}}