{"id":646742,"date":"2026-01-07T09:17:10","date_gmt":"2026-01-07T09:17:10","guid":{"rendered":"https:\/\/www.europesays.com\/fr\/646742\/"},"modified":"2026-01-07T09:17:10","modified_gmt":"2026-01-07T09:17:10","slug":"tous-ces-hommages-cest-formidable-semeut-bernard-dormale-le-dernier-mari-de-brigitte-bardot","status":"publish","type":"post","link":"https:\/\/www.europesays.com\/fr\/646742\/","title":{"rendered":"\u00ab\u00a0Tous ces hommages c&rsquo;est formidable\u00a0\u00bb, s&rsquo;\u00e9meut Bernard d&rsquo;Ormale, le dernier mari de Brigitte Bardot"},"content":{"rendered":"<p>\u00ab\u00a0Tous ces hommages c&rsquo;est formidable\u00a0\u00bb, s&rsquo;\u00e9meut Bernard d&rsquo;Ormale, le dernier mari de Brigitte BardotSur le m\u00eame sujet<a href=\"https:\/\/www.bfmtv.com\/people\/cinema\/video-tous-ces-hommages-c-est-formidable-s-emeut-bernard-d-ormale-le-dernier-mari-de-brigitte-bardot_VN-202601070288.html\" title=\"&quot;Tous ces hommages c&#039;est formidable&quot;, s&#039;\u00e9meut Bernard d&#039;Ormale, le dernier mari de Brigitte Bardot\" target=\"_blank\" rel=\"noopener\"><img width=\"16\" height=\"9\" class=\"lozad\"  alt=\"&quot;Tous ces hommages c'est formidable&quot;, s'\u00e9meut Bernard d'Ormale, le dernier mari de Brigitte Bardot\"\/>en lecture\u00a0\u00bbTous ces hommages c&rsquo;est formidable\u00a0\u00bb, s&rsquo;\u00e9meut Bernard d&rsquo;Ormale, le dernier mari de Brigitte Bardot<\/a><a href=\"https:\/\/www.bfmtv.com\/culture\/video-ma-frere-les-premiers-pas-d-amel-bent-au-cinema_VN-202601070210.html\" title=\"&quot;Ma fr\u00e8re&quot;: les premiers pas d&#039;Amel Bent au cin\u00e9ma\" target=\"_blank\" rel=\"noopener\"><img width=\"16\" height=\"9\" class=\"lozad\"  alt=\"&quot;Ma fr\u00e8re&quot;: les premiers pas d'Amel Bent au cin\u00e9ma\"\/>2:09&Prime;Ma fr\u00e8re\u00a0\u00bb: les premiers pas d&rsquo;Amel Bent au cin\u00e9ma<\/a><a href=\"https:\/\/www.bfmtv.com\/culture\/video-l-integralite-de-la-saga-james-bond-arrive-sur-netflix_VN-202601060226.html\" title=\"L&#039;int\u00e9gralit\u00e9 de la saga James Bond arrive sur Netflix\" target=\"_blank\" rel=\"noopener\"><img width=\"16\" height=\"9\" class=\"lozad\"  alt=\"L'int\u00e9gralit\u00e9 de la saga James Bond arrive sur Netflix\"\/>1:03L&rsquo;int\u00e9gralit\u00e9 de la saga James Bond arrive sur Netflix<\/a><a href=\"https:\/\/www.bfmtv.com\/culture\/video-dune-avengers-le-diable-s-habille-en-prada-les-films-les-plus-attendus-en-2026_VN-202601030078.html\" title=\"&quot;Dune&quot;, &quot;Avengers&quot;, &quot;Le diable s&#039;habille en Prada&quot;... Les films les plus attendus en 2026\" target=\"_blank\" rel=\"noopener\"><img width=\"16\" height=\"9\" class=\"lozad\"  alt=\"&quot;Dune&quot;, &quot;Avengers&quot;, &quot;Le diable s'habille en Prada&quot;... Les films les plus attendus en 2026\"\/>4:25&Prime;Dune\u00a0\u00bb, \u00ab\u00a0Avengers\u00a0\u00bb, \u00ab\u00a0Le diable s&rsquo;habille en Prada\u00a0\u00bb&#8230; Les films les plus attendus en 2026<\/a><a href=\"https:\/\/www.bfmtv.com\/economie\/video-mauvaise-annee-pour-les-cinemas-francais_VN-202512310455.html\" title=\" Mauvaise ann\u00e9e pour les cin\u00e9mas fran\u00e7ais  \" target=\"_blank\" rel=\"noopener\"><img width=\"16\" height=\"9\" class=\"lozad\"  alt=\" Mauvaise ann\u00e9e pour les cin\u00e9mas fran\u00e7ais  \"\/>1:10Mauvaise ann\u00e9e pour les cin\u00e9mas fran\u00e7ais<\/a><a href=\"https:\/\/www.bfmtv.com\/societe\/video-les-salles-de-cinema-ont-enregistre-une-baisse-de-frequentation-de-13-6-en-2025_VN-202512310129.html\" title=\"Les salles de cin\u00e9ma ont enregistr\u00e9 une baisse de fr\u00e9quentation de 13,6% en 2025\" target=\"_blank\" rel=\"noopener\"><img width=\"16\" height=\"9\" class=\"lozad\"  alt=\"Les salles de cin\u00e9ma ont enregistr\u00e9 une baisse de fr\u00e9quentation de 13,6% en 2025\"\/>1:16Les salles de cin\u00e9ma ont enregistr\u00e9 une baisse de fr\u00e9quentation de 13,6% en 2025<\/a><a href=\"https:\/\/www.bfmtv.com\/culture\/video-georges-clooney-naturalise-francais-un-geste-anti-trump_VN-202512300599.html\" title=\"Georges Clooney naturalis\u00e9 fran\u00e7ais: un geste anti-Trump?\" target=\"_blank\" rel=\"noopener\"><img width=\"16\" height=\"9\" class=\"lozad\"  alt=\"Georges Clooney naturalis\u00e9 fran\u00e7ais: un geste anti-Trump?\"\/>2:49Georges Clooney naturalis\u00e9 fran\u00e7ais: un geste anti-Trump?<\/a><a href=\"https:\/\/www.bfmtv.com\/culture\/video-sur-un-air-de-blues-le-film-en-hommage-a-neil-diamond-sort-au-cinema-ce-mercredi_VN-202512300129.html\" title=\"&quot;Sur un air de blues&quot;: le film en hommage \u00e0 Neil Diamond sort au cin\u00e9ma ce mercredi \" target=\"_blank\" rel=\"noopener\"><img width=\"16\" height=\"9\" class=\"lozad\"  alt=\"&quot;Sur un air de blues&quot;: le film en hommage \u00e0 Neil Diamond sort au cin\u00e9ma ce mercredi \"\/>3:51&Prime;Sur un air de blues\u00a0\u00bb: le film en hommage \u00e0 Neil Diamond sort au cin\u00e9ma ce mercredi<\/a><a href=\"https:\/\/www.bfmtv.com\/culture\/video-je-n-ai-ni-remords-ni-regrets-retour-sur-les-confidences-de-brigitte-bardot-a-bfmtv-en-mai-2025_VN-202512280209.html\" title=\"&quot;Je n&#039;ai ni remords, ni regrets.&quot; : retour sur les confidences de Brigitte Bardot \u00e0 BFMTV en mai 2025\" target=\"_blank\" rel=\"noopener\"><img width=\"16\" height=\"9\" class=\"lozad\"  alt=\"&quot;Je n'ai ni remords, ni regrets.&quot; : retour sur les confidences de Brigitte Bardot \u00e0 BFMTV en mai 2025\"\/>3:11&Prime;Je n&rsquo;ai ni remords, ni regrets.\u00a0\u00bb : retour sur les confidences de Brigitte Bardot \u00e0 BFMTV en mai 2025<\/a><a href=\"https:\/\/www.bfmtv.com\/culture\/video-le-feminisme-ce-n-est-pas-mon-truc-moi-j-aime-bien-les-mecs-retour-sur-les-confidences-de-brigitte-bardot-a-bfmtv-en-mai-2025_VN-202512280206.html\" title=\"&quot;Le f\u00e9minisme ce n&#039;est pas mon truc, moi, j&#039;aime bien les mecs&quot;: retour sur les confidences de Brigitte Bardot \u00e0 BFMTV en mai 2025\" target=\"_blank\" rel=\"noopener\"><img width=\"16\" height=\"9\" class=\"lozad\"  alt=\"&quot;Le f\u00e9minisme ce n'est pas mon truc, moi, j'aime bien les mecs&quot;: retour sur les confidences de Brigitte Bardot \u00e0 BFMTV en mai 2025\"\/>4:05&Prime;Le f\u00e9minisme ce n&rsquo;est pas mon truc, moi, j&rsquo;aime bien les mecs\u00a0\u00bb: retour sur les confidences de Brigitte Bardot \u00e0 BFMTV en mai 2025<\/a><a href=\"https:\/\/www.bfmtv.com\/culture\/video-j-etais-une-femme-tres-vivante-mais-j-ai-beaucoup-rale-aussi-retour-sur-les-confidences-de-brigitte-bardot-a-bfmtv-en-mai-2025_VN-202512280203.html\" title=\"&quot;J&#039;\u00e9tais une femme tr\u00e8s vivante [...] mais j&#039;ai beaucoup r\u00e2l\u00e9 aussi&quot;: retour sur les confidences de Brigitte Bardot \u00e0 BFMTV en mai 2025\" target=\"_blank\" rel=\"noopener\"><img width=\"16\" height=\"9\" class=\"lozad\"  alt=\"&quot;J'\u00e9tais une femme tr\u00e8s vivante [...] mais j'ai beaucoup r\u00e2l\u00e9 aussi&quot;: retour sur les confidences de Brigitte Bardot \u00e0 BFMTV en mai 2025\"\/>3:20&Prime;J&rsquo;\u00e9tais une femme tr\u00e8s vivante [&#8230;] mais j&rsquo;ai beaucoup r\u00e2l\u00e9 aussi\u00a0\u00bb: retour sur les confidences de Brigitte Bardot \u00e0 BFMTV en mai 2025<\/a><a href=\"https:\/\/www.bfmtv.com\/culture\/video-a-5h55-ce-matin-elle-lui-a-dit-tout-doucement-son-petit-mot-d-amour-bruno-jacquelin-directeur-presse-de-la-fondation-bardot-raconte-les-derniers-instants-de-brigitte-bardot_VN-202512280202.html\" title=\"&quot;\u00c0 5h55 ce matin, elle lui a dit tout doucement son petit mot d&#039;amour&quot;: Bruno Jacquelin, directeur presse de la Fondation Bardot, raconte les derniers instants de Brigitte Bardot\" target=\"_blank\" rel=\"noopener\"><img width=\"16\" height=\"9\" class=\"lozad\"  alt=\"&quot;\u00c0 5h55 ce matin, elle lui a dit tout doucement son petit mot d'amour&quot;: Bruno Jacquelin, directeur presse de la Fondation Bardot, raconte les derniers instants de Brigitte Bardot\"\/>1:32&Prime;\u00c0 5h55 ce matin, elle lui a dit tout doucement son petit mot d&rsquo;amour\u00a0\u00bb: Bruno Jacquelin, directeur presse de la Fondation Bardot, raconte les derniers instants de Brigitte Bardot<\/a><a href=\"https:\/\/www.bfmtv.com\/culture\/video-je-veux-l-abolition-de-la-chasse-a-courre-retour-sur-les-confidences-de-brigitte-bardot-a-bfmtv-en-mai-2025_VN-202512280201.html\" title=\"&quot;Je veux l&#039;abolition de la chasse \u00e0 courre&quot;: retour sur les confidences de Brigitte Bardot \u00e0 BFMTV en mai 2025\" target=\"_blank\" rel=\"noopener\"><img width=\"16\" height=\"9\" class=\"lozad\"  alt=\"&quot;Je veux l'abolition de la chasse \u00e0 courre&quot;: retour sur les confidences de Brigitte Bardot \u00e0 BFMTV en mai 2025\"\/>3:41&Prime;Je veux l&rsquo;abolition de la chasse \u00e0 courre\u00a0\u00bb: retour sur les confidences de Brigitte Bardot \u00e0 BFMTV en mai 2025<\/a><a href=\"https:\/\/www.bfmtv.com\/people\/cinema\/video-mort-de-brigitte-bardot-quand-l-actrice-racontait-a-bfmtv-pourquoi-elle-avait-arrete-le-cinema_VN-202512280174.html\" title=\"Mort de Brigitte Bardot: quand l&#039;actrice racontait \u00e0 BFMTV pourquoi elle avait arr\u00eat\u00e9 le cin\u00e9ma \" target=\"_blank\" rel=\"noopener\"><img width=\"16\" height=\"9\" class=\"lozad\"  alt=\"Mort de Brigitte Bardot: quand l'actrice racontait \u00e0 BFMTV pourquoi elle avait arr\u00eat\u00e9 le cin\u00e9ma \"\/>1:35Mort de Brigitte Bardot: quand l&rsquo;actrice racontait \u00e0 BFMTV pourquoi elle avait arr\u00eat\u00e9 le cin\u00e9ma<\/a><a class=\"jumpToVideo\" target=\"_blank\"><img class=\"thumbnailPreview\"\/><\/a><\/p>\n","protected":false},"excerpt":{"rendered":"\u00ab\u00a0Tous ces hommages c&rsquo;est formidable\u00a0\u00bb, s&rsquo;\u00e9meut Bernard d&rsquo;Ormale, le dernier mari de Brigitte BardotSur le m\u00eame sujeten lecture\u00a0\u00bbTous&hellip;\n","protected":false},"author":2,"featured_media":646743,"comment_status":"","ping_status":"","sticky":false,"template":"","format":"standard","meta":{"footnotes":""},"categories":[1359],"tags":[58,59,1011,27,973],"class_list":{"0":"post-646742","1":"post","2":"type-post","3":"status-publish","4":"format-standard","5":"has-post-thumbnail","7":"category-people","8":"tag-divertissement","9":"tag-entertainment","10":"tag-fr","11":"tag-france","12":"tag-people"},"share_on_mastodon":{"url":"https:\/\/pubeurope.com\/@fr\/115853069113874458","error":""},"_links":{"self":[{"href":"https:\/\/www.europesays.com\/fr\/wp-json\/wp\/v2\/posts\/646742","targetHints":{"allow":["GET"]}}],"collection":[{"href":"https:\/\/www.europesays.com\/fr\/wp-json\/wp\/v2\/posts"}],"about":[{"href":"https:\/\/www.europesays.com\/fr\/wp-json\/wp\/v2\/types\/post"}],"author":[{"embeddable":true,"href":"https:\/\/www.europesays.com\/fr\/wp-json\/wp\/v2\/users\/2"}],"replies":[{"embeddable":true,"href":"https:\/\/www.europesays.com\/fr\/wp-json\/wp\/v2\/comments?post=646742"}],"version-history":[{"count":0,"href":"https:\/\/www.europesays.com\/fr\/wp-json\/wp\/v2\/posts\/646742\/revisions"}],"wp:featuredmedia":[{"embeddable":true,"href":"https:\/\/www.europesays.com\/fr\/wp-json\/wp\/v2\/media\/646743"}],"wp:attachment":[{"href":"https:\/\/www.europesays.com\/fr\/wp-json\/wp\/v2\/media?parent=646742"}],"wp:term":[{"taxonomy":"category","embeddable":true,"href":"https:\/\/www.europesays.com\/fr\/wp-json\/wp\/v2\/categories?post=646742"},{"taxonomy":"post_tag","embeddable":true,"href":"https:\/\/www.europesays.com\/fr\/wp-json\/wp\/v2\/tags?post=646742"}],"curies":[{"name":"wp","href":"https:\/\/api.w.org\/{rel}","templated":true}]}}