{"id":646744,"date":"2026-01-07T09:18:09","date_gmt":"2026-01-07T09:18:09","guid":{"rendered":"https:\/\/www.europesays.com\/fr\/646744\/"},"modified":"2026-01-07T09:18:09","modified_gmt":"2026-01-07T09:18:09","slug":"nate-berkus-est-anti-tendances-pourtant-ce-style-deco-2026-chaleureux-et-imparfait-lobsede-deja","status":"publish","type":"post","link":"https:\/\/www.europesays.com\/fr\/646744\/","title":{"rendered":"Nate Berkus est anti-tendances, pourtant ce style d\u00e9co 2026 chaleureux et imparfait l\u2019obs\u00e8de d\u00e9j\u00e0"},"content":{"rendered":"<p>\u00c0 l\u00a0\u00bbheure o\u00f9 les listes de tendances envahissent Instagram, le<br \/>\ndesigner am\u00e9ricain <strong>Nate Berkus<\/strong> reste fid\u00e8le \u00e0 sa<br \/>\nr\u00e9putation de franc-tireur. \u00ab\u00a0Je suis c\u00e9l\u00e8brement anti-tendances \u2013<br \/>\nje pense qu&rsquo;elles sont con\u00e7ues pour faire sentir aux gens qu&rsquo;ils<br \/>\nn&rsquo;ont pas ce qu&rsquo;ils devraient avoir\u00a0\u00bb, explique Nate Berkus \u00e0 Homes<br \/>\net Gardens. Pour lui, la mode passe trop vite et laisse surtout un<br \/>\narri\u00e8re-go\u00fbt d&rsquo;insatisfaction.<\/p>\n<p>Pour autant, ce refus des effets de mode ne signifie pas figer<br \/>\nle d\u00e9cor. \u00ab\u00a0Je n&rsquo;ai jamais cru que l&rsquo;intemporalit\u00e9 signifie rester<br \/>\nimmobile\u00a0\u00bb, ajoute-t-il. \u00ab\u00a0Cela signifie pr\u00eater attention. Ce qui me<br \/>\nsemble excitant en ce moment n&rsquo;est pas une seule tendance, mais un<br \/>\nchangement de sensibilit\u00e9.\u00a0\u00bb L&rsquo;auteur du r\u00e9cent livre<br \/>\nFoundations scrute ce qui dure, et 2026 lui offre<br \/>\njustement un nouveau terrain d&rsquo;observation.<\/p>\n<p>Pourquoi Nate Berkus reste anti-tendances face aux tendances<br \/>\nd\u00e9co 2026<\/p>\n<p>Face aux nombreuses <strong>tendances d\u00e9co 2026<\/strong>, le<br \/>\ndesigner pr\u00e9f\u00e8re rester en retrait. Il r\u00e9p\u00e8te qu&rsquo;il se fiche de ce<br \/>\nqui est nouveau, uniquement int\u00e9ress\u00e9 par ce qui survit au temps.<br \/>\nDans cette logique, il se m\u00e9fie des d\u00e9cors trop sc\u00e9nographi\u00e9s :<br \/>\n\u00ab\u00a0Des pi\u00e8ces qui ne sont pas personnelles, qui sont con\u00e7ues pour<br \/>\nbien photographier mais ne refl\u00e8tent pas les personnes qui y<br \/>\nvivent\u00a0\u00bb, sont ce qu&rsquo;il \u00e9vite.<\/p>\n<p>La priorit\u00e9, pour lui, reste que chaque maison parle de ceux qui<br \/>\nl&rsquo;habitent. Il aime quand une maison ose quelque chose. Son<br \/>\npenthouse new-yorkais de Hudson Yards ou le loft de SoHo qu&rsquo;il a<br \/>\nsign\u00e9 montrent cette audace tranquille, faite de volumes g\u00e9n\u00e9reux<br \/>\nmais surtout de d\u00e9tails pens\u00e9s pour \u00eatre v\u00e9cus, pas seulement<br \/>\nadmir\u00e9s.<\/p>\n<p>Le style organique qui attire Nate Berkus en 2026<\/p>\n<p>S&rsquo;il devait tout de m\u00eame nommer une direction pour 2026, ce<br \/>\nserait une sensibilit\u00e9 tr\u00e8s <strong>organique<\/strong>. \u00ab\u00a0Je<br \/>\nremarque que des couleurs plus profondes, ancr\u00e9es dans la terre,<br \/>\nreviennent d&rsquo;une mani\u00e8re plus nuanc\u00e9e, associ\u00e9es \u00e0 des mat\u00e9riaux<br \/>\nqui montrent leur \u00e2ge honn\u00eatement\u00a0\u00bb, dit Nate Berkus. \u00ab\u00a0Comme des<br \/>\nbois finis \u00e0 la main, du pl\u00e2tre, de la pierre avec des<br \/>\nirr\u00e9gularit\u00e9s\u2026 des choses qui racontent une histoire. C&rsquo;est<br \/>\nexcitant pour moi. Nous avons de nouveau besoin de sens. La<br \/>\nprovenance compte. La patine compte. Les objets avec des histoires<br \/>\ncomptent\u00a0\u00bb.<\/p>\n<p>Dans ce paysage tr\u00e8s terreux, m\u00eame le choix de la couleur<br \/>\nPantone de l&rsquo;ann\u00e9e, le blanc nuanc\u00e9 Cloud Dancer, trouve<br \/>\ngr\u00e2ce \u00e0 ses yeux. \u00ab\u00a0J&rsquo;aime que Pantone ait s\u00e9lectionn\u00e9 un neutre<br \/>\npour une fois, et un blanc en plus, c&rsquo;est int\u00e9ressant\u00a0\u00bb, dit Nate<br \/>\nBerkus, ajoutant, \u00ab\u00a0il y a beaucoup de nuances avec le blanc, et<br \/>\nelles peuvent vraiment changer une pi\u00e8ce selon la fa\u00e7on dont elles<br \/>\nse superposent et travaillent avec la lumi\u00e8re\u00a0\u00bb. Pour lui, ce blanc<br \/>\nsert surtout \u00e0 faire le vide dans le brouhaha visuel des<br \/>\ntendances.<\/p>\n<p>Comment adopter la sensibilit\u00e9<br \/>\norganique de Nate Berkus chez soi<\/p>\n<p>Pour traduire cette vision chez soi, Nate Berkus commence<br \/>\ntoujours par une question simple : \u00ab\u00a0Demandez-vous comment vous<br \/>\nvoulez qu&rsquo;une pi\u00e8ce se sente lorsque quelqu&rsquo;un y entre\u00a0\u00bb,<br \/>\nconseille-t-il. \u00c0 partir de l\u00e0, il invite \u00e0 chercher \u00ab\u00a0des choses<br \/>\nfaites \u00e0 la main, des choses anciennes qui ont de la patine et<br \/>\nracontent une histoire\u00a0\u00bb. Le meilleur guide reste l&rsquo;instinct : il<br \/>\nsuffit de \u00ab\u00a0voir o\u00f9 votre \u0153il se pose et ce qui suscite de<br \/>\nl&rsquo;int\u00e9r\u00eat\u00a0\u00bb.<\/p>\n<p>Dans son duplex perch\u00e9 au-dessus de Manhattan, d\u00e9crit comme un<br \/>\nv\u00e9ritable refuge, cette approche prend une dimension spectaculaire.<br \/>\n\u00ab\u00a0Chaque d\u00e9tail contribue au r\u00e9cit, confie le designer. Ici, il<br \/>\ns\u2019agissait de cr\u00e9er un sanctuaire a\u00e9rien, une retraite o\u00f9<br \/>\nl\u2019immensit\u00e9 devient intime\u00a0\u00bb. \u00c0 SoHo, m\u00eame recette appliqu\u00e9e \u00e0<br \/>\nl&rsquo;\u00e9chelle d&rsquo;un loft : biblioth\u00e8que en ch\u00eane blanc, marbre, zelliges<br \/>\nartisanales et surtout lumi\u00e8re naturelle composent un d\u00e9cor \u00e0 la<br \/>\nfois intemporel et profond\u00e9ment personnel.<\/p>\n","protected":false},"excerpt":{"rendered":"\u00c0 l\u00a0\u00bbheure o\u00f9 les listes de tendances envahissent Instagram, le designer am\u00e9ricain Nate Berkus reste fid\u00e8le \u00e0 sa&hellip;\n","protected":false},"author":2,"featured_media":646745,"comment_status":"","ping_status":"","sticky":false,"template":"","format":"standard","meta":{"footnotes":""},"categories":[1358],"tags":[5734,12690,1348,1384,1385,75231,17488,75232,8117,1442,1386,58,59,932,12219,1011,27,75233,75234,75230,40719,1969,18830],"class_list":{"0":"post-646744","1":"post","2":"type-post","3":"status-publish","4":"format-standard","5":"has-post-thumbnail","7":"category-arts-et-design","8":"tag-5734","9":"tag-anti","10":"tag-arts","11":"tag-arts-and-design","12":"tag-arts-et-design","13":"tag-berkus","14":"tag-ce","15":"tag-chaleureux","16":"tag-deco","17":"tag-deja","18":"tag-design","19":"tag-divertissement","20":"tag-entertainment","21":"tag-est","22":"tag-et","23":"tag-fr","24":"tag-france","25":"tag-imparfait","26":"tag-lobsede","27":"tag-nate","28":"tag-pourtant","29":"tag-style","30":"tag-tendances"},"share_on_mastodon":{"url":"https:\/\/pubeurope.com\/@fr\/115853072952148598","error":""},"_links":{"self":[{"href":"https:\/\/www.europesays.com\/fr\/wp-json\/wp\/v2\/posts\/646744","targetHints":{"allow":["GET"]}}],"collection":[{"href":"https:\/\/www.europesays.com\/fr\/wp-json\/wp\/v2\/posts"}],"about":[{"href":"https:\/\/www.europesays.com\/fr\/wp-json\/wp\/v2\/types\/post"}],"author":[{"embeddable":true,"href":"https:\/\/www.europesays.com\/fr\/wp-json\/wp\/v2\/users\/2"}],"replies":[{"embeddable":true,"href":"https:\/\/www.europesays.com\/fr\/wp-json\/wp\/v2\/comments?post=646744"}],"version-history":[{"count":0,"href":"https:\/\/www.europesays.com\/fr\/wp-json\/wp\/v2\/posts\/646744\/revisions"}],"wp:featuredmedia":[{"embeddable":true,"href":"https:\/\/www.europesays.com\/fr\/wp-json\/wp\/v2\/media\/646745"}],"wp:attachment":[{"href":"https:\/\/www.europesays.com\/fr\/wp-json\/wp\/v2\/media?parent=646744"}],"wp:term":[{"taxonomy":"category","embeddable":true,"href":"https:\/\/www.europesays.com\/fr\/wp-json\/wp\/v2\/categories?post=646744"},{"taxonomy":"post_tag","embeddable":true,"href":"https:\/\/www.europesays.com\/fr\/wp-json\/wp\/v2\/tags?post=646744"}],"curies":[{"name":"wp","href":"https:\/\/api.w.org\/{rel}","templated":true}]}}