{"id":646748,"date":"2026-01-07T09:21:12","date_gmt":"2026-01-07T09:21:12","guid":{"rendered":"https:\/\/www.europesays.com\/fr\/646748\/"},"modified":"2026-01-07T09:21:12","modified_gmt":"2026-01-07T09:21:12","slug":"cest-pathetique-je-lui-ai-dit-apres-les-propos-dalain-souchon-sur-le-rn","status":"publish","type":"post","link":"https:\/\/www.europesays.com\/fr\/646748\/","title":{"rendered":"\u00ab C\u2019est path\u00e9tique, je lui ai dit\u2026 \u00bb apr\u00e8s les propos d\u2019Alain Souchon sur le RN"},"content":{"rendered":"<p>La pol\u00e9mique ne retombe pas, et Pierre Arditi n\u2019a clairement pas<br \/>\nl\u2019intention de se taire. Tr\u00e8s agac\u00e9 par les r\u00e9actions provoqu\u00e9es<br \/>\npar les propos d\u2019Alain Souchon sur le Rassemblement national,<br \/>\nl\u2019acteur a pris la parole <strong>pour d\u00e9fendre son ami.<\/strong><br \/>\nSon verdict est sans appel : toute cette affaire est \u00ab<br \/>\nabsolument path\u00e9tique \u00bb. Pendant que les d\u00e9bats enflamment<br \/>\nplateaux t\u00e9l\u00e9 et r\u00e9seaux sociaux, Alain Souchon, lui, continue sa<br \/>\nroute. Ce mercredi 7 janvier, il est \u00e0 l\u2019honneur avec un concert<br \/>\ndiffus\u00e9 sur France 4 \u00e0 21h10, enregistr\u00e9 au D\u00f4me de Paris. Sur<br \/>\nsc\u00e8ne, Alain Souchon prouve qu\u2019il n\u2019a <strong>rien perdu de son<br \/>\n\u00e9nergie.<\/strong> Il interpr\u00e8te notamment les chansons de \u00c2mes<br \/>\nfifties, son dernier album sorti en 2019. Des titres<br \/>\nreconnaissables entre mille, qui m\u00ealent m\u00e9lancolie, humour et<br \/>\n<strong>petites piques bien senties<\/strong> sur le monde actuel.<br \/>\nUn style qui a toujours fait sa force.<\/p>\n<p>Alain Souchon attaqu\u00e9 apr\u00e8s ses propos sur le Rassemblement<br \/>\nnational<\/p>\n<p>Avec plus de dix Victoires de la musique, Alain Souchon est une<br \/>\nfigure incontournable de la chanson fran\u00e7aise. Il partage aussi<br \/>\ndepuis des d\u00e9cennies <strong>une aventure artistique<br \/>\nunique<\/strong> avec Laurent Voulzy, <a href=\"https:\/\/www.melty.fr\/people\/alain-souchon-80-ans-fait-une-revelation-tres-surprenante-sur-laurent-voulzy-on-est-2177897.html\" target=\"_blank\" rel=\"noopener\"><br \/>\nson complice de toujours.<\/a> Un duo qui a marqu\u00e9 plusieurs<br \/>\ng\u00e9n\u00e9rations. La pol\u00e9mique est n\u00e9e en novembre dernier, lors d\u2019une<br \/>\ninterview sur RTL. Interrog\u00e9 sur l\u2019hypoth\u00e8se d\u2019un pr\u00e9sident issu du<br \/>\nRassemblement national en 2027, Alain Souchon a tenu des propos qui<br \/>\nont imm\u00e9diatement fait r\u00e9agir.<\/p>\n<p>Il a d\u00e9clar\u00e9 ne pas croire \u00ab que les Fran\u00e7ais soient assez<br \/>\ncons pour \u00e9lire quelqu\u2019un du Front national pour diriger la France<br \/>\n\u00bb. Et d\u2019ajouter que si cela arrivait, <strong>\u00ab il y<br \/>\naurait une r\u00e9volution \u00bb<\/strong> et qu\u2019il partirait en Suisse.<br \/>\nDes paroles jug\u00e9es choquantes par certains responsables politiques,<br \/>\nqui y ont vu une insulte directe \u00e0 une partie des \u00e9lecteurs. Le<br \/>\nvice-pr\u00e9sident du RN, S\u00e9bastien Chenu, a rapidement d\u00e9nonc\u00e9<br \/>\n<strong>des propos \u00ab d\u00e9plac\u00e9s, d\u00e9connect\u00e9s et m\u00e9prisants<br \/>\n\u00bb.<\/strong><\/p>\n<p>Face aux critiques, Laurent Voulzy et Pierre Arditi prennent la<br \/>\nparole<\/p>\n<p>Face \u00e0 l\u2019ampleur prise par la pol\u00e9mique, Laurent Voulzy a<br \/>\n<strong>tent\u00e9 de calmer le jeu.<\/strong> Sur BFMTV, il a expliqu\u00e9<br \/>\nque tout cela relevait surtout de l\u2019humour. Selon lui, les propos<br \/>\nd\u2019Alain Souchon ont \u00e9t\u00e9 sortis de leur contexte. <strong>\u00ab \u00c7a a<br \/>\nfait grand bruit,<\/strong> mais en r\u00e9alit\u00e9, c\u2019\u00e9tait une<br \/>\nplaisanterie \u00bb, a-t-il assur\u00e9. D\u2019ailleurs, il a rappel\u00e9<br \/>\nl\u2019amour profond du chanteur pour la France. Il explique m\u00eame que<br \/>\ndans le studio, tout le monde avait ri. \u00ab Alain est cash, sans<br \/>\nfiltre. <strong>C\u2019est un punk \u00bb<\/strong><strong>,<\/strong><br \/>\na-t-il r\u00e9sum\u00e9 avec affection<\/p>\n<p>Mais c\u2019est Pierre Arditi qui a tenu les propos les plus forts.<br \/>\nQuelques jours apr\u00e8s la sortie du chanteur, l\u2019acteur s\u2019est exprim\u00e9<br \/>\n\u00e0 son tour sur BFMTV. Tr\u00e8s remont\u00e9, il a qualifi\u00e9 la pol\u00e9mique<br \/>\nd\u2019\u00ab absolument path\u00e9tique \u00bb. Pour lui, celui qui a<br \/>\n<a href=\"https:\/\/www.melty.fr\/people\/a-80-ans-alain-souchon-balance-sur-johnny-hallyday-il-etait-extremement-2177686.html\" target=\"_blank\" rel=\"noopener\"><br \/>\ndonn\u00e9 son avis cash sur Johnny Hallyday<\/a> a <strong>simplement<br \/>\nexprim\u00e9 une opinion,<\/strong> et il en a parfaitement le droit.<\/p>\n<p>Pierre Arditi assume son soutien total<br \/>\n\u00e0 Alain Souchon : \u00ab On a des convictions \u00bb<\/p>\n<p>Pierre Arditi a \u00e9galement expliqu\u00e9 <strong>avoir la m\u00eame<br \/>\nsensibilit\u00e9 politique<\/strong> que son ami. Il estime que les<br \/>\nr\u00e9actions sont disproportionn\u00e9es et qu\u2019on cherche \u00e0 lui coller des<br \/>\n\u00e9tiquettes injustes. \u00ab On a des convictions, on a le droit de<br \/>\nles exprimer comme on veut \u00bb, a-t-il insist\u00e9. L\u2019acteur est<br \/>\nm\u00eame all\u00e9 plus loin en racontant un \u00e9change priv\u00e9 avec Alain<br \/>\nSouchon. \u00ab C\u2019est un honn\u00eate homme et un grand artiste<br \/>\n<strong>pour qui j\u2019ai \u00e9norm\u00e9ment d\u2019estime \u00bb,<\/strong> a-t-il<br \/>\nconfi\u00e9.<\/p>\n<p>S\u2019il dit \u00eatre d\u2019accord avec lui sur le fond, Pierre Arditi avoue<br \/>\ncependant une petite divergence : la fameuse menace de partir en<br \/>\nSuisse. \u00ab Je lui ai dit que j\u2019\u00e9tais d\u2019accord avec lui sur tout,<br \/>\nsauf sur le fait qu\u2019il aille vivre en Suisse, parce que <strong>\u00e7a<br \/>\nmanquerait beaucoup trop \u00e0 la France \u00bb,<\/strong> a-t-il lanc\u00e9,<br \/>\navec un m\u00e9lange de s\u00e9rieux et de tendresse. Comme Laurent Voulzy,<br \/>\nPierre Arditi est convaincu qu\u2019Alain Souchon n\u2019a jamais eu<br \/>\nl\u2019intention r\u00e9elle de quitter le pays. Pour lui, il s\u2019agissait<br \/>\nsimplement d\u2019une \u00ab gal\u00e9jade \u00bb.<\/p>\n","protected":false},"excerpt":{"rendered":"La pol\u00e9mique ne retombe pas, et Pierre Arditi n\u2019a clairement pas l\u2019intention de se taire. Tr\u00e8s agac\u00e9 par&hellip;\n","protected":false},"author":2,"featured_media":646749,"comment_status":"","ping_status":"","sticky":false,"template":"","format":"standard","meta":{"footnotes":""},"categories":[1355],"tags":[58,59,1011,27,1361,873,65861],"class_list":{"0":"post-646748","1":"post","2":"type-post","3":"status-publish","4":"format-standard","5":"has-post-thumbnail","7":"category-musique","8":"tag-divertissement","9":"tag-entertainment","10":"tag-fr","11":"tag-france","12":"tag-music","13":"tag-musique","14":"tag-trend"},"share_on_mastodon":{"url":"https:\/\/pubeurope.com\/@fr\/115853084888552523","error":""},"_links":{"self":[{"href":"https:\/\/www.europesays.com\/fr\/wp-json\/wp\/v2\/posts\/646748","targetHints":{"allow":["GET"]}}],"collection":[{"href":"https:\/\/www.europesays.com\/fr\/wp-json\/wp\/v2\/posts"}],"about":[{"href":"https:\/\/www.europesays.com\/fr\/wp-json\/wp\/v2\/types\/post"}],"author":[{"embeddable":true,"href":"https:\/\/www.europesays.com\/fr\/wp-json\/wp\/v2\/users\/2"}],"replies":[{"embeddable":true,"href":"https:\/\/www.europesays.com\/fr\/wp-json\/wp\/v2\/comments?post=646748"}],"version-history":[{"count":0,"href":"https:\/\/www.europesays.com\/fr\/wp-json\/wp\/v2\/posts\/646748\/revisions"}],"wp:featuredmedia":[{"embeddable":true,"href":"https:\/\/www.europesays.com\/fr\/wp-json\/wp\/v2\/media\/646749"}],"wp:attachment":[{"href":"https:\/\/www.europesays.com\/fr\/wp-json\/wp\/v2\/media?parent=646748"}],"wp:term":[{"taxonomy":"category","embeddable":true,"href":"https:\/\/www.europesays.com\/fr\/wp-json\/wp\/v2\/categories?post=646748"},{"taxonomy":"post_tag","embeddable":true,"href":"https:\/\/www.europesays.com\/fr\/wp-json\/wp\/v2\/tags?post=646748"}],"curies":[{"name":"wp","href":"https:\/\/api.w.org\/{rel}","templated":true}]}}