{"id":646764,"date":"2026-01-07T09:29:11","date_gmt":"2026-01-07T09:29:11","guid":{"rendered":"https:\/\/www.europesays.com\/fr\/646764\/"},"modified":"2026-01-07T09:29:11","modified_gmt":"2026-01-07T09:29:11","slug":"direct-neige-et-verglas-1-500-km-de-bouchons-en-france-routes-fermees-plus-de-140-vols-annules","status":"publish","type":"post","link":"https:\/\/www.europesays.com\/fr\/646764\/","title":{"rendered":"DIRECT &#8211; Neige et verglas\u00a0: 1.500 km de bouchons en France, routes ferm\u00e9es, plus de 140 vols annul\u00e9s"},"content":{"rendered":"<p>Plusieurs d\u00e9partements ont suspendus les transports scolaires ce aujourd&rsquo;hui.<\/p>\n<p>C&rsquo;est le cas en <strong>\u00cele-de-France<\/strong> dans les Yvelines et en Seine-et-Marne, indique\u00a0<a class=\"IciLink ici-link IciArticleLink g-ici-body-regular-1 underline brand svelte-1chfe2s\" href=\"https:\/\/www.francebleu.fr\/infos\/transports\/direct-la-neige-tombe-en-ile-de-france-les-transports-perturbes-9612710\" target=\"_blank\" rel=\"noopener\">ICI Paris-\u00cele-de-France<\/a>.<\/p>\n<p>Dans le <strong>Centre-Val de Loire<\/strong>, aucun car scolaire ne circule dans les six d\u00e9partements de la r\u00e9gion, le Cher, l&rsquo;Eure-et-Loir, l&rsquo;Indre, l&rsquo;Indre-et-Loire, le Loir-et-Cher et le Loiret. La situation \u00e0 suivre dans\u00a0<a class=\"IciLink ici-link IciArticleLink g-ici-body-regular-1 underline brand svelte-1chfe2s\" href=\"https:\/\/www.francebleu.fr\/infos\/meteo\/direct-neige-et-verglas-vigilance-orange-en-centre-val-de-loire-pas-de-transports-scolaires-camions-interdits-4001440\" target=\"_blank\" rel=\"noopener\">ce direct consacr\u00e9 \u00e0 situation en r\u00e9gion centre<\/a>.<\/p>\n<p>Dans les <strong>Pays de la Loire<\/strong>, tous les cars scolaires sont suspendus ce mercredi dans les cinq d\u00e9partements du territoire, Loire-Atlantique, Maine-et-Loire, Mayenne, Sarthe et Vend\u00e9e. Les lignes r\u00e9guli\u00e8res circuleront \u00ab\u00a0en fonction de l&rsquo;\u00e9tat des routes\u00a0\u00bb, pr\u00e9cise la r\u00e9gion<\/p>\n<p>En <strong>Nouvelle-Aquitaine<\/strong>, la circulation des transports scolaires r\u00e9gionaux est suspendue au moins jusqu&rsquo;\u00e0 demain matin dans la Vienne et les Deux S\u00e8vres, indique\u00a0<a class=\"IciLink ici-link IciArticleLink g-ici-body-regular-1 underline brand svelte-1chfe2s\" href=\"https:\/\/www.francebleu.fr\/infos\/transports\/la-neige-de-retour-dans-la-vienne-et-les-deux-sevres-les-routes-et-les-transports-perturbes-2019001\" target=\"_blank\" rel=\"noopener\">ICI Poitou<\/a>. Le conseil r\u00e9gional de Nouvelle-Aquitaine pr\u00e9cise aussi sur son site qu&rsquo;elle est suspendue en Charente et Charente-Maritime \u00ab\u00a0jusqu&rsquo;\u00e0 la fin de l&rsquo;\u00e9pisode\u00a0\u00bb. C&rsquo;est le cas \u00e9galement ce mercredi en Corr\u00e8ze, en Dordogne, en Haute-Vienne, dans les Landes et dans plusieurs secteurs des Pyr\u00e9n\u00e9es Atlantiques.<\/p>\n<p>En <strong>Auvergne-Rh\u00f4ne-Alpes<\/strong>, dans le d\u00e9partement de l&rsquo;Allier, les transports scolaires sont suspendus, rapporte\u00a0<a class=\"IciLink ici-link IciArticleLink g-ici-body-regular-1 underline brand svelte-1chfe2s\" href=\"https:\/\/www.francebleu.fr\/infos\/transports\/il-n-y-aura-pas-de-transports-scolaires-ce-mercredi-dans-l-allier-en-raison-des-conditions-meteorologiques-1543227\" target=\"_blank\" rel=\"noopener\">ICI Pays d&rsquo;Auvergne<\/a>.<\/p>\n<p>Dans la r\u00e9gion <strong>Normandie<\/strong>, les transports scolaires sont de nouveau suspendus dans les cinq d\u00e9partements normands, selon <a class=\"IciLink ici-link IciArticleLink g-ici-body-regular-1 underline brand svelte-1chfe2s\" href=\"https:\/\/www.francebleu.fr\/infos\/transports\/neige-verglas-les-transports-scolaires-encore-suspendus-en-normandie-ce-mercredi-8580784\" target=\"_blank\" rel=\"noopener\">ICI Normandie<\/a>.<\/p>\n<p>En <strong>Bourgogne-Franche-Comt\u00e9<\/strong>, la pr\u00e9fecture de l&rsquo;Yonne a \u00e9galement d\u00e9cid\u00e9 de suspendre les transports scolaires dans le d\u00e9partement toute la journ\u00e9e, annonce <a class=\"IciLink ici-link IciArticleLink g-ici-body-regular-1 underline brand svelte-1chfe2s\" href=\"https:\/\/www.francebleu.fr\/infos\/meteo\/neige-et-verglas-l-yonne-placee-par-meteo-france-en-vigilance-orange-pour-le-phenomene-a-partir-de-mercredi-midi-1544354\" target=\"_blank\" rel=\"noopener\">ICI Auxerre<\/a>.<\/p>\n<p>Dans les <strong>Hauts-de-France<\/strong>, toute la r\u00e9gion est concern\u00e9e par une suspension des transports scolaires, sur d\u00e9cision du Conseil r\u00e9gional, rapporte <a class=\"IciLink ici-link IciArticleLink g-ici-body-regular-1 underline brand svelte-1chfe2s\" href=\"https:\/\/www.francebleu.fr\/infos\/meteo\/neige-et-verglas-le-situation-ce-mercredi-dans-le-nord-et-le-pas-de-calais-8588620\" target=\"_blank\" rel=\"noopener\">ICI Nord<\/a>.<\/p>\n<p> (function(w, d) {     if (w.FB &#038;&#038; w.FB.XFBML &#038;&#038; w.FB.XFBML.parse) {         if (&lsquo;undefined&rsquo; == typeof w.__fbTimeout) {             w.__fbTimeout = setTimeout(function() {                 w.FB.XFBML.parse();                 w.__fbTimeout = undefined;             }, 1000);         }     } else if (&lsquo;undefined&rsquo; == typeof w.__fbTimeout) {         if (d.querySelectorAll(&lsquo;#fb-root&rsquo;).length === 0) {             var fbRoot = d.createElement(&lsquo;div&rsquo;);             fbRoot.id = &lsquo;fb-root&rsquo;;             d.querySelector(&lsquo;body&rsquo;).append(fbRoot);         }         if (d.querySelectorAll(&lsquo;#facebook-jssdk&rsquo;).length === 0) {             var fbScript = d.createElement(&lsquo;script&rsquo;);             fbScript.id = &lsquo;facebook-jssdk&rsquo;;             fbScript.src=\u00a0\u00bb\/\/connect.facebook.net\/fr_FR\/sdk.js#xfbml=1&#038;version=v2.8&#038;appId=593991304071705&Prime;;             fbScript.async = 1;             d.querySelector(&lsquo;head&rsquo;).append(fbScript);         }     } })(window, window.document); \\u003C\/script>\\\u00a0\u00bb,\\\u00a0\u00bbprovider\\\u00a0\u00bb:\\\u00a0\u00bbfacebook\\\u00a0\u00bb,\\\u00a0\u00bbdidomiPurposes\\\u00a0\u00bb:\\\u00a0\u00bbPour afficher ce contenu Facebook, vous devez accepter les cookies \\u003Cb>R\u00e9seaux Sociaux\\u003C\/b>.\\u003Cbr>\\u003Cbr>Ces cookies permettent de partager ou r\u00e9agir directement sur les r\u00e9seaux sociaux auxquels vous \u00eates connect\u00e9s ou d&rsquo;int\u00e9grer du contenu initialement post\u00e9 sur ces r\u00e9seaux sociaux. Ils permettent aussi aux r\u00e9seaux sociaux d&rsquo;utiliser vos visites sur nos sites et applications \u00e0 des fins de personnalisation et de ciblage publicitaire.\\\u00a0\u00bb,\\\u00a0\u00bbdidomiVendorId\\\u00a0\u00bb:\\\u00a0\u00bbc:facebookc-rgacRMQm\\\u00a0\u00bb}}],\\\u00a0\u00bbtimestampInSeconds\\\u00a0\u00bb:1767775331,\\\u00a0\u00bbdateISOValue\\\u00a0\u00bb:\\\u00a0\u00bb2026-01-07T08:42:11.000Z\\\u00a0\u00bb,\\\u00a0\u00bbblockTime\\\u00a0\u00bb:\\\u00a0\u00bb09h42\\\u00a0\u00bb},{\\\u00a0\u00bbtitle\\\u00a0\u00bb:\\\u00a0\u00bbCirculation compliqu\u00e9e dans le Nord\\\u00a0\u00bb,\\\u00a0\u00bbisHighlighted\\\u00a0\u00bb:false,\\\u00a0\u00bbchildren\\\u00a0\u00bb:[{\\\u00a0\u00bbtype\\\u00a0\u00bb:\\\u00a0\u00bbtext\\\u00a0\u00bb,\\\u00a0\u00bbchildren\\\u00a0\u00bb:[{\\\u00a0\u00bbtype\\\u00a0\u00bb:\\\u00a0\u00bbtext\\\u00a0\u00bb,\\\u00a0\u00bbvalue\\\u00a0\u00bb:\\\u00a0\u00bbLa circulation est difficile sur l&rsquo;A1 pr\u00e8s d&rsquo;Arras, et sur l&rsquo;A26 entre Arras et Calais. C&rsquo;est aussi le cas sur l&rsquo;A25 entre Lille et Dunkerque, o\u00f9 Bison Fut\u00e9 recense \u00e0 9h plus de 42 km de bouchons. \u00c0 8h, plus de 110 km de bouchons se sont aussi form\u00e9s sur l&rsquo;A21, au nord d&rsquo;Arras, note Bison Fut\u00e9.\\\u00a0\u00bb}]},{\\\u00a0\u00bbtype\\\u00a0\u00bb:\\\u00a0\u00bbbounce\\\u00a0\u00bb,\\\u00a0\u00bbdata\\\u00a0\u00bb:{\\\u00a0\u00bbtitle\\\u00a0\u00bb:\\\u00a0\u00bbDIRECT &#8211; Neige et verglas\u00a0: suivez la situation ce mercredi dans le Nord et le Pas-de-Calais\\\u00a0\u00bb,\\\u00a0\u00bbpath\\\u00a0\u00bb:\\\u00a0\u00bbinfos\/meteo\/neige-et-verglas-le-situation-ce-mercredi-dans-le-nord-et-le-pas-de-calais-8588620\\\u00a0\u00bb,\\\u00a0\u00bbvisual\\\u00a0\u00bb:{\\\u00a0\u00bbid\\\u00a0\u00bb:\\\u00a0\u00bbcaef85bc-63b5-4647-8939-0a33f59476a5\\\u00a0\u00bb,\\\u00a0\u00bbpreview\\\u00a0\u00bb:\\\u00a0\u00bb\/9j\/2wBDACgcHiMeGSgjISMtKygwPGRBPDc3PHtYXUlkkYCZlo+AjIqgtObDoKrarYqMyP\/L2u71\/\/\/\/m8H\/\/\/\/6\/+b9\/\/j\/2wBDASstLTw1PHZBQXb4pYyl+Pj4+Pj4+Pj4+Pj4+Pj4+Pj4+Pj4+Pj4+Pj4+Pj4+Pj4+Pj4+Pj4+Pj4+Pj4+Pj4+Pj\/wAARCAAXACoDASIAAhEBAxEB\/8QAGAAAAwEBAAAAAAAAAAAAAAAAAAIDAQT\/xAAYEAEBAQEBAAAAAAAAAAAAAAAAAQIREv\/EABYBAQEBAAAAAAAAAAAAAAAAAAEAA\/\/EABURAQEAAAAAAAAAAAAAAAAAAAAR\/9oADAMBAAIRAxEAPwCvR0vWt6ygtT0pSagpiGk+L6yTyKXTDQAIcZcgAluWeQEn\/9k=\\\u00a0\u00bb},\\\u00a0\u00bbpublishedDate\\\u00a0\u00bb:\\\u00a0\u00bb07\/01\/2026\\\u00a0\u00bb,\\\u00a0\u00bbmedia\\\u00a0\u00bb:null,\\\u00a0\u00bbduration\\\u00a0\u00bb:null,\\\u00a0\u00bblocation\\\u00a0\u00bb:\\\u00a0\u00bbNord\\\u00a0\u00bb}}],\\\u00a0\u00bbtimestampInSeconds\\\u00a0\u00bb:1767774571,\\\u00a0\u00bbdateISOValue\\\u00a0\u00bb:\\\u00a0\u00bb2026-01-07T08:29:31.000Z\\\u00a0\u00bb,\\\u00a0\u00bbblockTime\\\u00a0\u00bb:\\\u00a0\u00bb09h29\\\u00a0\u00bb},{\\\u00a0\u00bbtitle\\\u00a0\u00bb:\\\u00a0\u00bbLa circulation devient compliqu\u00e9e en \u00cele-de-France\\\u00a0\u00bb,\\\u00a0\u00bbisHighlighted\\\u00a0\u00bb:false,\\\u00a0\u00bbchildren\\\u00a0\u00bb:[{\\\u00a0\u00bbtype\\\u00a0\u00bb:\\\u00a0\u00bbtext\\\u00a0\u00bb,\\\u00a0\u00bbchildren\\\u00a0\u00bb:[{\\\u00a0\u00bbtype\\\u00a0\u00bb:\\\u00a0\u00bbtext\\\u00a0\u00bb,\\\u00a0\u00bbvalue\\\u00a0\u00bb:\\\u00a0\u00bbLes bouchons s&rsquo;accumulent en r\u00e9gion parisienne. Selon les donn\u00e9es de\u00a0\\\u00a0\u00bb},{\\\u00a0\u00bbtype\\\u00a0\u00bb:\\\u00a0\u00bblink\\\u00a0\u00bb,\\\u00a0\u00bbdata\\\u00a0\u00bb:{\\\u00a0\u00bbhref\\\u00a0\u00bb:\\\u00a0\u00bbhttps:\/\/www.sytadin.fr\/\\\u00a0\u00bb},\\\u00a0\u00bbvalue\\\u00a0\u00bb:\\\u00a0\u00bbSytadin\\\u00a0\u00bb},{\\\u00a0\u00bbtype\\\u00a0\u00bb:\\\u00a0\u00bbtext\\\u00a0\u00bb,\\\u00a0\u00bbvalue\\\u00a0\u00bb:\\\u00a0\u00bb, il y a 900 km de bouchons cumul\u00e9s \u00e0 9h20.\\\u00a0\u00bb}]},{\\\u00a0\u00bbtype\\\u00a0\u00bb:\\\u00a0\u00bbimage\\\u00a0\u00bb,\\\u00a0\u00bbdata\\\u00a0\u00bb:{\\\u00a0\u00bbimages\\\u00a0\u00bb:[{\\\u00a0\u00bburl\\\u00a0\u00bb:\\\u00a0\u00bbhttps:\/\/www.francebleu.fr\/s3\/cruiser-production-eu3\/2026\/01\/9df4cc03-66f4-4e97-8577-76a97b171d39\/600_sc_capture-d-ecran-2026-01-07-092109.jpg\\\u00a0\u00bb,\\\u00a0\u00bburlWebp\\\u00a0\u00bb:\\\u00a0\u00bbhttps:\/\/www.francebleu.fr\/s3\/cruiser-production-eu3\/2026\/01\/9df4cc03-66f4-4e97-8577-76a97b171d39\/600_sc_capture-d-ecran-2026-01-07-092109.webp\\\u00a0\u00bb,\\\u00a0\u00bblegend\\\u00a0\u00bb:\\\u00a0\u00bb900 km de bouchons en \u00cele-de-France \u00e0 9h20\\\u00a0\u00bb,\\\u00a0\u00bbauthor\\\u00a0\u00bb:\\\u00a0\u00bbSytadin\\\u00a0\u00bb,\\\u00a0\u00bbcopyright\\\u00a0\u00bb:\\\u00a0\u00bbAucun(e)\\\u00a0\u00bb,\\\u00a0\u00bbwidth\\\u00a0\u00bb:599,\\\u00a0\u00bbheight\\\u00a0\u00bb:336,\\\u00a0\u00bbpreview\\\u00a0\u00bb:\\\u00a0\u00bb\/9j\/2wBDACgcHiMeGSgjISMtKygwPGRBPDc3PHtYXUlkkYCZlo+AjIqgtObDoKrarYqMyP\/L2u71\/\/\/\/m8H\/\/\/\/6\/+b9\/\/j\/2wBDASstLTw1PHZBQXb4pYyl+Pj4+Pj4+Pj4+Pj4+Pj4+Pj4+Pj4+Pj4+Pj4+Pj4+Pj4+Pj4+Pj4+Pj4+Pj4+Pj4+Pj\/wAARCAAXACoDASIAAhEBAxEB\/8QAFwABAQEBAAAAAAAAAAAAAAAAAAIBBf\/EABYQAQEBAAAAAAAAAAAAAAAAAAABEf\/EABUBAQEAAAAAAAAAAAAAAAAAAAEA\/8QAFREBAQAAAAAAAAAAAAAAAAAAABH\/2gAMAwEAAhEDEQA\/AOvrNKm0JWmo00Ur1qY0gqKCTCACuNAh\/9k=\\\u00a0\u00bb,\\\u00a0\u00bbdominant\\\u00a0\u00bb:\\\u00a0\u00bb#f8f8f8\\\u00a0\u00bb,\\\u00a0\u00bbid\\\u00a0\u00bb:\\\u00a0\u00bb9df4cc03-66f4-4e97-8577-76a97b171d39\\\u00a0\u00bb}]}}],\\\u00a0\u00bbtimestampInSeconds\\\u00a0\u00bb:1767773838,\\\u00a0\u00bbdateISOValue\\\u00a0\u00bb:\\\u00a0\u00bb2026-01-07T08:17:18.000Z\\\u00a0\u00bb,\\\u00a0\u00bbblockTime\\\u00a0\u00bb:\\\u00a0\u00bb09h17\\\u00a0\u00bb},{\\\u00a0\u00bbtitle\\\u00a0\u00bb:\\\u00a0\u00bbToujours des foyers priv\u00e9s d&rsquo;\u00e9lectricit\u00e9 en Charente-Maritime\\\u00a0\u00bb,\\\u00a0\u00bbisHighlighted\\\u00a0\u00bb:false,\\\u00a0\u00bbchildren\\\u00a0\u00bb:[{\\\u00a0\u00bbtype\\\u00a0\u00bb:\\\u00a0\u00bbtext\\\u00a0\u00bb,\\\u00a0\u00bbchildren\\\u00a0\u00bb:[{\\\u00a0\u00bbtype\\\u00a0\u00bb:\\\u00a0\u00bbtext\\\u00a0\u00bb,\\\u00a0\u00bbvalue\\\u00a0\u00bb:\\\u00a0\u00bbEnedis indique qu&rsquo;il y a encore\u00a01.200 foyers priv\u00e9s d&rsquo;\u00e9lectricit\u00e9\u00a0\\\u00a0\u00bb},{\\\u00a0\u00bbtype\\\u00a0\u00bb:\\\u00a0\u00bblink\\\u00a0\u00bb,\\\u00a0\u00bbdata\\\u00a0\u00bb:{\\\u00a0\u00bbhref\\\u00a0\u00bb:\\\u00a0\u00bbhttps:\/\/www.francebleu.fr\/infos\/transports\/direct-la-neige-de-retour-en-charente-et-charente-maritime-les-transports-perturbes-5202713\\\u00a0\u00bb},\\\u00a0\u00bbvalue\\\u00a0\u00bb:\\\u00a0\u00bben Charente Maritime\\\u00a0\u00bb},{\\\u00a0\u00bbtype\\\u00a0\u00bb:\\\u00a0\u00bbtext\\\u00a0\u00bb,\\\u00a0\u00bbvalue\\\u00a0\u00bb:\\\u00a0\u00bb. Le d\u00e9partement a connu d&rsquo;importantes chutes de neige hier, avec jusqu&rsquo;\u00e0 30 cm par endroits.\\\u00a0\u00bb}]},{\\\u00a0\u00bbtype\\\u00a0\u00bb:\\\u00a0\u00bbimage\\\u00a0\u00bb,\\\u00a0\u00bbdata\\\u00a0\u00bb:{\\\u00a0\u00bbimages\\\u00a0\u00bb:[{\\\u00a0\u00bburl\\\u00a0\u00bb:\\\u00a0\u00bbhttps:\/\/www.francebleu.fr\/s3\/cruiser-production-eu3\/2026\/01\/0e728813-9976-4935-8f0f-7e01f3bab153\/600_sc_image-20.jpg\\\u00a0\u00bb,\\\u00a0\u00bburlWebp\\\u00a0\u00bb:\\\u00a0\u00bbhttps:\/\/www.francebleu.fr\/s3\/cruiser-production-eu3\/2026\/01\/0e728813-9976-4935-8f0f-7e01f3bab153\/600_sc_image-20.webp\\\u00a0\u00bb,\\\u00a0\u00bblegend\\\u00a0\u00bb:\\\u00a0\u00bbLe port de La Rochelle sous la neige\\\u00a0\u00bb,\\\u00a0\u00bbauthor\\\u00a0\u00bb:\\\u00a0\u00bbAmelia BLANCHOT\\\u00a0\u00bb,\\\u00a0\u00bbcopyright\\\u00a0\u00bb:\\\u00a0\u00bbAFP\\\u00a0\u00bb,\\\u00a0\u00bbwidth\\\u00a0\u00bb:600,\\\u00a0\u00bbheight\\\u00a0\u00bb:339,\\\u00a0\u00bbpreview\\\u00a0\u00bb:\\\u00a0\u00bb\/9j\/2wBDACgcHiMeGSgjISMtKygwPGRBPDc3PHtYXUlkkYCZlo+AjIqgtObDoKrarYqMyP\/L2u71\/\/\/\/m8H\/\/\/\/6\/+b9\/\/j\/2wBDASstLTw1PHZBQXb4pYyl+Pj4+Pj4+Pj4+Pj4+Pj4+Pj4+Pj4+Pj4+Pj4+Pj4+Pj4+Pj4+Pj4+Pj4+Pj4+Pj4+Pj\/wAARCAAXACoDASIAAhEBAxEB\/8QAFwABAQEBAAAAAAAAAAAAAAAAAQACA\/\/EABYQAQEBAAAAAAAAAAAAAAAAAAABEf\/EABcBAQEBAQAAAAAAAAAAAAAAAAEAAwL\/xAAVEQEBAAAAAAAAAAAAAAAAAAAAEf\/aAAwDAQACEQMRAD8A4ymMRqVrWUbLErUVUJBFMcCkHRjUqSB1akC\/\/9k=\\\u00a0\u00bb,\\\u00a0\u00bbdominant\\\u00a0\u00bb:\\\u00a0\u00bb#3888c8\\\u00a0\u00bb,\\\u00a0\u00bbid\\\u00a0\u00bb:\\\u00a0\u00bb0e728813-9976-4935-8f0f-7e01f3bab153\\\u00a0\u00bb}]}}],\\\u00a0\u00bbtimestampInSeconds\\\u00a0\u00bb:1767773444,\\\u00a0\u00bbdateISOValue\\\u00a0\u00bb:\\\u00a0\u00bb2026-01-07T08:10:44.000Z\\\u00a0\u00bb,\\\u00a0\u00bbblockTime\\\u00a0\u00bb:\\\u00a0\u00bb09h10\\\u00a0\u00bb},{\\\u00a0\u00bbtitle\\\u00a0\u00bb:\\\u00a0\u00bbLa neige en images\\\u00a0\u00bb,\\\u00a0\u00bbisHighlighted\\\u00a0\u00bb:false,\\\u00a0\u00bbchildren\\\u00a0\u00bb:[{\\\u00a0\u00bbtype\\\u00a0\u00bb:\\\u00a0\u00bbimage\\\u00a0\u00bb,\\\u00a0\u00bbdata\\\u00a0\u00bb:{\\\u00a0\u00bbimages\\\u00a0\u00bb:[{\\\u00a0\u00bburl\\\u00a0\u00bb:\\\u00a0\u00bbhttps:\/\/www.francebleu.fr\/s3\/cruiser-production-eu3\/2026\/01\/0a09642a-935b-495b-9067-bc1323948b86\/600_sc_whatsapp-image-2026-01-07-at-09-03-32.jpg\\\u00a0\u00bb,\\\u00a0\u00bburlWebp\\\u00a0\u00bb:\\\u00a0\u00bbhttps:\/\/www.francebleu.fr\/s3\/cruiser-production-eu3\/2026\/01\/0a09642a-935b-495b-9067-bc1323948b86\/600_sc_whatsapp-image-2026-01-07-at-09-03-32.webp\\\u00a0\u00bb,\\\u00a0\u00bblegend\\\u00a0\u00bb:\\\u00a0\u00bbParis sous la neige\\\u00a0\u00bb,\\\u00a0\u00bbauthor\\\u00a0\u00bb:\\\u00a0\u00bbFlavien Groyer\\\u00a0\u00bb,\\\u00a0\u00bbcopyright\\\u00a0\u00bb:\\\u00a0\u00bbRadio France\\\u00a0\u00bb,\\\u00a0\u00bbwidth\\\u00a0\u00bb:600,\\\u00a0\u00bbheight\\\u00a0\u00bb:450,\\\u00a0\u00bbpreview\\\u00a0\u00bb:\\\u00a0\u00bb\/9j\/2wBDACgcHiMeGSgjISMtKygwPGRBPDc3PHtYXUlkkYCZlo+AjIqgtObDoKrarYqMyP\/L2u71\/\/\/\/m8H\/\/\/\/6\/+b9\/\/j\/2wBDASstLTw1PHZBQXb4pYyl+Pj4+Pj4+Pj4+Pj4+Pj4+Pj4+Pj4+Pj4+Pj4+Pj4+Pj4+Pj4+Pj4+Pj4+Pj4+Pj4+Pj\/wAARCAAfACoDASIAAhEBAxEB\/8QAGAABAQEBAQAAAAAAAAAAAAAAAgEDBAD\/xAAXEAEBAQEAAAAAAAAAAAAAAAAAARES\/8QAFgEBAQEAAAAAAAAAAAAAAAAAAAEC\/8QAFBEBAAAAAAAAAAAAAAAAAAAAAP\/aAAwDAQACEQMRAD8A6+ktDUtVlbQtW0aKFo6VAHSh4mKAlh49iDKwcbWJyD\/\/2Q==\\\u00a0\u00bb,\\\u00a0\u00bbdominant\\\u00a0\u00bb:\\\u00a0\u00bb#a8b8c8\\\u00a0\u00bb,\\\u00a0\u00bbid\\\u00a0\u00bb:\\\u00a0\u00bb0a09642a-935b-495b-9067-bc1323948b86\\\u00a0\u00bb}]}},{\\\u00a0\u00bbtype\\\u00a0\u00bb:\\\u00a0\u00bbimage\\\u00a0\u00bb,\\\u00a0\u00bbdata\\\u00a0\u00bb:{\\\u00a0\u00bbimages\\\u00a0\u00bb:[{\\\u00a0\u00bburl\\\u00a0\u00bb:\\\u00a0\u00bbhttps:\/\/www.francebleu.fr\/s3\/cruiser-production-eu3\/2026\/01\/62ee4790-4f0d-42c7-a1f6-b32812cfa9ea\/600_sc_whatsapp-image-2026-01-07-at-09-00-07.jpg\\\u00a0\u00bb,\\\u00a0\u00bburlWebp\\\u00a0\u00bb:\\\u00a0\u00bbhttps:\/\/www.francebleu.fr\/s3\/cruiser-production-eu3\/2026\/01\/62ee4790-4f0d-42c7-a1f6-b32812cfa9ea\/600_sc_whatsapp-image-2026-01-07-at-09-00-07.webp\\\u00a0\u00bb,\\\u00a0\u00bblegend\\\u00a0\u00bb:\\\u00a0\u00bbLa neige sur l&rsquo;A22 en direction Tourcoing\\\u00a0\u00bb,\\\u00a0\u00bbauthor\\\u00a0\u00bb:\\\u00a0\u00bbSt\u00e9phane Barbereau\\\u00a0\u00bb,\\\u00a0\u00bbcopyright\\\u00a0\u00bb:\\\u00a0\u00bbRadio France\\\u00a0\u00bb,\\\u00a0\u00bbwidth\\\u00a0\u00bb:600,\\\u00a0\u00bbheight\\\u00a0\u00bb:450,\\\u00a0\u00bbpreview\\\u00a0\u00bb:\\\u00a0\u00bb\/9j\/2wBDACgcHiMeGSgjISMtKygwPGRBPDc3PHtYXUlkkYCZlo+AjIqgtObDoKrarYqMyP\/L2u71\/\/\/\/m8H\/\/\/\/6\/+b9\/\/j\/2wBDASstLTw1PHZBQXb4pYyl+Pj4+Pj4+Pj4+Pj4+Pj4+Pj4+Pj4+Pj4+Pj4+Pj4+Pj4+Pj4+Pj4+Pj4+Pj4+Pj4+Pj\/wAARCAAfACoDASIAAhEBAxEB\/8QAGAABAQEBAQAAAAAAAAAAAAAAAgEDAAT\/xAAYEAEBAQEBAAAAAAAAAAAAAAAAAQIREv\/EABgBAQEAAwAAAAAAAAAAAAAAAAEAAgME\/8QAFREBAQAAAAAAAAAAAAAAAAAAABH\/2gAMAwEAAhEDEQA\/AN+u6PXddFaotoaq2hoVQdaH0mhFMemK6FxjTBsCxrwbBTGNyPlv5Tyqo\/\/Z\\\u00a0\u00bb,\\\u00a0\u00bbdominant\\\u00a0\u00bb:\\\u00a0\u00bb#78a8f8\\\u00a0\u00bb,\\\u00a0\u00bbid\\\u00a0\u00bb:\\\u00a0\u00bb62ee4790-4f0d-42c7-a1f6-b32812cfa9ea\\\u00a0\u00bb}]}},{\\\u00a0\u00bbtype\\\u00a0\u00bb:\\\u00a0\u00bbimage\\\u00a0\u00bb,\\\u00a0\u00bbdata\\\u00a0\u00bb:{\\\u00a0\u00bbimages\\\u00a0\u00bb:[{\\\u00a0\u00bburl\\\u00a0\u00bb:\\\u00a0\u00bbhttps:\/\/www.francebleu.fr\/s3\/cruiser-production-eu3\/2026\/01\/87bcfd20-09e4-43d6-b7f7-13633f06f79d\/600_sc_whatsapp-image-2026-01-07-at-08-47-32.jpg\\\u00a0\u00bb,\\\u00a0\u00bburlWebp\\\u00a0\u00bb:\\\u00a0\u00bbhttps:\/\/www.francebleu.fr\/s3\/cruiser-production-eu3\/2026\/01\/87bcfd20-09e4-43d6-b7f7-13633f06f79d\/600_sc_whatsapp-image-2026-01-07-at-08-47-32.webp\\\u00a0\u00bb,\\\u00a0\u00bblegend\\\u00a0\u00bb:\\\u00a0\u00bbLes agents de la voirie en action dans les Hauts-de-Seine\\\u00a0\u00bb,\\\u00a0\u00bbauthor\\\u00a0\u00bb:\\\u00a0\u00bbMarine Cite\\\u00a0\u00bb,\\\u00a0\u00bbcopyright\\\u00a0\u00bb:\\\u00a0\u00bbRadio France\\\u00a0\u00bb,\\\u00a0\u00bbwidth\\\u00a0\u00bb:600,\\\u00a0\u00bbheight\\\u00a0\u00bb:600,\\\u00a0\u00bbpreview\\\u00a0\u00bb:\\\u00a0\u00bb\/9j\/2wBDACgcHiMeGSgjISMtKygwPGRBPDc3PHtYXUlkkYCZlo+AjIqgtObDoKrarYqMyP\/L2u71\/\/\/\/m8H\/\/\/\/6\/+b9\/\/j\/2wBDASstLTw1PHZBQXb4pYyl+Pj4+Pj4+Pj4+Pj4+Pj4+Pj4+Pj4+Pj4+Pj4+Pj4+Pj4+Pj4+Pj4+Pj4+Pj4+Pj4+Pj\/wAARCAAqACoDASIAAhEBAxEB\/8QAFwABAQEBAAAAAAAAAAAAAAAAAQACA\/\/EABgQAQEBAQEAAAAAAAAAAAAAAAARAQIS\/8QAFgEBAQEAAAAAAAAAAAAAAAAAAAED\/8QAFBEBAAAAAAAAAAAAAAAAAAAAAP\/aAAwDAQACEQMRAD8A6VUCtmbVG6zRuoHeh6Z3WaDuGooDEG43BAc9wR0ggOqSEQKBlECv\/9k=\\\u00a0\u00bb,\\\u00a0\u00bbdominant\\\u00a0\u00bb:\\\u00a0\u00bb#78a8d8\\\u00a0\u00bb,\\\u00a0\u00bbid\\\u00a0\u00bb:\\\u00a0\u00bb87bcfd20-09e4-43d6-b7f7-13633f06f79d\\\u00a0\u00bb}]}}],\\\u00a0\u00bbtimestampInSeconds\\\u00a0\u00bb:1767773168,\\\u00a0\u00bbdateISOValue\\\u00a0\u00bb:\\\u00a0\u00bb2026-01-07T08:06:08.000Z\\\u00a0\u00bb,\\\u00a0\u00bbblockTime\\\u00a0\u00bb:\\\u00a0\u00bb09h06\\\u00a0\u00bb},{\\\u00a0\u00bbtitle\\\u00a0\u00bb:\\\u00a0\u00bbLe point sur les conditions de circulation \\\u00a0\u00bb,\\\u00a0\u00bbisHighlighted\\\u00a0\u00bb:true,\\\u00a0\u00bbchildren\\\u00a0\u00bb:[{\\\u00a0\u00bbtype\\\u00a0\u00bb:\\\u00a0\u00bbtext\\\u00a0\u00bb,\\\u00a0\u00bbchildren\\\u00a0\u00bb:[{\\\u00a0\u00bbtype\\\u00a0\u00bb:\\\u00a0\u00bbtext\\\u00a0\u00bb,\\\u00a0\u00bbvalue\\\u00a0\u00bb:\\\u00a0\u00bbLes chutes de neige s&rsquo;intensifient et compliquent les conditions de circulation, comme en t\u00e9moigne cette photo prise sur l&rsquo;A10 au niveau du p\u00e9age de Monnaie en Indre-et-Loire.\\\u00a0\u00bb}]},{\\\u00a0\u00bbtype\\\u00a0\u00bb:\\\u00a0\u00bbimage\\\u00a0\u00bb,\\\u00a0\u00bbdata\\\u00a0\u00bb:{\\\u00a0\u00bbimages\\\u00a0\u00bb:[{\\\u00a0\u00bburl\\\u00a0\u00bb:\\\u00a0\u00bbhttps:\/\/www.francebleu.fr\/s3\/cruiser-production-eu3\/2026\/01\/5ca27062-d569-4667-9602-ef0bc3d53b56\/600_sc_whatsapp-image-2026-01-07-at-08-30-38-1.jpg\\\u00a0\u00bb,\\\u00a0\u00bburlWebp\\\u00a0\u00bb:\\\u00a0\u00bbhttps:\/\/www.francebleu.fr\/s3\/cruiser-production-eu3\/2026\/01\/5ca27062-d569-4667-9602-ef0bc3d53b56\/600_sc_whatsapp-image-2026-01-07-at-08-30-38-1.webp\\\u00a0\u00bb,\\\u00a0\u00bblegend\\\u00a0\u00bb:\\\u00a0\u00bbCirculation compliqu\u00e9e sur l&rsquo;A10 au p\u00e9age de Monnaie (Indre-et-Loire)\\\u00a0\u00bb,\\\u00a0\u00bbauthor\\\u00a0\u00bb:\\\u00a0\u00bbVirginie Vandeville\\\u00a0\u00bb,\\\u00a0\u00bbcopyright\\\u00a0\u00bb:\\\u00a0\u00bbRadio France\\\u00a0\u00bb,\\\u00a0\u00bbwidth\\\u00a0\u00bb:600,\\\u00a0\u00bbheight\\\u00a0\u00bb:337,\\\u00a0\u00bbpreview\\\u00a0\u00bb:\\\u00a0\u00bb\/9j\/2wBDACgcHiMeGSgjISMtKygwPGRBPDc3PHtYXUlkkYCZlo+AjIqgtObDoKrarYqMyP\/L2u71\/\/\/\/m8H\/\/\/\/6\/+b9\/\/j\/2wBDASstLTw1PHZBQXb4pYyl+Pj4+Pj4+Pj4+Pj4+Pj4+Pj4+Pj4+Pj4+Pj4+Pj4+Pj4+Pj4+Pj4+Pj4+Pj4+Pj4+Pj\/wAARCAAXACoDASIAAhEBAxEB\/8QAGAAAAwEBAAAAAAAAAAAAAAAAAAECAwT\/xAAXEAEBAQEAAAAAAAAAAAAAAAAAAREC\/8QAFgEBAQEAAAAAAAAAAAAAAAAAAAEC\/8QAFREBAQAAAAAAAAAAAAAAAAAAABH\/2gAMAwEAAhEDEQA\/AJvJWNcK8pVY2JsbWJsUZWFjSwsKOvCsAYVNiKA0iaQAP\/\/Z\\\u00a0\u00bb,\\\u00a0\u00bbdominant\\\u00a0\u00bb:\\\u00a0\u00bb#685858\\\u00a0\u00bb,\\\u00a0\u00bbid\\\u00a0\u00bb:\\\u00a0\u00bb5ca27062-d569-4667-9602-ef0bc3d53b56\\\u00a0\u00bb}]}},{\\\u00a0\u00bbtype\\\u00a0\u00bb:\\\u00a0\u00bbtext\\\u00a0\u00bb,\\\u00a0\u00bbchildren\\\u00a0\u00bb:[{\\\u00a0\u00bbtype\\\u00a0\u00bb:\\\u00a0\u00bbtext\\\u00a0\u00bb,\\\u00a0\u00bbvalue\\\u00a0\u00bb:\\\u00a0\u00bbDes complications sont signal\u00e9es sur l&rsquo;A11\u00a0entre Paris et Angers,\u00a0sur l&rsquo;A81 pr\u00e8s du Mans, et sur l&rsquo;A10 entre Paris et Orl\u00e9ans.\u00a0APRR note aussi de la neige et du verglas sur l&rsquo;A84, dans la Manche, ce qui d\u00e9grade la circulation. Sur l&rsquo;A13, les conditions de circulation sont \\\\\\\u00a0\u00bbmauvaises\\\\\\\u00a0\u00bb dans les deux sens entre Paris et Rouen, pr\u00e9cise le site d&rsquo;APRR. La circulation est aussi difficile sur l&rsquo;A1 pr\u00e8s d&rsquo;Arras, et sur l&rsquo;A26 entre Arras et Calais.\\\u00a0\u00bb}]},{\\\u00a0\u00bbtype\\\u00a0\u00bb:\\\u00a0\u00bbtext\\\u00a0\u00bb,\\\u00a0\u00bbchildren\\\u00a0\u00bb:[{\\\u00a0\u00bbtype\\\u00a0\u00bb:\\\u00a0\u00bbtext\\\u00a0\u00bb,\\\u00a0\u00bbvalue\\\u00a0\u00bb:\\\u00a0\u00bbDes chutes de neige ont \u00e9t\u00e9 enregistr\u00e9es \u00e9galement dans le sud de la France. Vinci Autoroutes signale plusieurs accidents sur l&rsquo;A8 dans le secteur de Trets (Bouches-du-Rh\u00f4ne). L&rsquo;autoroute est coup\u00e9e en direction d&rsquo;Aix et Marseille.\\\u00a0\u00bb}]},{\\\u00a0\u00bbtype\\\u00a0\u00bb:\\\u00a0\u00bbtext\\\u00a0\u00bb,\\\u00a0\u00bbchildren\\\u00a0\u00bb:[{\\\u00a0\u00bbtype\\\u00a0\u00bb:\\\u00a0\u00bbtext\\\u00a0\u00bb,\\\u00a0\u00bbvalue\\\u00a0\u00bb:\\\u00a0\u00bbEn \u00cele-de-France, la N118 est ferm\u00e9e dans les deux sens, indique\u00a0\\\u00a0\u00bb},{\\\u00a0\u00bbtype\\\u00a0\u00bb:\\\u00a0\u00bblink\\\u00a0\u00bb,\\\u00a0\u00bbdata\\\u00a0\u00bb:{\\\u00a0\u00bbhref\\\u00a0\u00bb:\\\u00a0\u00bbhttps:\/\/www.francebleu.fr\/infos\/transports\/direct-la-neige-tombe-en-ile-de-france-les-transports-perturbes-9612710\\\u00a0\u00bb},\\\u00a0\u00bbvalue\\\u00a0\u00bb:\\\u00a0\u00bbICI Paris-\u00cele-de-France\\\u00a0\u00bb},{\\\u00a0\u00bbtype\\\u00a0\u00bb:\\\u00a0\u00bbtext\\\u00a0\u00bb,\\\u00a0\u00bbvalue\\\u00a0\u00bb:\\\u00a0\u00bb.\\\u00a0\u00bb}]},{\\\u00a0\u00bbtype\\\u00a0\u00bb:\\\u00a0\u00bbembed\\\u00a0\u00bb,\\\u00a0\u00bbdata\\\u00a0\u00bb:{\\\u00a0\u00bbhtml\\\u00a0\u00bb:\\\u00a0\u00bb\\u003Cblockquote class=\\\\\\\u00a0\u00bbtwitter-tweet\\\\\\\u00a0\u00bb data-width=\\\\\\\u00a0\u00bb550\\\\\\\u00a0\u00bb>\\u003Cp lang=\\\\\\\u00a0\u00bbfr\\\\\\\u00a0\u00bb dir=\\\\\\\u00a0\u00bbltr\\\\\\\u00a0\u00bb>\u2744\ufe0f\ud83d\udfe0 \\u003Ca href=\\\\\\\u00a0\u00bbhttps:\/\/twitter.com\/hashtag\/Neige?src=hash&amp;ref_src=twsrc%5Etfw\\\\\\\u00a0\u00bb>#Neige\\u003C\/a> et \\u003Ca href=\\\\\\\u00a0\u00bbhttps:\/\/twitter.com\/hashtag\/Verglas?src=hash&amp;ref_src=twsrc%5Etfw\\\\\\\u00a0\u00bb>#Verglas\\u003C\/a> | Dans le cadre du Plan neige et verglas en \u00cele-de-France, la N118 est ferm\u00e9e dans les deux sens, des Ulis \u00e0 S\u00e8vres, sur d\u00e9cision du pr\u00e9fet de police, pr\u00e9fet de la zone de d\u00e9fense et de s\u00e9curit\u00e9. \\u003Cbr>\\u003Cbr>\u27a1\ufe0f \u00c9vitez le secteur et reportez vos d\u00e9placements si\u2026 \\u003Ca href=\\\\\\\u00a0\u00bbhttps:\/\/t.co\/8KlifpEu7v\\\\\\\u00a0\u00bb>pic.twitter.com\/8KlifpEu7v\\u003C\/a>\\u003C\/p>&mdash; Pr\u00e9fecture de Police (@prefpolice) \\u003Ca href=\\\\\\\u00a0\u00bbhttps:\/\/twitter.com\/prefpolice\/status\/2008809401696522616?ref_src=twsrc%5Etfw\\\\\\\u00a0\u00bb>January 7, 2026\\u003C\/a>\\u003C\/blockquote>\\\\n\\u003Cscript async src=\\\\\\\u00a0\u00bbhttps:\/\/platform.twitter.com\/widgets.js\\\\\\\u00a0\u00bb charset=\\\\\\\u00a0\u00bbutf-8\\\\\\\u00a0\u00bb>\\u003C\/script>\\\\n\\\\n\\\u00a0\u00bb,\\\u00a0\u00bbprovider\\\u00a0\u00bb:\\\u00a0\u00bbtwitter\\\u00a0\u00bb,\\\u00a0\u00bbdidomiPurposes\\\u00a0\u00bb:\\\u00a0\u00bbPour afficher ce contenu X (anciennement Twitter), vous devez accepter les cookies \\u003Cb>R\u00e9seaux Sociaux\\u003C\/b>.\\u003Cbr>\\u003Cbr>Ces cookies permettent de partager ou r\u00e9agir directement sur les r\u00e9seaux sociaux auxquels vous \u00eates connect\u00e9s ou d&rsquo;int\u00e9grer du contenu initialement post\u00e9 sur ces r\u00e9seaux sociaux. Ils permettent aussi aux r\u00e9seaux sociaux d&rsquo;utiliser vos visites sur nos sites et applications \u00e0 des fins de personnalisation et de ciblage publicitaire.\\\u00a0\u00bb,\\\u00a0\u00bbdidomiVendorId\\\u00a0\u00bb:\\\u00a0\u00bbc:twitter-rNGnjKz6\\\u00a0\u00bb}},{\\\u00a0\u00bbtype\\\u00a0\u00bb:\\\u00a0\u00bbimage\\\u00a0\u00bb,\\\u00a0\u00bbdata\\\u00a0\u00bb:{\\\u00a0\u00bbimages\\\u00a0\u00bb:[{\\\u00a0\u00bburl\\\u00a0\u00bb:\\\u00a0\u00bbhttps:\/\/www.francebleu.fr\/s3\/cruiser-production-eu3\/2026\/01\/b7555393-9740-40ad-943e-c4d3c02be844\/600_sc_whatsapp-image-2026-01-07-at-08-53-57.jpg\\\u00a0\u00bb,\\\u00a0\u00bburlWebp\\\u00a0\u00bb:\\\u00a0\u00bbhttps:\/\/www.francebleu.fr\/s3\/cruiser-production-eu3\/2026\/01\/b7555393-9740-40ad-943e-c4d3c02be844\/600_sc_whatsapp-image-2026-01-07-at-08-53-57.webp\\\u00a0\u00bb,\\\u00a0\u00bblegend\\\u00a0\u00bb:\\\u00a0\u00bbLes d\u00e9neigeuses en action sur la N118 dans les Hauts-de-Seine\\\u00a0\u00bb,\\\u00a0\u00bbauthor\\\u00a0\u00bb:\\\u00a0\u00bbMarine Cite\\\u00a0\u00bb,\\\u00a0\u00bbcopyright\\\u00a0\u00bb:\\\u00a0\u00bbRadio France\\\u00a0\u00bb,\\\u00a0\u00bbwidth\\\u00a0\u00bb:600,\\\u00a0\u00bbheight\\\u00a0\u00bb:600,\\\u00a0\u00bbpreview\\\u00a0\u00bb:\\\u00a0\u00bb\/9j\/2wBDACgcHiMeGSgjISMtKygwPGRBPDc3PHtYXUlkkYCZlo+AjIqgtObDoKrarYqMyP\/L2u71\/\/\/\/m8H\/\/\/\/6\/+b9\/\/j\/2wBDASstLTw1PHZBQXb4pYyl+Pj4+Pj4+Pj4+Pj4+Pj4+Pj4+Pj4+Pj4+Pj4+Pj4+Pj4+Pj4+Pj4+Pj4+Pj4+Pj4+Pj\/wAARCAAqACoDASIAAhEBAxEB\/8QAFwABAQEBAAAAAAAAAAAAAAAAAgEAA\/\/EABcQAQEBAQAAAAAAAAAAAAAAAAABERL\/xAAWAQEBAQAAAAAAAAAAAAAAAAAAAQP\/xAAUEQEAAAAAAAAAAAAAAAAAAAAA\/9oADAMBAAIRAxEAPwCasrnKUrVmetU1LQa1NS1NAYUoqinqWjqaBWimtoFUtWjQS0emoopa2iyo\/9k=\\\u00a0\u00bb,\\\u00a0\u00bbdominant\\\u00a0\u00bb:\\\u00a0\u00bb#6898b8\\\u00a0\u00bb,\\\u00a0\u00bbid\\\u00a0\u00bb:\\\u00a0\u00bbb7555393-9740-40ad-943e-c4d3c02be844\\\u00a0\u00bb}]}}],\\\u00a0\u00bbtimestampInSeconds\\\u00a0\u00bb:1767771627,\\\u00a0\u00bbdateISOValue\\\u00a0\u00bb:\\\u00a0\u00bb2026-01-07T07:40:27.000Z\\\u00a0\u00bb,\\\u00a0\u00bbblockTime\\\u00a0\u00bb:\\\u00a0\u00bb08h40\\\u00a0\u00bb},{\\\u00a0\u00bbtitle\\\u00a0\u00bb:\\\u00a0\u00bbLes conditions de circulation compliqu\u00e9es sur les routes\\\u00a0\u00bb,\\\u00a0\u00bbisHighlighted\\\u00a0\u00bb:false,\\\u00a0\u00bbchildren\\\u00a0\u00bb:[{\\\u00a0\u00bbtype\\\u00a0\u00bb:\\\u00a0\u00bbembed\\\u00a0\u00bb,\\\u00a0\u00bbdata\\\u00a0\u00bb:{\\\u00a0\u00bbhtml\\\u00a0\u00bb:\\\u00a0\u00bb\\u003Cblockquote class=\\\\\\\u00a0\u00bbtwitter-tweet\\\\\\\u00a0\u00bb data-width=\\\\\\\u00a0\u00bb550\\\\\\\u00a0\u00bb>\\u003Cp lang=\\\\\\\u00a0\u00bbfr\\\\\\\u00a0\u00bb dir=\\\\\\\u00a0\u00bbltr\\\\\\\u00a0\u00bb>Neige : la route est glissante \u00e0 Meudon (Hauts-de-Seine) dans la c\u00f4te des Gardes \\u003Ca href=\\\\\\\u00a0\u00bbhttps:\/\/t.co\/2KY5TjiTD5\\\\\\\u00a0\u00bb>https:\/\/t.co\/2KY5TjiTD5\\u003C\/a> \\u003Ca href=\\\\\\\u00a0\u00bbhttps:\/\/t.co\/8CFNVmr95O\\\\\\\u00a0\u00bb>pic.twitter.com\/8CFNVmr95O\\u003C\/a>\\u003C\/p>&mdash; ICI Paris \u00cele-de-France (@iciparisidf) \\u003Ca href=\\\\\\\u00a0\u00bbhttps:\/\/twitter.com\/iciparisidf\/status\/2008803675842506923?ref_src=twsrc%5Etfw\\\\\\\u00a0\u00bb>January 7, 2026\\u003C\/a>\\u003C\/blockquote>\\\\n\\u003Cscript async src=\\\\\\\u00a0\u00bbhttps:\/\/platform.twitter.com\/widgets.js\\\\\\\u00a0\u00bb charset=\\\\\\\u00a0\u00bbutf-8\\\\\\\u00a0\u00bb>\\u003C\/script>\\\\n\\\\n\\\u00a0\u00bb,\\\u00a0\u00bbprovider\\\u00a0\u00bb:\\\u00a0\u00bbtwitter\\\u00a0\u00bb,\\\u00a0\u00bbdidomiPurposes\\\u00a0\u00bb:\\\u00a0\u00bbPour afficher ce contenu X (anciennement Twitter), vous devez accepter les cookies \\u003Cb>R\u00e9seaux Sociaux\\u003C\/b>.\\u003Cbr>\\u003Cbr>Ces cookies permettent de partager ou r\u00e9agir directement sur les r\u00e9seaux sociaux auxquels vous \u00eates connect\u00e9s ou d&rsquo;int\u00e9grer du contenu initialement post\u00e9 sur ces r\u00e9seaux sociaux. Ils permettent aussi aux r\u00e9seaux sociaux d&rsquo;utiliser vos visites sur nos sites et applications \u00e0 des fins de personnalisation et de ciblage publicitaire.\\\u00a0\u00bb,\\\u00a0\u00bbdidomiVendorId\\\u00a0\u00bb:\\\u00a0\u00bbc:twitter-rNGnjKz6\\\u00a0\u00bb}}],\\\u00a0\u00bbtimestampInSeconds\\\u00a0\u00bb:1767771144,\\\u00a0\u00bbdateISOValue\\\u00a0\u00bb:\\\u00a0\u00bb2026-01-07T07:32:24.000Z\\\u00a0\u00bb,\\\u00a0\u00bbblockTime\\\u00a0\u00bb:\\\u00a0\u00bb08h32\\\u00a0\u00bb},{\\\u00a0\u00bbtitle\\\u00a0\u00bb:\\\u00a0\u00bbUne centaine de vols annul\u00e9s \u00e0 Roissy, 40 \u00e0 Orly\\\u00a0\u00bb,\\\u00a0\u00bbisHighlighted\\\u00a0\u00bb:true,\\\u00a0\u00bbchildren\\\u00a0\u00bb:[{\\\u00a0\u00bbtype\\\u00a0\u00bb:\\\u00a0\u00bbtext\\\u00a0\u00bb,\\\u00a0\u00bbchildren\\\u00a0\u00bb:[{\\\u00a0\u00bbtype\\\u00a0\u00bb:\\\u00a0\u00bbtext\\\u00a0\u00bb,\\\u00a0\u00bbvalue\\\u00a0\u00bb:\\\u00a0\u00bbComme annonc\u00e9 hier, le minist\u00e8re des Transports confirme \u00e0 l&rsquo;instant qu&rsquo;une centaine de vols sont annul\u00e9s \u00e0 l&rsquo;a\u00e9roport Roissy-Charles-de-Gaulle, et environ 40 \u00e0 Orly. Le ministre Philippe Tabarot esp\u00e8re un retour \u00e0 la normale \\\\\\\u00a0\u00bb\\u003Cem>cet apr\u00e8s-midi\\u003C\/em>\\\\\\\u00a0\u00bb.\\\u00a0\u00bb}]}],\\\u00a0\u00bbtimestampInSeconds\\\u00a0\u00bb:1767770547,\\\u00a0\u00bbdateISOValue\\\u00a0\u00bb:\\\u00a0\u00bb2026-01-07T07:22:27.000Z\\\u00a0\u00bb,\\\u00a0\u00bbblockTime\\\u00a0\u00bb:\\\u00a0\u00bb08h22\\\u00a0\u00bb},{\\\u00a0\u00bbtitle\\\u00a0\u00bb:\\\u00a0\u00bbLes pr\u00e9visions m\u00e9t\u00e9o \\\u00a0\u00bb,\\\u00a0\u00bbisHighlighted\\\u00a0\u00bb:false,\\\u00a0\u00bbchildren\\\u00a0\u00bb:[{\\\u00a0\u00bbtype\\\u00a0\u00bb:\\\u00a0\u00bbtext\\\u00a0\u00bb,\\\u00a0\u00bbchildren\\\u00a0\u00bb:[{\\\u00a0\u00bbtype\\\u00a0\u00bb:\\\u00a0\u00bbtext\\\u00a0\u00bb,\\\u00a0\u00bbvalue\\\u00a0\u00bb:\\\u00a0\u00bbM\u00e9t\u00e9o France nous indique que l&rsquo;\u00e9pisode neigeux qui traverse une large partie du nord du pays d&rsquo;ouest en est va durer au moins jusqu&rsquo;\u00e0 la mi-journ\u00e9e. Les cumuls attendus dans les d\u00e9partements en vigilance orange atteignent souvent 3 \u00e0 7 cm, localement 10 \u00e0 15 cm sur les Ardennes et tr\u00e8s localement ailleurs. Il faut s&rsquo;attendre \u00e0 une intensit\u00e9 horaire de l&rsquo;ordre de 1 cm de neige par heure, et jusqu&rsquo;\u00e0 3 cm par heure temporairement.\u00a0Sur le Poitou-Charentes et l&rsquo;est des Pays de la Loire, un court passage de pluies vergla\u00e7antes est possible.\\\u00a0\u00bb}]},{\\\u00a0\u00bbtype\\\u00a0\u00bb:\\\u00a0\u00bbimage\\\u00a0\u00bb,\\\u00a0\u00bbdata\\\u00a0\u00bb:{\\\u00a0\u00bbimages\\\u00a0\u00bb:[{\\\u00a0\u00bburl\\\u00a0\u00bb:\\\u00a0\u00bbhttps:\/\/www.francebleu.fr\/s3\/cruiser-production-eu3\/2026\/01\/b5e773c4-7ab0-4907-bb76-b094ad9b0c45\/600_sc_capture-d-ecran-2026-01-07-080842.jpg\\\u00a0\u00bb,\\\u00a0\u00bburlWebp\\\u00a0\u00bb:\\\u00a0\u00bbhttps:\/\/www.francebleu.fr\/s3\/cruiser-production-eu3\/2026\/01\/b5e773c4-7ab0-4907-bb76-b094ad9b0c45\/600_sc_capture-d-ecran-2026-01-07-080842.webp\\\u00a0\u00bb,\\\u00a0\u00bblegend\\\u00a0\u00bb:\\\u00a0\u00bbLes pr\u00e9visions m\u00e9t\u00e9o pour ce mercredi matin\\\u00a0\u00bb,\\\u00a0\u00bbauthor\\\u00a0\u00bb:\\\u00a0\u00bbM\u00e9t\u00e9o France\\\u00a0\u00bb,\\\u00a0\u00bbcopyright\\\u00a0\u00bb:\\\u00a0\u00bbAucun(e)\\\u00a0\u00bb,\\\u00a0\u00bbwidth\\\u00a0\u00bb:517,\\\u00a0\u00bbheight\\\u00a0\u00bb:500,\\\u00a0\u00bbpreview\\\u00a0\u00bb:\\\u00a0\u00bb\/9j\/2wBDACgcHiMeGSgjISMtKygwPGRBPDc3PHtYXUlkkYCZlo+AjIqgtObDoKrarYqMyP\/L2u71\/\/\/\/m8H\/\/\/\/6\/+b9\/\/j\/2wBDASstLTw1PHZBQXb4pYyl+Pj4+Pj4+Pj4+Pj4+Pj4+Pj4+Pj4+Pj4+Pj4+Pj4+Pj4+Pj4+Pj4+Pj4+Pj4+Pj4+Pj\/wAARCAAoACoDASIAAhEBAxEB\/8QAGAAAAwEBAAAAAAAAAAAAAAAAAAECAwT\/xAAWEAEBAQAAAAAAAAAAAAAAAAAAARH\/xAAXAQEBAQEAAAAAAAAAAAAAAAAAAQID\/8QAFhEBAQEAAAAAAAAAAAAAAAAAAAER\/9oADAMBAAIRAxEAPwDs0aRFrmvTlQqM6q4pEU1BjgVhYVCOAMYqpT1OjW4LwrAFE0gDEI9AUf\/Z\\\u00a0\u00bb,\\\u00a0\u00bbdominant\\\u00a0\u00bb:\\\u00a0\u00bb#88b8d8\\\u00a0\u00bb,\\\u00a0\u00bbid\\\u00a0\u00bb:\\\u00a0\u00bbb5e773c4-7ab0-4907-bb76-b094ad9b0c45\\\u00a0\u00bb}]}}],\\\u00a0\u00bbtimestampInSeconds\\\u00a0\u00bb:1767769654,\\\u00a0\u00bbdateISOValue\\\u00a0\u00bb:\\\u00a0\u00bb2026-01-07T07:07:34.000Z\\\u00a0\u00bb,\\\u00a0\u00bbblockTime\\\u00a0\u00bb:\\\u00a0\u00bb08h07\\\u00a0\u00bb},{\\\u00a0\u00bbtitle\\\u00a0\u00bb:\\\u00a0\u00bbLes premiers flocons en image\\\u00a0\u00bb,\\\u00a0\u00bbisHighlighted\\\u00a0\u00bb:false,\\\u00a0\u00bbchildren\\\u00a0\u00bb:[{\\\u00a0\u00bbtype\\\u00a0\u00bb:\\\u00a0\u00bbtext\\\u00a0\u00bb,\\\u00a0\u00bbchildren\\\u00a0\u00bb:[{\\\u00a0\u00bbtype\\\u00a0\u00bb:\\\u00a0\u00bbtext\\\u00a0\u00bb,\\\u00a0\u00bbvalue\\\u00a0\u00bb:\\\u00a0\u00bbVous \u00eates nombreux \u00e0 vous r\u00e9veiller sous les flocons. Voici les premi\u00e8res photos qui nous parviennent.\\\u00a0\u00bb}]},{\\\u00a0\u00bbtype\\\u00a0\u00bb:\\\u00a0\u00bbimage\\\u00a0\u00bb,\\\u00a0\u00bbdata\\\u00a0\u00bb:{\\\u00a0\u00bbimages\\\u00a0\u00bb:[{\\\u00a0\u00bburl\\\u00a0\u00bb:\\\u00a0\u00bbhttps:\/\/www.francebleu.fr\/s3\/cruiser-production-eu3\/2026\/01\/02860d0c-07e1-474b-a2ac-4307b6d6f15f\/600_sc_web-whatsapp-9.jpg\\\u00a0\u00bb,\\\u00a0\u00bburlWebp\\\u00a0\u00bb:\\\u00a0\u00bbhttps:\/\/www.francebleu.fr\/s3\/cruiser-production-eu3\/2026\/01\/02860d0c-07e1-474b-a2ac-4307b6d6f15f\/600_sc_web-whatsapp-9.webp\\\u00a0\u00bb,\\\u00a0\u00bblegend\\\u00a0\u00bb:\\\u00a0\u00bbLes premiers flocons \u00e0 Issy-les-Moulineaux (Hauts-de-Seine)\\\u00a0\u00bb,\\\u00a0\u00bbauthor\\\u00a0\u00bb:\\\u00a0\u00bbFaustine Mauerhan\\\u00a0\u00bb,\\\u00a0\u00bbcopyright\\\u00a0\u00bb:\\\u00a0\u00bbRadio France\\\u00a0\u00bb,\\\u00a0\u00bbwidth\\\u00a0\u00bb:600,\\\u00a0\u00bbheight\\\u00a0\u00bb:800,\\\u00a0\u00bbpreview\\\u00a0\u00bb:\\\u00a0\u00bb\/9j\/2wBDACgcHiMeGSgjISMtKygwPGRBPDc3PHtYXUlkkYCZlo+AjIqgtObDoKrarYqMyP\/L2u71\/\/\/\/m8H\/\/\/\/6\/+b9\/\/j\/2wBDASstLTw1PHZBQXb4pYyl+Pj4+Pj4+Pj4+Pj4+Pj4+Pj4+Pj4+Pj4+Pj4+Pj4+Pj4+Pj4+Pj4+Pj4+Pj4+Pj4+Pj\/wAARCAAqAB8DASIAAhEBAxEB\/8QAGAAAAwEBAAAAAAAAAAAAAAAAAQIDAAX\/xAAYEAEBAQEBAAAAAAAAAAAAAAAAAQIREv\/EABUBAQEAAAAAAAAAAAAAAAAAAAEA\/8QAFBEBAAAAAAAAAAAAAAAAAAAAAP\/aAAwDAQACEQMRAD8A58imQkPICfFWzpCGlBLMj5UmR8kJ8BSwtgKsg8aCkWwth6VJ\/9k=\\\u00a0\u00bb,\\\u00a0\u00bbdominant\\\u00a0\u00bb:\\\u00a0\u00bb#382828\\\u00a0\u00bb,\\\u00a0\u00bbid\\\u00a0\u00bb:\\\u00a0\u00bb02860d0c-07e1-474b-a2ac-4307b6d6f15f\\\u00a0\u00bb}]}},{\\\u00a0\u00bbtype\\\u00a0\u00bb:\\\u00a0\u00bbimage\\\u00a0\u00bb,\\\u00a0\u00bbdata\\\u00a0\u00bb:{\\\u00a0\u00bbimages\\\u00a0\u00bb:[{\\\u00a0\u00bburl\\\u00a0\u00bb:\\\u00a0\u00bbhttps:\/\/www.francebleu.fr\/s3\/cruiser-production-eu3\/2026\/01\/949d5f70-46ca-4495-b65f-dd6f0bd868d2\/600_sc_web-whatsapp-10.jpg\\\u00a0\u00bb,\\\u00a0\u00bburlWebp\\\u00a0\u00bb:\\\u00a0\u00bbhttps:\/\/www.francebleu.fr\/s3\/cruiser-production-eu3\/2026\/01\/949d5f70-46ca-4495-b65f-dd6f0bd868d2\/600_sc_web-whatsapp-10.webp\\\u00a0\u00bb,\\\u00a0\u00bblegend\\\u00a0\u00bb:\\\u00a0\u00bbLes agents s&rsquo;activent au centre d&rsquo;exploitation d&rsquo;Orchies dans le Nord\\\u00a0\u00bb,\\\u00a0\u00bbauthor\\\u00a0\u00bb:\\\u00a0\u00bbJulien Prouvoyeur\\\u00a0\u00bb,\\\u00a0\u00bbcopyright\\\u00a0\u00bb:\\\u00a0\u00bbAucun(e)\\\u00a0\u00bb,\\\u00a0\u00bbwidth\\\u00a0\u00bb:600,\\\u00a0\u00bbheight\\\u00a0\u00bb:450,\\\u00a0\u00bbpreview\\\u00a0\u00bb:\\\u00a0\u00bb\/9j\/2wBDACgcHiMeGSgjISMtKygwPGRBPDc3PHtYXUlkkYCZlo+AjIqgtObDoKrarYqMyP\/L2u71\/\/\/\/m8H\/\/\/\/6\/+b9\/\/j\/2wBDASstLTw1PHZBQXb4pYyl+Pj4+Pj4+Pj4+Pj4+Pj4+Pj4+Pj4+Pj4+Pj4+Pj4+Pj4+Pj4+Pj4+Pj4+Pj4+Pj4+Pj\/wAARCAAfACoDASIAAhEBAxEB\/8QAGQAAAgMBAAAAAAAAAAAAAAAAAgMAAQQF\/8QAGBABAQEBAQAAAAAAAAAAAAAAAAECERL\/xAAWAQEBAQAAAAAAAAAAAAAAAAAAAQL\/xAAUEQEAAAAAAAAAAAAAAAAAAAAA\/9oADAMBAAIRAxEAPwDFxcRcZUWTclQ3NA7Iy80fVHO6nQdTqBspmazymZoNOdD9EZ0P0D\/\/2Q==\\\u00a0\u00bb,\\\u00a0\u00bbdominant\\\u00a0\u00bb:\\\u00a0\u00bb#281808\\\u00a0\u00bb,\\\u00a0\u00bbid\\\u00a0\u00bb:\\\u00a0\u00bb949d5f70-46ca-4495-b65f-dd6f0bd868d2\\\u00a0\u00bb}]}},{\\\u00a0\u00bbtype\\\u00a0\u00bb:\\\u00a0\u00bbimage\\\u00a0\u00bb,\\\u00a0\u00bbdata\\\u00a0\u00bb:{\\\u00a0\u00bbimages\\\u00a0\u00bb:[{\\\u00a0\u00bburl\\\u00a0\u00bb:\\\u00a0\u00bbhttps:\/\/www.francebleu.fr\/s3\/cruiser-production-eu3\/2026\/01\/9c6d4879-9d0d-4d50-94a3-b77915487a67\/600_sc_image-19.jpg\\\u00a0\u00bb,\\\u00a0\u00bburlWebp\\\u00a0\u00bb:\\\u00a0\u00bbhttps:\/\/www.francebleu.fr\/s3\/cruiser-production-eu3\/2026\/01\/9c6d4879-9d0d-4d50-94a3-b77915487a67\/600_sc_image-19.webp\\\u00a0\u00bb,\\\u00a0\u00bblegend\\\u00a0\u00bb:\\\u00a0\u00bbLa neige \u00e0 Amiens dans la Somme\\\u00a0\u00bb,\\\u00a0\u00bbauthor\\\u00a0\u00bb:\\\u00a0\u00bbPierre-Antoine Lefort\\\u00a0\u00bb,\\\u00a0\u00bbcopyright\\\u00a0\u00bb:\\\u00a0\u00bbRadio France\\\u00a0\u00bb,\\\u00a0\u00bbwidth\\\u00a0\u00bb:600,\\\u00a0\u00bbheight\\\u00a0\u00bb:450,\\\u00a0\u00bbpreview\\\u00a0\u00bb:\\\u00a0\u00bb\/9j\/2wBDACgcHiMeGSgjISMtKygwPGRBPDc3PHtYXUlkkYCZlo+AjIqgtObDoKrarYqMyP\/L2u71\/\/\/\/m8H\/\/\/\/6\/+b9\/\/j\/2wBDASstLTw1PHZBQXb4pYyl+Pj4+Pj4+Pj4+Pj4+Pj4+Pj4+Pj4+Pj4+Pj4+Pj4+Pj4+Pj4+Pj4+Pj4+Pj4+Pj4+Pj\/wAARCAAfACoDASIAAhEBAxEB\/8QAGAABAQEBAQAAAAAAAAAAAAAAAgMEAAH\/xAAYEAEBAQEBAAAAAAAAAAAAAAAAAgESEf\/EABYBAQEBAAAAAAAAAAAAAAAAAAABAv\/EABQRAQAAAAAAAAAAAAAAAAAAAAD\/2gAMAwEAAhEDEQA\/AIRS82yTqs6y01dhVJ9DVA66R6e3qfoik4eYWSWSiiNKbg1gIUCtYHio\/9k=\\\u00a0\u00bb,\\\u00a0\u00bbdominant\\\u00a0\u00bb:\\\u00a0\u00bb#382818\\\u00a0\u00bb,\\\u00a0\u00bbid\\\u00a0\u00bb:\\\u00a0\u00bb9c6d4879-9d0d-4d50-94a3-b77915487a67\\\u00a0\u00bb}]}},{\\\u00a0\u00bbtype\\\u00a0\u00bb:\\\u00a0\u00bbimage\\\u00a0\u00bb,\\\u00a0\u00bbdata\\\u00a0\u00bb:{\\\u00a0\u00bbimages\\\u00a0\u00bb:[{\\\u00a0\u00bburl\\\u00a0\u00bb:\\\u00a0\u00bbhttps:\/\/www.francebleu.fr\/s3\/cruiser-production-eu3\/2026\/01\/db48057e-4139-4b66-80ca-295244241f62\/600_sc_web-whatsapp-11.jpg\\\u00a0\u00bb,\\\u00a0\u00bburlWebp\\\u00a0\u00bb:\\\u00a0\u00bbhttps:\/\/www.francebleu.fr\/s3\/cruiser-production-eu3\/2026\/01\/db48057e-4139-4b66-80ca-295244241f62\/600_sc_web-whatsapp-11.webp\\\u00a0\u00bb,\\\u00a0\u00bblegend\\\u00a0\u00bb:\\\u00a0\u00bbLa neige tombe abondamment \u00e0 Leers, dans la m\u00e9tropole lilloise (Nord)\\\u00a0\u00bb,\\\u00a0\u00bbauthor\\\u00a0\u00bb:\\\u00a0\u00bbSt\u00e9phane Barbereau\\\u00a0\u00bb,\\\u00a0\u00bbcopyright\\\u00a0\u00bb:\\\u00a0\u00bbRadio France\\\u00a0\u00bb,\\\u00a0\u00bbwidth\\\u00a0\u00bb:600,\\\u00a0\u00bbheight\\\u00a0\u00bb:450,\\\u00a0\u00bbpreview\\\u00a0\u00bb:\\\u00a0\u00bb\/9j\/2wBDACgcHiMeGSgjISMtKygwPGRBPDc3PHtYXUlkkYCZlo+AjIqgtObDoKrarYqMyP\/L2u71\/\/\/\/m8H\/\/\/\/6\/+b9\/\/j\/2wBDASstLTw1PHZBQXb4pYyl+Pj4+Pj4+Pj4+Pj4+Pj4+Pj4+Pj4+Pj4+Pj4+Pj4+Pj4+Pj4+Pj4+Pj4+Pj4+Pj4+Pj\/wAARCAAfACoDASIAAhEBAxEB\/8QAGAABAQEBAQAAAAAAAAAAAAAAAQIAAwT\/xAAWEAEBAQAAAAAAAAAAAAAAAAAAARH\/xAAVAQEBAAAAAAAAAAAAAAAAAAAAAf\/EABQRAQAAAAAAAAAAAAAAAAAAAAD\/2gAMAwEAAhEDEQA\/APTUWOibEEYYcbBTKrUEF4FVNQGNhMUThxUhwH\/\/2Q==\\\u00a0\u00bb,\\\u00a0\u00bbdominant\\\u00a0\u00bb:\\\u00a0\u00bb#d8c8b8\\\u00a0\u00bb,\\\u00a0\u00bbid\\\u00a0\u00bb:\\\u00a0\u00bbdb48057e-4139-4b66-80ca-295244241f62\\\u00a0\u00bb}]}},{\\\u00a0\u00bbtype\\\u00a0\u00bb:\\\u00a0\u00bbimage\\\u00a0\u00bb,\\\u00a0\u00bbdata\\\u00a0\u00bb:{\\\u00a0\u00bbimages\\\u00a0\u00bb:[{\\\u00a0\u00bburl\\\u00a0\u00bb:\\\u00a0\u00bbhttps:\/\/www.francebleu.fr\/s3\/cruiser-production-eu3\/2026\/01\/c2de3766-8e2d-406f-9e3d-d6b35553bf54\/600_sc_whatsapp-image-2026-01-07-at-08-25-20.jpg\\\u00a0\u00bb,\\\u00a0\u00bburlWebp\\\u00a0\u00bb:\\\u00a0\u00bbhttps:\/\/www.francebleu.fr\/s3\/cruiser-production-eu3\/2026\/01\/c2de3766-8e2d-406f-9e3d-d6b35553bf54\/600_sc_whatsapp-image-2026-01-07-at-08-25-20.webp\\\u00a0\u00bb,\\\u00a0\u00bblegend\\\u00a0\u00bb:\\\u00a0\u00bbLa neige tient sur les routes et les trottoirs parisiens\\\u00a0\u00bb,\\\u00a0\u00bbauthor\\\u00a0\u00bb:\\\u00a0\u00bbFlavien Groyer\\\u00a0\u00bb,\\\u00a0\u00bbcopyright\\\u00a0\u00bb:\\\u00a0\u00bbRadio France\\\u00a0\u00bb,\\\u00a0\u00bbwidth\\\u00a0\u00bb:600,\\\u00a0\u00bbheight\\\u00a0\u00bb:450,\\\u00a0\u00bbpreview\\\u00a0\u00bb:\\\u00a0\u00bb\/9j\/2wBDACgcHiMeGSgjISMtKygwPGRBPDc3PHtYXUlkkYCZlo+AjIqgtObDoKrarYqMyP\/L2u71\/\/\/\/m8H\/\/\/\/6\/+b9\/\/j\/2wBDASstLTw1PHZBQXb4pYyl+Pj4+Pj4+Pj4+Pj4+Pj4+Pj4+Pj4+Pj4+Pj4+Pj4+Pj4+Pj4+Pj4+Pj4+Pj4+Pj4+Pj\/wAARCAAfACoDASIAAhEBAxEB\/8QAGAAAAwEBAAAAAAAAAAAAAAAAAQIDAAT\/xAAYEAEBAQEBAAAAAAAAAAAAAAAAARIRAv\/EABUBAQEAAAAAAAAAAAAAAAAAAAAB\/8QAFREBAQAAAAAAAAAAAAAAAAAAABH\/2gAMAwEAAhEDEQA\/AOTLZV42SiWQvlbIXyCF8hxa+S5BeDISU8qKPAsM1FTsLxSl4I\/\/2Q==\\\u00a0\u00bb,\\\u00a0\u00bbdominant\\\u00a0\u00bb:\\\u00a0\u00bb#080808\\\u00a0\u00bb,\\\u00a0\u00bbid\\\u00a0\u00bb:\\\u00a0\u00bbc2de3766-8e2d-406f-9e3d-d6b35553bf54\\\u00a0\u00bb}]}}],\\\u00a0\u00bbtimestampInSeconds\\\u00a0\u00bb:1767769186,\\\u00a0\u00bbdateISOValue\\\u00a0\u00bb:\\\u00a0\u00bb2026-01-07T06:59:46.000Z\\\u00a0\u00bb,\\\u00a0\u00bbblockTime\\\u00a0\u00bb:\\\u00a0\u00bb07h59\\\u00a0\u00bb},{\\\u00a0\u00bbtitle\\\u00a0\u00bb:\\\u00a0\u00bbInterruption de service de tous les bus \u00e0 Paris et en \u00cele-de-France\\\u00a0\u00bb,\\\u00a0\u00bbisHighlighted\\\u00a0\u00bb:true,\\\u00a0\u00bbchildren\\\u00a0\u00bb:[{\\\u00a0\u00bbtype\\\u00a0\u00bb:\\\u00a0\u00bbtext\\\u00a0\u00bb,\\\u00a0\u00bbchildren\\\u00a0\u00bb:[{\\\u00a0\u00bbtype\\\u00a0\u00bb:\\\u00a0\u00bbtext\\\u00a0\u00bb,\\\u00a0\u00bbvalue\\\u00a0\u00bb:\\\u00a0\u00bbIle-de-France Mobilit\u00e9s et la RATP annoncent que l&rsquo;int\u00e9gralit\u00e9 des bus \u00e0 Paris et en \u00cele-de-France interrompent leur service et retournent dans leurs d\u00e9p\u00f4ts.\u00a0\\\\\\\u00a0\u00bb\\u003Cem>Compte tenu des conditions climatiques, la RATP a progressivement pris la d\u00e9cision, pour des raisons de s\u00e9curit\u00e9 des voyageurs et du personnel, de suspendre progressivement l&rsquo;exploitation de l&rsquo;ensemble des lignes de bus et ce jusqu&rsquo;\u00e0 ce que les conditions de s\u00e9curit\u00e9 soient \u00e0 nouveau r\u00e9unies\\u003C\/em>\\\\\\\u00a0\u00bb, indique la RATP dans un communiqu\u00e9.\\\u00a0\u00bb}]},{\\\u00a0\u00bbtype\\\u00a0\u00bb:\\\u00a0\u00bbbounce\\\u00a0\u00bb,\\\u00a0\u00bbdata\\\u00a0\u00bb:{\\\u00a0\u00bbtitle\\\u00a0\u00bb:\\\u00a0\u00bbDIRECT &#8211; La neige tombe en \u00cele-de-France, interruption de service de tous les bus en \u00cele-de-France\\\u00a0\u00bb,\\\u00a0\u00bbpath\\\u00a0\u00bb:\\\u00a0\u00bbinfos\/transports\/direct-la-neige-tombe-en-ile-de-france-les-transports-perturbes-9612710\\\u00a0\u00bb,\\\u00a0\u00bbvisual\\\u00a0\u00bb:{\\\u00a0\u00bbid\\\u00a0\u00bb:\\\u00a0\u00bbd61835de-91ce-4e4c-afd1-e45f31d495c0\\\u00a0\u00bb,\\\u00a0\u00bbpreview\\\u00a0\u00bb:\\\u00a0\u00bb\/9j\/2wBDACgcHiMeGSgjISMtKygwPGRBPDc3PHtYXUlkkYCZlo+AjIqgtObDoKrarYqMyP\/L2u71\/\/\/\/m8H\/\/\/\/6\/+b9\/\/j\/2wBDASstLTw1PHZBQXb4pYyl+Pj4+Pj4+Pj4+Pj4+Pj4+Pj4+Pj4+Pj4+Pj4+Pj4+Pj4+Pj4+Pj4+Pj4+Pj4+Pj4+Pj\/wAARCAAXACoDASIAAhEBAxEB\/8QAFwABAQEBAAAAAAAAAAAAAAAAAAIBBP\/EABcQAQEBAQAAAAAAAAAAAAAAAAABERL\/xAAXAQEBAQEAAAAAAAAAAAAAAAAAAQID\/8QAFBEBAAAAAAAAAAAAAAAAAAAAAP\/aAAwDAQACEQMRAD8A55FxmGujCtNRrOgXaxPRoLqLQBFrNBFNNAH\/2Q==\\\u00a0\u00bb},\\\u00a0\u00bbpublishedDate\\\u00a0\u00bb:\\\u00a0\u00bb07\/01\/2026\\\u00a0\u00bb,\\\u00a0\u00bbmedia\\\u00a0\u00bb:null,\\\u00a0\u00bbduration\\\u00a0\u00bb:null,\\\u00a0\u00bblocation\\\u00a0\u00bb:\\\u00a0\u00bb\u00cele-de-France\\\u00a0\u00bb}}],\\\u00a0\u00bbtimestampInSeconds\\\u00a0\u00bb:1767768461,\\\u00a0\u00bbdateISOValue\\\u00a0\u00bb:\\\u00a0\u00bb2026-01-07T06:47:41.000Z\\\u00a0\u00bb,\\\u00a0\u00bbblockTime\\\u00a0\u00bb:\\\u00a0\u00bb07h47\\\u00a0\u00bb},{\\\u00a0\u00bbtitle\\\u00a0\u00bb:\\\u00a0\u00bbRestrictions de circulation dans plusieurs r\u00e9gions\\\u00a0\u00bb,\\\u00a0\u00bbisHighlighted\\\u00a0\u00bb:false,\\\u00a0\u00bbchildren\\\u00a0\u00bb:[{\\\u00a0\u00bbtype\\\u00a0\u00bb:\\\u00a0\u00bbtext\\\u00a0\u00bb,\\\u00a0\u00bbchildren\\\u00a0\u00bb:[{\\\u00a0\u00bbtype\\\u00a0\u00bb:\\\u00a0\u00bbtext\\\u00a0\u00bb,\\\u00a0\u00bbvalue\\\u00a0\u00bb:\\\u00a0\u00bbLa circulation des poids lourds est interdite aujourd&rsquo;hui en Bretagne, en Normandie, dans les Pays de la Loire, dans le Centre et en \u00cele-de-France, indiquait hier le ministre des Transports Philippe Tabarot. Il\u00a0a \\\\\\\u00a0\u00bb\\u003Cem>fortement conseill\u00e9\\u003C\/em>\\\\\\\u00a0\u00bb d&rsquo;\u00e9viter tout d\u00e9placement par route ce matin en r\u00e9gion parisienne.\u00a0La pr\u00e9fecture de police de Paris a abaiss\u00e9 la vitesse pour les v\u00e9hicules l\u00e9gers \u00e0 70 km\/h.\\\u00a0\u00bb}]}],\\\u00a0\u00bbtimestampInSeconds\\\u00a0\u00bb:1767767919,\\\u00a0\u00bbdateISOValue\\\u00a0\u00bb:\\\u00a0\u00bb2026-01-07T06:38:39.000Z\\\u00a0\u00bb,\\\u00a0\u00bbblockTime\\\u00a0\u00bb:\\\u00a0\u00bb07h38\\\u00a0\u00bb},{\\\u00a0\u00bbtitle\\\u00a0\u00bb:\\\u00a0\u00bbDes vols annul\u00e9s dans les a\u00e9roports parisiens\\\u00a0\u00bb,\\\u00a0\u00bbisHighlighted\\\u00a0\u00bb:false,\\\u00a0\u00bbchildren\\\u00a0\u00bb:[{\\\u00a0\u00bbtype\\\u00a0\u00bb:\\\u00a0\u00bbtext\\\u00a0\u00bb,\\\u00a0\u00bbchildren\\\u00a0\u00bb:[{\\\u00a0\u00bbtype\\\u00a0\u00bb:\\\u00a0\u00bbtext\\\u00a0\u00bb,\\\u00a0\u00bbvalue\\\u00a0\u00bb:\\\u00a0\u00bbLe gouvernement l&rsquo;avait annonc\u00e9 hier. 40% des vols pr\u00e9vus entre 9h et 14h \u00e0 Paris-Charles-de-Gaulle sont annul\u00e9s ce matin, et 25% des vols pr\u00e9vus entre 6h et 13h \u00e0 Orly. Des annulations n\u00e9cessaires pour permettre les op\u00e9rations de d\u00e9neigement et de d\u00e9givrage des pistes.\\\u00a0\u00bb}]}],\\\u00a0\u00bbtimestampInSeconds\\\u00a0\u00bb:1767767740,\\\u00a0\u00bbdateISOValue\\\u00a0\u00bb:\\\u00a0\u00bb2026-01-07T06:35:40.000Z\\\u00a0\u00bb,\\\u00a0\u00bbblockTime\\\u00a0\u00bb:\\\u00a0\u00bb07h35\\\u00a0\u00bb},{\\\u00a0\u00bbtitle\\\u00a0\u00bb:\\\u00a0\u00bbPerturbations sur certaines lignes de train \\\u00a0\u00bb,\\\u00a0\u00bbisHighlighted\\\u00a0\u00bb:false,\\\u00a0\u00bbchildren\\\u00a0\u00bb:[{\\\u00a0\u00bbtype\\\u00a0\u00bb:\\\u00a0\u00bbtext\\\u00a0\u00bb,\\\u00a0\u00bbchildren\\\u00a0\u00bb:[{\\\u00a0\u00bbtype\\\u00a0\u00bb:\\\u00a0\u00bbtext\\\u00a0\u00bb,\\\u00a0\u00bbvalue\\\u00a0\u00bb:\\\u00a0\u00bbLa circulcation\u00a0des trains TER est interrompue sur les axes Tours-Saumur, et Tours-Poitiers-La Rochelle jusqu&rsquo;\u00e0 midi ce mercredi, \u00e0 cause de possibles pluies vergla\u00e7antes, indique SNCF R\u00e9seau\\\u00a0\u00bb}]}],\\\u00a0\u00bbtimestampInSeconds\\\u00a0\u00bb:1767767581,\\\u00a0\u00bbdateISOValue\\\u00a0\u00bb:\\\u00a0\u00bb2026-01-07T06:33:01.000Z\\\u00a0\u00bb,\\\u00a0\u00bbblockTime\\\u00a0\u00bb:\\\u00a0\u00bb07h33\\\u00a0\u00bb},{\\\u00a0\u00bbtitle\\\u00a0\u00bb:\\\u00a0\u00bbDes perturbations sur les routes \\\u00a0\u00bb,\\\u00a0\u00bbisHighlighted\\\u00a0\u00bb:true,\\\u00a0\u00bbchildren\\\u00a0\u00bb:[{\\\u00a0\u00bbtype\\\u00a0\u00bb:\\\u00a0\u00bbtext\\\u00a0\u00bb,\\\u00a0\u00bbchildren\\\u00a0\u00bb:[{\\\u00a0\u00bbtype\\\u00a0\u00bb:\\\u00a0\u00bbtext\\\u00a0\u00bb,\\\u00a0\u00bbvalue\\\u00a0\u00bb:\\\u00a0\u00bbLa neige perturbe d\u00e9j\u00e0 plusieurs axes routiers ce matin. C&rsquo;est le cas sur l&rsquo;A11, entre Paris et Angers, sur l&rsquo;A81 pr\u00e8s du Mans, et sur l&rsquo;A10 dans les Yvelines, selon le gestionnaire d&rsquo;autoroutes APRR. De la neige et du verglas sont signal\u00e9s sur l&rsquo;A84, dans la Manche, ce qui d\u00e9grade la circulation. Sur l&rsquo;A13, les conditions de circulation sont \\\\\\\u00a0\u00bb\\u003Cem>mauvaises\\u003C\/em>\\\\\\\u00a0\u00bb, dans les deux sens entre Paris et Rouen.\\\u00a0\u00bb}]},{\\\u00a0\u00bbtype\\\u00a0\u00bb:\\\u00a0\u00bbtext\\\u00a0\u00bb,\\\u00a0\u00bbchildren\\\u00a0\u00bb:[{\\\u00a0\u00bbtype\\\u00a0\u00bb:\\\u00a0\u00bbtext\\\u00a0\u00bb,\\\u00a0\u00bbvalue\\\u00a0\u00bb:\\\u00a0\u00bbDes chutes de neige ont \u00e9t\u00e9 enregistr\u00e9es \u00e9galement dans le sud de la France. Vinci Autoroutes a signal\u00e9 des chutes de neige sur l&rsquo;A8, d\u00e8s 5h30 et plusieurs accidents dans le secteur de Trets (Bouches-du-Rh\u00f4ne). L&rsquo;autoroute est coup\u00e9e en direction d&rsquo;Aix et Marseille.\\\u00a0\u00bb}]}],\\\u00a0\u00bbtimestampInSeconds\\\u00a0\u00bb:1767767423,\\\u00a0\u00bbdateISOValue\\\u00a0\u00bb:\\\u00a0\u00bb2026-01-07T06:30:23.000Z\\\u00a0\u00bb,\\\u00a0\u00bbblockTime\\\u00a0\u00bb:\\\u00a0\u00bb07h30\\\u00a0\u00bb},{\\\u00a0\u00bbtitle\\\u00a0\u00bb:\\\u00a0\u00bbDes transports scolaires suspendus dans plusieurs d\u00e9partements\\\u00a0\u00bb,\\\u00a0\u00bbisHighlighted\\\u00a0\u00bb:true,\\\u00a0\u00bbchildren\\\u00a0\u00bb:[{\\\u00a0\u00bbtype\\\u00a0\u00bb:\\\u00a0\u00bbtext\\\u00a0\u00bb,\\\u00a0\u00bbchildren\\\u00a0\u00bb:[{\\\u00a0\u00bbtype\\\u00a0\u00bb:\\\u00a0\u00bbtext\\\u00a0\u00bb,\\\u00a0\u00bbvalue\\\u00a0\u00bb:\\\u00a0\u00bbPlusieurs d\u00e9partements ont suspendus les transports scolaires ce aujourd&rsquo;hui.\\\u00a0\u00bb}]},{\\\u00a0\u00bbtype\\\u00a0\u00bb:\\\u00a0\u00bbtext\\\u00a0\u00bb,\\\u00a0\u00bbchildren\\\u00a0\u00bb:[{\\\u00a0\u00bbtype\\\u00a0\u00bb:\\\u00a0\u00bbtext\\\u00a0\u00bb,\\\u00a0\u00bbvalue\\\u00a0\u00bb:\\\u00a0\u00bbC&rsquo;est le cas en \\u003Cstrong>\u00cele-de-France\\u003C\/strong> dans les Yvelines et en Seine-et-Marne, indique\u00a0\\\u00a0\u00bb},{\\\u00a0\u00bbtype\\\u00a0\u00bb:\\\u00a0\u00bblink\\\u00a0\u00bb,\\\u00a0\u00bbdata\\\u00a0\u00bb:{\\\u00a0\u00bbhref\\\u00a0\u00bb:\\\u00a0\u00bbhttps:\/\/www.francebleu.fr\/infos\/transports\/direct-la-neige-tombe-en-ile-de-france-les-transports-perturbes-9612710\\\u00a0\u00bb},\\\u00a0\u00bbvalue\\\u00a0\u00bb:\\\u00a0\u00bbICI Paris-\u00cele-de-France\\\u00a0\u00bb},{\\\u00a0\u00bbtype\\\u00a0\u00bb:\\\u00a0\u00bbtext\\\u00a0\u00bb,\\\u00a0\u00bbvalue\\\u00a0\u00bb:\\\u00a0\u00bb.\\\u00a0\u00bb}]},{\\\u00a0\u00bbtype\\\u00a0\u00bb:\\\u00a0\u00bbtext\\\u00a0\u00bb,\\\u00a0\u00bbchildren\\\u00a0\u00bb:[{\\\u00a0\u00bbtype\\\u00a0\u00bb:\\\u00a0\u00bbtext\\\u00a0\u00bb,\\\u00a0\u00bbvalue\\\u00a0\u00bb:\\\u00a0\u00bbDans le \\u003Cstrong>Centre-Val de Loire\\u003C\/strong>, aucun car scolaire ne circule dans les six d\u00e9partements de la r\u00e9gion, le Cher, l&rsquo;Eure-et-Loir, l&rsquo;Indre, l&rsquo;Indre-et-Loire, le Loir-et-Cher et le Loiret. La situation \u00e0 suivre dans\u00a0\\\u00a0\u00bb},{\\\u00a0\u00bbtype\\\u00a0\u00bb:\\\u00a0\u00bblink\\\u00a0\u00bb,\\\u00a0\u00bbdata\\\u00a0\u00bb:{\\\u00a0\u00bbhref\\\u00a0\u00bb:\\\u00a0\u00bbhttps:\/\/www.francebleu.fr\/infos\/meteo\/direct-neige-et-verglas-vigilance-orange-en-centre-val-de-loire-pas-de-transports-scolaires-camions-interdits-4001440\\\u00a0\u00bb},\\\u00a0\u00bbvalue\\\u00a0\u00bb:\\\u00a0\u00bbce direct consacr\u00e9 \u00e0 situation en r\u00e9gion centre\\\u00a0\u00bb},{\\\u00a0\u00bbtype\\\u00a0\u00bb:\\\u00a0\u00bbtext\\\u00a0\u00bb,\\\u00a0\u00bbvalue\\\u00a0\u00bb:\\\u00a0\u00bb.\\\u00a0\u00bb}]},{\\\u00a0\u00bbtype\\\u00a0\u00bb:\\\u00a0\u00bbtext\\\u00a0\u00bb,\\\u00a0\u00bbchildren\\\u00a0\u00bb:[{\\\u00a0\u00bbtype\\\u00a0\u00bb:\\\u00a0\u00bbtext\\\u00a0\u00bb,\\\u00a0\u00bbvalue\\\u00a0\u00bb:\\\u00a0\u00bbDans les \\u003Cstrong>Pays de la Loire\\u003C\/strong>, tous les cars scolaires sont suspendus ce mercredi dans les cinq d\u00e9partements du territoire, Loire-Atlantique, Maine-et-Loire, Mayenne, Sarthe et Vend\u00e9e. Les lignes r\u00e9guli\u00e8res circuleront \\\\\\\u00a0\u00bb\\u003Cem>en fonction de l&rsquo;\u00e9tat des routes\\u003C\/em>\\\\\\\u00a0\u00bb, pr\u00e9cise la r\u00e9gion\\\u00a0\u00bb}]},{\\\u00a0\u00bbtype\\\u00a0\u00bb:\\\u00a0\u00bbtext\\\u00a0\u00bb,\\\u00a0\u00bbchildren\\\u00a0\u00bb:[{\\\u00a0\u00bbtype\\\u00a0\u00bb:\\\u00a0\u00bbtext\\\u00a0\u00bb,\\\u00a0\u00bbvalue\\\u00a0\u00bb:\\\u00a0\u00bbEn \\u003Cstrong>Nouvelle-Aquitaine\\u003C\/strong>, la circulation des transports scolaires r\u00e9gionaux est suspendue au moins jusqu&rsquo;\u00e0 demain matin dans la Vienne et les Deux S\u00e8vres, indique\u00a0\\\u00a0\u00bb},{\\\u00a0\u00bbtype\\\u00a0\u00bb:\\\u00a0\u00bblink\\\u00a0\u00bb,\\\u00a0\u00bbdata\\\u00a0\u00bb:{\\\u00a0\u00bbhref\\\u00a0\u00bb:\\\u00a0\u00bbhttps:\/\/www.francebleu.fr\/infos\/transports\/la-neige-de-retour-dans-la-vienne-et-les-deux-sevres-les-routes-et-les-transports-perturbes-2019001\\\u00a0\u00bb},\\\u00a0\u00bbvalue\\\u00a0\u00bb:\\\u00a0\u00bbICI Poitou\\\u00a0\u00bb},{\\\u00a0\u00bbtype\\\u00a0\u00bb:\\\u00a0\u00bbtext\\\u00a0\u00bb,\\\u00a0\u00bbvalue\\\u00a0\u00bb:\\\u00a0\u00bb. Le conseil r\u00e9gional de Nouvelle-Aquitaine pr\u00e9cise aussi sur son site qu&rsquo;elle est suspendue en Charente et Charente-Maritime \\\\\\\u00a0\u00bb\\u003Cem>jusqu&rsquo;\u00e0 la fin de l&rsquo;\u00e9pisode\\u003C\/em>\\\\\\\u00a0\u00bb. C&rsquo;est le cas \u00e9galement ce mercredi en Corr\u00e8ze, en Dordogne, en Haute-Vienne, dans les Landes et dans plusieurs secteurs des Pyr\u00e9n\u00e9es Atlantiques.\\\u00a0\u00bb}]},{\\\u00a0\u00bbtype\\\u00a0\u00bb:\\\u00a0\u00bbtext\\\u00a0\u00bb,\\\u00a0\u00bbchildren\\\u00a0\u00bb:[{\\\u00a0\u00bbtype\\\u00a0\u00bb:\\\u00a0\u00bbtext\\\u00a0\u00bb,\\\u00a0\u00bbvalue\\\u00a0\u00bb:\\\u00a0\u00bbEn \\u003Cstrong>Auvergne-Rh\u00f4ne-Alpes\\u003C\/strong>, dans le d\u00e9partement de l&rsquo;Allier, les transports scolaires sont suspendus, rapporte\u00a0\\\u00a0\u00bb},{\\\u00a0\u00bbtype\\\u00a0\u00bb:\\\u00a0\u00bblink\\\u00a0\u00bb,\\\u00a0\u00bbdata\\\u00a0\u00bb:{\\\u00a0\u00bbhref\\\u00a0\u00bb:\\\u00a0\u00bbhttps:\/\/www.francebleu.fr\/infos\/transports\/il-n-y-aura-pas-de-transports-scolaires-ce-mercredi-dans-l-allier-en-raison-des-conditions-meteorologiques-1543227\\\u00a0\u00bb},\\\u00a0\u00bbvalue\\\u00a0\u00bb:\\\u00a0\u00bbICI Pays d&rsquo;Auvergne\\\u00a0\u00bb},{\\\u00a0\u00bbtype\\\u00a0\u00bb:\\\u00a0\u00bbtext\\\u00a0\u00bb,\\\u00a0\u00bbvalue\\\u00a0\u00bb:\\\u00a0\u00bb.\\\u00a0\u00bb}]},{\\\u00a0\u00bbtype\\\u00a0\u00bb:\\\u00a0\u00bbtext\\\u00a0\u00bb,\\\u00a0\u00bbchildren\\\u00a0\u00bb:[{\\\u00a0\u00bbtype\\\u00a0\u00bb:\\\u00a0\u00bbtext\\\u00a0\u00bb,\\\u00a0\u00bbvalue\\\u00a0\u00bb:\\\u00a0\u00bbDans la r\u00e9gion \\u003Cstrong>Normandie\\u003C\/strong>, les transports scolaires sont de nouveau suspendus dans les cinq d\u00e9partements normands, selon \\\u00a0\u00bb},{\\\u00a0\u00bbtype\\\u00a0\u00bb:\\\u00a0\u00bblink\\\u00a0\u00bb,\\\u00a0\u00bbdata\\\u00a0\u00bb:{\\\u00a0\u00bbhref\\\u00a0\u00bb:\\\u00a0\u00bbhttps:\/\/www.francebleu.fr\/infos\/transports\/neige-verglas-les-transports-scolaires-encore-suspendus-en-normandie-ce-mercredi-8580784\\\u00a0\u00bb},\\\u00a0\u00bbvalue\\\u00a0\u00bb:\\\u00a0\u00bbICI Normandie\\\u00a0\u00bb},{\\\u00a0\u00bbtype\\\u00a0\u00bb:\\\u00a0\u00bbtext\\\u00a0\u00bb,\\\u00a0\u00bbvalue\\\u00a0\u00bb:\\\u00a0\u00bb.\\\u00a0\u00bb}]},{\\\u00a0\u00bbtype\\\u00a0\u00bb:\\\u00a0\u00bbtext\\\u00a0\u00bb,\\\u00a0\u00bbchildren\\\u00a0\u00bb:[{\\\u00a0\u00bbtype\\\u00a0\u00bb:\\\u00a0\u00bbtext\\\u00a0\u00bb,\\\u00a0\u00bbvalue\\\u00a0\u00bb:\\\u00a0\u00bbEn \\u003Cstrong>Bourgogne-Franche-Comt\u00e9\\u003C\/strong>, la pr\u00e9fecture de l&rsquo;Yonne a \u00e9galement d\u00e9cid\u00e9 de suspendre les transports scolaires dans le d\u00e9partement toute la journ\u00e9e, annonce \\\u00a0\u00bb},{\\\u00a0\u00bbtype\\\u00a0\u00bb:\\\u00a0\u00bblink\\\u00a0\u00bb,\\\u00a0\u00bbdata\\\u00a0\u00bb:{\\\u00a0\u00bbhref\\\u00a0\u00bb:\\\u00a0\u00bbhttps:\/\/www.francebleu.fr\/infos\/meteo\/neige-et-verglas-l-yonne-placee-par-meteo-france-en-vigilance-orange-pour-le-phenomene-a-partir-de-mercredi-midi-1544354\\\u00a0\u00bb},\\\u00a0\u00bbvalue\\\u00a0\u00bb:\\\u00a0\u00bbICI Auxerre\\\u00a0\u00bb},{\\\u00a0\u00bbtype\\\u00a0\u00bb:\\\u00a0\u00bbtext\\\u00a0\u00bb,\\\u00a0\u00bbvalue\\\u00a0\u00bb:\\\u00a0\u00bb.\\\u00a0\u00bb}]},{\\\u00a0\u00bbtype\\\u00a0\u00bb:\\\u00a0\u00bbtext\\\u00a0\u00bb,\\\u00a0\u00bbchildren\\\u00a0\u00bb:[{\\\u00a0\u00bbtype\\\u00a0\u00bb:\\\u00a0\u00bbtext\\\u00a0\u00bb,\\\u00a0\u00bbvalue\\\u00a0\u00bb:\\\u00a0\u00bbDans les \\u003Cstrong>Hauts-de-France\\u003C\/strong>, toute la r\u00e9gion est concern\u00e9e par une suspension des transports scolaires, sur d\u00e9cision du Conseil r\u00e9gional, rapporte \\\u00a0\u00bb},{\\\u00a0\u00bbtype\\\u00a0\u00bb:\\\u00a0\u00bblink\\\u00a0\u00bb,\\\u00a0\u00bbdata\\\u00a0\u00bb:{\\\u00a0\u00bbhref\\\u00a0\u00bb:\\\u00a0\u00bbhttps:\/\/www.francebleu.fr\/infos\/meteo\/neige-et-verglas-le-situation-ce-mercredi-dans-le-nord-et-le-pas-de-calais-8588620\\\u00a0\u00bb},\\\u00a0\u00bbvalue\\\u00a0\u00bb:\\\u00a0\u00bbICI Nord\\\u00a0\u00bb},{\\\u00a0\u00bbtype\\\u00a0\u00bb:\\\u00a0\u00bbtext\\\u00a0\u00bb,\\\u00a0\u00bbvalue\\\u00a0\u00bb:\\\u00a0\u00bb.\\\u00a0\u00bb}]}],\\\u00a0\u00bbtimestampInSeconds\\\u00a0\u00bb:1767766783,\\\u00a0\u00bbdateISOValue\\\u00a0\u00bb:\\\u00a0\u00bb2026-01-07T06:19:43.000Z\\\u00a0\u00bb,\\\u00a0\u00bbblockTime\\\u00a0\u00bb:\\\u00a0\u00bb07h19\\\u00a0\u00bb},{\\\u00a0\u00bbtitle\\\u00a0\u00bb:\\\u00a0\u00bbM\u00e9t\u00e9o France maintient 38 d\u00e9partements en vigilance orange neige-verglas\\\u00a0\u00bb,\\\u00a0\u00bbisHighlighted\\\u00a0\u00bb:true,\\\u00a0\u00bbchildren\\\u00a0\u00bb:[{\\\u00a0\u00bbtype\\\u00a0\u00bb:\\\u00a0\u00bbtext\\\u00a0\u00bb,\\\u00a0\u00bbchildren\\\u00a0\u00bb:[{\\\u00a0\u00bbtype\\\u00a0\u00bb:\\\u00a0\u00bbtext\\\u00a0\u00bb,\\\u00a0\u00bbvalue\\\u00a0\u00bb:\\\u00a0\u00bbDans son dernier bulletin publi\u00e9 \u00e0 6h, M\u00e9t\u00e9o France maintient 38 d\u00e9partements en vigilance orange. Les chutes de neige ont d\u00e9j\u00e0 d\u00e9but\u00e9 sur la partie ouest de la zone et progressent vers l&rsquo;Est, tandis que des pluies vergla\u00e7antes touchent les Pays-de-Loire.\\\u00a0\u00bb}]},{\\\u00a0\u00bbtype\\\u00a0\u00bb:\\\u00a0\u00bbimage\\\u00a0\u00bb,\\\u00a0\u00bbdata\\\u00a0\u00bb:{\\\u00a0\u00bbimages\\\u00a0\u00bb:[{\\\u00a0\u00bburl\\\u00a0\u00bb:\\\u00a0\u00bbhttps:\/\/www.francebleu.fr\/s3\/cruiser-production-eu3\/2026\/01\/3929c063-a875-42d9-b357-14faa992a564\/600_sc_carte-vigilance-mercredi-7-janvier-2026.jpg\\\u00a0\u00bb,\\\u00a0\u00bburlWebp\\\u00a0\u00bb:\\\u00a0\u00bbhttps:\/\/www.francebleu.fr\/s3\/cruiser-production-eu3\/2026\/01\/3929c063-a875-42d9-b357-14faa992a564\/600_sc_carte-vigilance-mercredi-7-janvier-2026.webp\\\u00a0\u00bb,\\\u00a0\u00bblegend\\\u00a0\u00bb:\\\u00a0\u00bb38 d\u00e9partements en vigilance orange neige-verglas\\\u00a0\u00bb,\\\u00a0\u00bbauthor\\\u00a0\u00bb:\\\u00a0\u00bbM\u00e9t\u00e9o France\\\u00a0\u00bb,\\\u00a0\u00bbcopyright\\\u00a0\u00bb:\\\u00a0\u00bbAucun(e)\\\u00a0\u00bb,\\\u00a0\u00bbwidth\\\u00a0\u00bb:600,\\\u00a0\u00bbheight\\\u00a0\u00bb:750,\\\u00a0\u00bbpreview\\\u00a0\u00bb:\\\u00a0\u00bb\/9j\/2wBDACgcHiMeGSgjISMtKygwPGRBPDc3PHtYXUlkkYCZlo+AjIqgtObDoKrarYqMyP\/L2u71\/\/\/\/m8H\/\/\/\/6\/+b9\/\/j\/2wBDASstLTw1PHZBQXb4pYyl+Pj4+Pj4+Pj4+Pj4+Pj4+Pj4+Pj4+Pj4+Pj4+Pj4+Pj4+Pj4+Pj4+Pj4+Pj4+Pj4+Pj\/wAARCAAqACEDASIAAhEBAxEB\/8QAGAABAQEBAQAAAAAAAAAAAAAAAQACAwX\/xAAWEAEBAQAAAAAAAAAAAAAAAAAAARH\/xAAWAQEBAQAAAAAAAAAAAAAAAAABAgD\/xAAXEQEBAQEAAAAAAAAAAAAAAAAAAREC\/9oADAMBAAIRAxEAPwD1dWii1FpjWmVz1qVM6ONoalaGaxW6zYnpoGoMMiJC0klhYsKXYBhkKGMMRRxn\/9k=\\\u00a0\u00bb,\\\u00a0\u00bbdominant\\\u00a0\u00bb:\\\u00a0\u00bb#f8f8f8\\\u00a0\u00bb,\\\u00a0\u00bbid\\\u00a0\u00bb:\\\u00a0\u00bb3929c063-a875-42d9-b357-14faa992a564\\\u00a0\u00bb}]}}],\\\u00a0\u00bbtimestampInSeconds\\\u00a0\u00bb:1767766334,\\\u00a0\u00bbdateISOValue\\\u00a0\u00bb:\\\u00a0\u00bb2026-01-07T06:12:14.000Z\\\u00a0\u00bb,\\\u00a0\u00bbblockTime\\\u00a0\u00bb:\\\u00a0\u00bb07h12\\\u00a0\u00bb},{\\\u00a0\u00bbtitle\\\u00a0\u00bb:\\\u00a0\u00bbBonjour et bienvenue dans ce direct consacr\u00e9 \u00e0 la neige\\\u00a0\u00bb,\\\u00a0\u00bbisHighlighted\\\u00a0\u00bb:false,\\\u00a0\u00bbchildren\\\u00a0\u00bb:[],\\\u00a0\u00bbtimestampInSeconds\\\u00a0\u00bb:1767766299,\\\u00a0\u00bbdateISOValue\\\u00a0\u00bb:\\\u00a0\u00bb2026-01-07T06:11:39.000Z\\\u00a0\u00bb,\\\u00a0\u00bbblockTime\\\u00a0\u00bb:\\\u00a0\u00bb07h11\\\u00a0\u00bb}],\\\u00a0\u00bbstartDate\\\u00a0\u00bb:\\\u00a0\u00bb\\u003Ctime datetime=\\\\\\\u00a0\u00bb2026-01-07T06:00:00.000Z\\\\\\\u00a0\u00bb>Le 07\/01 \u00e0 07h\\u003C\/time>\\\u00a0\u00bb,\\\u00a0\u00bbstatus\\\u00a0\u00bb:\\\u00a0\u00bbin_progress\\\u00a0\u00bb}}},\\\u00a0\u00bbdisplay\\\u00a0\u00bb:{\\\u00a0\u00bbhighBanner\\\u00a0\u00bb:true}}\u00a0\u00bb}<\/p>\n","protected":false},"excerpt":{"rendered":"Plusieurs d\u00e9partements ont suspendus les transports scolaires ce aujourd&rsquo;hui. C&rsquo;est le cas en \u00cele-de-France dans les Yvelines et&hellip;\n","protected":false},"author":2,"featured_media":646765,"comment_status":"","ping_status":"","sticky":false,"template":"","format":"standard","meta":{"footnotes":""},"categories":[4],"tags":[11,1011,27,12,25],"class_list":{"0":"post-646764","1":"post","2":"type-post","3":"status-publish","4":"format-standard","5":"has-post-thumbnail","7":"category-france","8":"tag-actualites","9":"tag-fr","10":"tag-france","11":"tag-news","12":"tag-republique-francaise"},"share_on_mastodon":{"url":"https:\/\/pubeurope.com\/@fr\/115853116330119881","error":""},"_links":{"self":[{"href":"https:\/\/www.europesays.com\/fr\/wp-json\/wp\/v2\/posts\/646764","targetHints":{"allow":["GET"]}}],"collection":[{"href":"https:\/\/www.europesays.com\/fr\/wp-json\/wp\/v2\/posts"}],"about":[{"href":"https:\/\/www.europesays.com\/fr\/wp-json\/wp\/v2\/types\/post"}],"author":[{"embeddable":true,"href":"https:\/\/www.europesays.com\/fr\/wp-json\/wp\/v2\/users\/2"}],"replies":[{"embeddable":true,"href":"https:\/\/www.europesays.com\/fr\/wp-json\/wp\/v2\/comments?post=646764"}],"version-history":[{"count":0,"href":"https:\/\/www.europesays.com\/fr\/wp-json\/wp\/v2\/posts\/646764\/revisions"}],"wp:featuredmedia":[{"embeddable":true,"href":"https:\/\/www.europesays.com\/fr\/wp-json\/wp\/v2\/media\/646765"}],"wp:attachment":[{"href":"https:\/\/www.europesays.com\/fr\/wp-json\/wp\/v2\/media?parent=646764"}],"wp:term":[{"taxonomy":"category","embeddable":true,"href":"https:\/\/www.europesays.com\/fr\/wp-json\/wp\/v2\/categories?post=646764"},{"taxonomy":"post_tag","embeddable":true,"href":"https:\/\/www.europesays.com\/fr\/wp-json\/wp\/v2\/tags?post=646764"}],"curies":[{"name":"wp","href":"https:\/\/api.w.org\/{rel}","templated":true}]}}