{"id":646788,"date":"2026-01-07T09:47:10","date_gmt":"2026-01-07T09:47:10","guid":{"rendered":"https:\/\/www.europesays.com\/fr\/646788\/"},"modified":"2026-01-07T09:47:10","modified_gmt":"2026-01-07T09:47:10","slug":"pour-leur-calendrier-2026-les-pompiers-de-rennes-posent-dans-un-lieu-mythique-de-la-ville","status":"publish","type":"post","link":"https:\/\/www.europesays.com\/fr\/646788\/","title":{"rendered":"Pour leur calendrier 2026, les pompiers de Rennes posent dans un lieu mythique de la ville"},"content":{"rendered":"<p>\n                Article premium,<br \/>\n                    R\u00e9serv\u00e9 aux\u00a0abonn\u00e9s\n            <\/p>\n<p class=\"su-standfirst chapeau\">Les sapeurs-pompiers de Rennes (Ille-et-Vilaine) se sont jet\u00e9s \u00e0 l\u2019eau pour leur calendrier de l\u2019ann\u00e9e 2026. Dans un d\u00e9cor\u00a0tout aussi mythique que symbolique\u00a0: la piscine Saint-Georges.<\/p>\n<p>                                        <img decoding=\"async\" class=\"su-media\" src=\"https:\/\/media.ouest-france.fr\/v1\/pictures\/MjAyNjAxNjVkOTZkZDQzMWJhMGYwNjlmODZmN2U2NmJkYWRhYTQ?width=1260&amp;height=708&amp;focuspoint=50%2C25&amp;cropresize=1&amp;client_id=bpeditorial&amp;sign=bf84ad65ee854932fa7f71b343b7b006cb62db2840590b594a363e65c59a7e1c\" alt=\"Le calendrier 2026 des pompiers de Rennes met \u00e0 l\u2019honneur la piscine Saint-Georges, lieu aussi esth\u00e9tique que mythique pour la capitale bretonne.\"  \/><\/p>\n<p>                            Le calendrier 2026 des pompiers de Rennes met \u00e0 l\u2019honneur la piscine Saint-Georges, lieu aussi esth\u00e9tique que mythique pour la capitale bretonne. | SDIS 35<\/p>\n<p>                            fermer<\/p>\n<ul class=\"su-row su-carrousel-container su-not-list\" data-suswipe=\"{\" rambo=\"\" .carrousel-nav-bas=\"\" .item=\"\">\n<li class=\"su-col-xs-6 su-col-md-24 carrousel-contenu su-carrousel-item\" data-ofvwidth=\"{\" mobileonly=\"\"><img decoding=\"async\" data-ofmaxheight=\"\" class=\"su-media lazyload\" alt=\"Le calendrier 2026 des pompiers de Rennes met \u00e0 l\u2019honneur la piscine Saint-Georges, lieu aussi esth\u00e9tique que mythique pour la capitale bretonne.\" src=\"data:image\/png;base64,iVBORw0KGgoAAAANSUhEUgAAABAAAAAJCAYAAAA7KqwyAAAAGXRFWHRTb2Z0d2FyZQBBZG9iZSBJbWFnZVJlYWR5ccllPAAAABhJREFUeNpi\/P\/\/PwMlgHHUgFEDgAAgwAD+lBrvy+NcxAAAAABJRU5ErkJggg==\" data-oflazyload=\"{&quot;srcset&quot;:&quot;https:\/\/media.ouest-france.fr\/v1\/pictures\/MjAyNjAxNjVkOTZkZDQzMWJhMGYwNjlmODZmN2U2NmJkYWRhYTQ?width=320&amp;focuspoint=50%2C25&amp;cropresize=1&amp;client_id=bpeditorial&amp;sign=942910e4a64f40f7c2a5abae00bd7ef63f621a22962821941a44642af5378a01 320w,https:\/\/media.ouest-france.fr\/v1\/pictures\/MjAyNjAxNjVkOTZkZDQzMWJhMGYwNjlmODZmN2U2NmJkYWRhYTQ?width=375&amp;focuspoint=50%2C25&amp;cropresize=1&amp;client_id=bpeditorial&amp;sign=70af42c1fe4bcedc95b4c8194f979a111e99a89b39e9c2d972c3325ca0ff6354 360w,https:\/\/media.ouest-france.fr\/v1\/pictures\/MjAyNjAxNjVkOTZkZDQzMWJhMGYwNjlmODZmN2U2NmJkYWRhYTQ?width=480&amp;focuspoint=50%2C25&amp;cropresize=1&amp;client_id=bpeditorial&amp;sign=1959b4ec63ebf14f10a315e3d889c74f14a0e25767c622cd318845ed730c4bd5 480w,https:\/\/media.ouest-france.fr\/v1\/pictures\/MjAyNjAxNjVkOTZkZDQzMWJhMGYwNjlmODZmN2U2NmJkYWRhYTQ?width=630&amp;focuspoint=50%2C25&amp;cropresize=1&amp;client_id=bpeditorial&amp;sign=2a455f82acf58d4585cb89de7917a7f003ff666363bbd6aa878c0d7e9cdf7fac 630w,https:\/\/media.ouest-france.fr\/v1\/pictures\/MjAyNjAxNjVkOTZkZDQzMWJhMGYwNjlmODZmN2U2NmJkYWRhYTQ?width=940&amp;focuspoint=50%2C25&amp;cropresize=1&amp;client_id=bpeditorial&amp;sign=4372ac3a03ff89dae7ce6ad32a5dd855ad451a2491db96073cb811480006d36b 940w,https:\/\/media.ouest-france.fr\/v1\/pictures\/MjAyNjAxNjVkOTZkZDQzMWJhMGYwNjlmODZmN2U2NmJkYWRhYTQ?width=1260&amp;focuspoint=50%2C25&amp;cropresize=1&amp;client_id=bpeditorial&amp;sign=a063235e0cb4ac92d5709c7ae350b5f7844343d5f6012fda6d7833dd287569e1 1260w&quot;}\"\/>Le calendrier 2026 des pompiers de Rennes met \u00e0 l\u2019honneur la piscine Saint-Georges, lieu aussi esth\u00e9tique que mythique pour la capitale bretonne. | SDIS 35<\/li>\n<\/ul>\n<p>        Publi\u00e9 le 07\/01\/2026  \u00e0 07h06<\/p>\n<p>                            Lire plus tard<\/p>\n<p>                            Partager<\/p>\n<ul id=\"partage-col-gauche\" class=\"su-not-list su-hidden su-margin-top-xs\">\n<li>FacebookFacebook<\/li>\n<li>BlueSkyBlueSky<\/li>\n<li>FlipboardFlipboard<\/li>\n<li>linkedinLinkedIn<\/li>\n<\/ul>\n<p class=\"su-h3 su-margin-bottom-xs\">Newsletter La Matinale<\/p>\n<p>Chaque matin, l\u2019actualit\u00e9 du jour s\u00e9lectionn\u00e9e par <strong>Ouest-France<\/strong><\/p>\n<p class=\"su-margin-top-s su-text-xsmall texte-rgpd su-hidden\">Votre e-mail, avec votre consentement, est utilis\u00e9 par Ouest-France pour recevoir notre newsletter. <a class=\"su-link-light\" href=\"https:\/\/www.ouest-france.fr\/politique-de-protection-des-donnees-personnelles\/\" target=\"_blank\" rel=\"noopener\">En\u00a0savoir\u00a0plus<\/a>.<\/p>\n<p>Chaque ann\u00e9e, les pompiers de Rennes se creusent les m\u00e9ninges pour <a href=\"https:\/\/www.ouest-france.fr\/societe\/pompiers\/pour-leur-calendrier-2025-les-pompiers-de-rennes-ont-choisi-la-peinture-sur-le-corps-ffa027ca-bd2d-11ef-b01b-18b70b7523f7\" target=\"_blank\" rel=\"noopener\">imaginer un nouveau calendrier<\/a>. Cette fois, c\u2019est sous l\u2019eau qu\u2019ils ont trouv\u00e9 l\u2019inspiration. Une s\u00e9ance photo hors norme s\u2019est d\u00e9roul\u00e9e dans l\u2019\u00e9crin de la piscine Saint-Georges, <a href=\"https:\/\/www.ouest-france.fr\/bretagne\/rennes-35000\/cinq-anecdotes-meconnues-sur-odorico-le-mosaiste-de-genie-qui-a-fait-rayonner-rennes-a6f1db52-f449-11ef-a658-d59bc62913c1\" target=\"_blank\" rel=\"noopener\">bijou art D\u00e9co<\/a> de la capitale bretonne.<\/p>\n<p>Les soldats du feu ont pris la pose pour donner vie \u00e0 douze tableaux. Sous l\u2019eau avec la lance incendie, en diverses tenues d\u2019intervention devant les cabines, sur un&#8230;<\/p>\n<p style=\"text-align: center; background-color: #dbbe4d; padding-top: 5px; padding-bottom: 5px; font-size: 14px;\"><strong>D\u00e9j\u00e0 abonn\u00e9 ? <\/strong><a data-trkartmonet=\"Identification\" data-trk-sipa=\"{\" blockcategory=\"\" paywall=\"\" href=\"http:\/\/www.ouest-france.fr\/login?redirect=https:\/\/www.ouest-france.fr\/societe\/pompiers\/pour-leur-calendrier-2026-les-pompiers-de-rennes-posent-dans-un-lieu-mythique-de-la-ville-30ed38fe-ea28-11f0-9e1f-244d7f5629f7\" rel=\"nofollow noopener\" title=\"Se connecter \u00e0 Ouest-France\" class=\"su-link-light\" target=\"_blank\">Connectez-vous<\/a><\/p>\n<p style=\"text-align: center; padding-top: 15px; padding-bottom: 8px; vertical-align: bottom;\">bloqu\u00e9<strong> Pour lire la suite, abonnez-vous<\/strong><\/p>\n<p style=\"text-align: center;\"><strong>1\u00e8re semaine offerte<\/strong><\/p>\n<p style=\"text-align: center; margin-top: -5px;\">Annulable \u00e0 tout moment<\/p>\n<p style=\"text-align: center;\">\u00a0<\/p>\n<p style=\"text-align: center;\"><a data-ida=\"\" data-trkartmonet=\"Tunnel OF+\" data-trk-sipa=\"{&#010;\" blockcategory=\"\" paywall=\"\" :=\"\" m=\"\" of=\"\" class=\"&#010;        su-button&#010;        su-subscription&#010;        &#010;        &#010;    \" data-trk-bloc=\"paywall\" href=\"https:\/\/abonnement.ouest-france.fr\/tunnel\/pack-essentiel-article\/123103118100?int_medium=lien&amp;int_campaign=PWFR0225-OF&amp;int_content=page-article-payant_boutonjaune-paywall&amp;marquesource=OF&amp;rt=https:\/\/www.ouest-france.fr\/societe\/pompiers\/pour-leur-calendrier-2026-les-pompiers-de-rennes-posent-dans-un-lieu-mythique-de-la-ville-30ed38fe-ea28-11f0-9e1f-244d7f5629f7\" target=\"_blank\" rel=\"noopener\"><br \/>\n    <strong>Je m&rsquo;abonne<\/strong><br \/>\n<\/a><\/p>\n<p style=\"text-align: center; padding-top: 10px; padding-bottom: 10px;\"><img decoding=\"async\" src=\"https:\/\/media.ouest-france.fr\/v1\/fonts\/be7723fcee3f1866f1ce99184077fc6f-carte-bancaire.svg?height=36\" alt=\"CB\"\/>\u00a0\u00a0<img decoding=\"async\" src=\"https:\/\/media.ouest-france.fr\/v1\/fonts\/1819d54c599d8afa64539cfba4ac9dde-rib.svg?height=36\" alt=\"RIB\"\/>\u00a0\u00a0<img decoding=\"async\" src=\"https:\/\/media.ouest-france.fr\/v1\/fonts\/065fc80d7b6a03d14a834c224ce723e1-paypal.svg?height=36\" alt=\"PAYPAL\"\/><\/p>\n","protected":false},"excerpt":{"rendered":"Article premium, R\u00e9serv\u00e9 aux\u00a0abonn\u00e9s Les sapeurs-pompiers de Rennes (Ille-et-Vilaine) se sont jet\u00e9s \u00e0 l\u2019eau pour leur calendrier de&hellip;\n","protected":false},"author":2,"featured_media":646789,"comment_status":"","ping_status":"","sticky":false,"template":"","format":"standard","meta":{"footnotes":""},"categories":[2821],"tags":[1111,11,829,1777,674,1011,27,848,12,1311,584,25],"class_list":{"0":"post-646788","1":"post","2":"type-post","3":"status-publish","4":"format-standard","5":"has-post-thumbnail","7":"category-rennes","8":"tag-actu","9":"tag-actualites","10":"tag-bretagne","11":"tag-eu","12":"tag-europe","13":"tag-fr","14":"tag-france","15":"tag-ille-et-vilaine","16":"tag-news","17":"tag-pompiers","18":"tag-rennes","19":"tag-republique-francaise"},"share_on_mastodon":{"url":"https:\/\/pubeurope.com\/@fr\/115853187322082870","error":""},"_links":{"self":[{"href":"https:\/\/www.europesays.com\/fr\/wp-json\/wp\/v2\/posts\/646788","targetHints":{"allow":["GET"]}}],"collection":[{"href":"https:\/\/www.europesays.com\/fr\/wp-json\/wp\/v2\/posts"}],"about":[{"href":"https:\/\/www.europesays.com\/fr\/wp-json\/wp\/v2\/types\/post"}],"author":[{"embeddable":true,"href":"https:\/\/www.europesays.com\/fr\/wp-json\/wp\/v2\/users\/2"}],"replies":[{"embeddable":true,"href":"https:\/\/www.europesays.com\/fr\/wp-json\/wp\/v2\/comments?post=646788"}],"version-history":[{"count":0,"href":"https:\/\/www.europesays.com\/fr\/wp-json\/wp\/v2\/posts\/646788\/revisions"}],"wp:featuredmedia":[{"embeddable":true,"href":"https:\/\/www.europesays.com\/fr\/wp-json\/wp\/v2\/media\/646789"}],"wp:attachment":[{"href":"https:\/\/www.europesays.com\/fr\/wp-json\/wp\/v2\/media?parent=646788"}],"wp:term":[{"taxonomy":"category","embeddable":true,"href":"https:\/\/www.europesays.com\/fr\/wp-json\/wp\/v2\/categories?post=646788"},{"taxonomy":"post_tag","embeddable":true,"href":"https:\/\/www.europesays.com\/fr\/wp-json\/wp\/v2\/tags?post=646788"}],"curies":[{"name":"wp","href":"https:\/\/api.w.org\/{rel}","templated":true}]}}