{"id":646790,"date":"2026-01-07T09:48:11","date_gmt":"2026-01-07T09:48:11","guid":{"rendered":"https:\/\/www.europesays.com\/fr\/646790\/"},"modified":"2026-01-07T09:48:11","modified_gmt":"2026-01-07T09:48:11","slug":"a-rennes-des-ecoles-rattrapees-par-la-vague-de-froid","status":"publish","type":"post","link":"https:\/\/www.europesays.com\/fr\/646790\/","title":{"rendered":"A Rennes, des \u00e9coles rattrap\u00e9es par la vague de froid"},"content":{"rendered":"<p class=\"article__intro\">Entre le chauffage coup\u00e9 pendant les vacances et la mauvaise isolation des b\u00e2timents, il ne faisait que 10 degr\u00e9s dans les classes d\u2019un b\u00e2timent de l\u2019\u00e9cole du Contour Saint-Aubin, en plein centre-ville de Rennes. Alert\u00e9e par la Direction de l\u2019\u00e9cole et les parents d\u2019\u00e9l\u00e8ve, la ville a d\u00fb intervenir en urgence. D&rsquo;autres \u00e9coles sont impact\u00e9es.<\/p>\n<p>\n      La Quotidienne Soci\u00e9t\u00e9\n    <\/p>\n<p>\n      De la vie quotidienne aux grands enjeux, recevez tous les jours les sujets qui font la soci\u00e9t\u00e9 locale, comme la justice, l\u2019\u00e9ducation, la sant\u00e9 et la famille.\n    <\/p>\n<p>    France T\u00e9l\u00e9visions utilise votre adresse e-mail afin de vous envoyer la newsletter \u00ab\u00a0La Quotidienne Soci\u00e9t\u00e9\u00a0\u00bb. Vous pouvez vous d\u00e9sinscrire \u00e0 tout moment via le lien en bas de cette newsletter. <a target=\"_blank\" href=\"https:\/\/www.francetelevisions.fr\/groupe\/confidentialite\/politique-de-confidentialite\/politique-de-confidentialite-de-france-televisions-6503\" rel=\"noopener\">Notre politique de confidentialit\u00e9<\/a><\/p>\n<p>La\u00a0vague de froid frappe de plein fouet certaines \u00e9coles plus que d\u2019autres \u00e0 Rennes. Au Contour Saint-Aubin, place Sainte-Anne dans le centre-ville, le mercure flirtait avec les 10-11 degr\u00e9s ce lundi et mardi matin, dans certaines classes.<\/p>\n<p>Pour les repr\u00e9sentants des parents d&rsquo;\u00e9l\u00e8ve, ce sont des probl\u00e8mes d\u2019isolation des b\u00e2timents qui sont en cause. Pendant les vacances de No\u00ebl, la ville a fortement baiss\u00e9 le chauffage. Ce dernier a \u00e9t\u00e9 relanc\u00e9 normalement, mais avec la mauvaise isolation et le froid qui perdure, la temp\u00e9rature ne remonte que tr\u00e8s lentement.<\/p>\n<p>\u00ab\u00a0Il faisait 10 degr\u00e9s dans la classe de ma fille lundi \u00e0 8 heures\u00a0\u00bb, confie Margaux Le Moenne, une repr\u00e9sentante des parents d\u2019\u00e9l\u00e8ve.<\/p>\n<blockquote class=\"ftvi_content_quote\">\n<p class=\"ftvi_citation_quote\">J\u2019ai d\u00fb r\u00e9cup\u00e9rer ma fille \u00e0 la mi-journ\u00e9e ce lundi 5 janvier car il faisait 11,8 degr\u00e9s dans la classe\u00a0!<\/p>\n<p>Marc Baudot, un autre repr\u00e9sentant d\u2019\u00e9l\u00e8ve<\/p>\n<\/blockquote>\n<p>\u00ab\u00a0Moi, j\u2019ai d\u00fb r\u00e9cup\u00e9rer ma fille \u00e0 la mi-journ\u00e9e ce lundi 5 janvier car il faisait 11,8 degr\u00e9s dans la classe\u00a0!, relate Marc Baudot, un autre repr\u00e9sentant d\u2019\u00e9l\u00e8ve. Nous avons re\u00e7u dans la soir\u00e9e un message pour nous inviter \u00e0 garder nos enfants \u00e0 la maison ce mardi 6, sinon ils allaient assister au cours avec leur manteau\u00a0!\u00a0\u00ab\u00a0, ajoute-t-il, passablement agac\u00e9. <\/p>\n<p>Il faut dire que ces probl\u00e8mes d\u2019isolation ne sont pas nouveaux, et se r\u00e9v\u00e8lent particuli\u00e8rement patents en cas de coup de chaud ou de coup de froid.<\/p>\n<p>Le b\u00e2timent principal pr\u00e9sente pas mal de fuites au niveau des huisseries. \u00a0\u00bb Mais c\u2019est l\u2019autre b\u00e2timent, en retrait, qui pose surtout probl\u00e8me, pr\u00e9cise Margaux Le Moenne. Il n\u2019y a pas d\u2019isolant sous la toiture. Nous avons d\u00e9j\u00e0 essay\u00e9 de contacter la mairie, mais en vain. En gros, on nous r\u00e9pond qu\u2019il y a des probl\u00e8mes prioritaires dans les \u00e9coles de Rennes\u00a0\u00bb.<\/p>\n<p>\u00ab\u00a0Il y a un projet de r\u00e9novation. Mais pour quand\u00a0? , s\u2019interroge Marc. On est face \u00e0 un mur. On ne voit jamais le maire de quartier\u00a0\u00bb.<\/p>\n<p>Dans le b\u00e2timent concern\u00e9, seuls 38 \u00e9l\u00e8ves sur 80 \u00e9taient pr\u00e9sents ce mardi 6 janvier.<\/p>\n<p>La directrice de l\u2019\u00e9cole et les repr\u00e9sentants des parents d\u2019\u00e9l\u00e8ve ont \u00e9crit aux services de mairie. Devant l\u2019urgence, ils ont obtenu que ce mardi soir (6 janvier) le chauffage soit pouss\u00e9 pour monter \u00e0 24 degr\u00e9s, afin que la temp\u00e9rature soit \u00e0 19 degr\u00e9s ce mercredi matin. De surcro\u00eet, un chauffage \u00e9lectrique d\u2019appoint a \u00e9t\u00e9 fourni.<\/p>\n<p>Cinq \u00e9coles, sur les 89 que compte la ville, ont connu des pannes de chauffage \u00e0 la reprise, apr\u00e8s les vacances de No\u00ebl. Outre Contour Sant-Aubin, les \u00e9coles Camille-Claudel, Torign\u00e9, Jean-Rostand et Guillevic ont \u00e9t\u00e9 touch\u00e9s.<\/p>\n<p>\u00ab\u00a0Les pannes sont de diff\u00e9rentes origines, indique un message de la ville de Rennes. Impact de travaux qui se d\u00e9roulent \u00e0 l&rsquo;Institut d&rsquo;Etudes Politiques, qui jouxte l&rsquo;\u00e9cole Camille-Claudel ; probl\u00e8me rencontr\u00e9 par Engie sur le r\u00e9seau de chaleur urbain \u00e0 l&rsquo;\u00e9cole Torign\u00e9 ; probl\u00e8me \u00e9lectrique d\u00fb \u00e0 une infiltration d&rsquo;eau \u00e0 Jean-Rostand ; probl\u00e8me \u00e9lectrique localis\u00e9 sur une seule classe \u00e0 Guillevic\u00a0\u00bb.<\/p>\n<p>\u00ab\u00a0Les \u00e9quipes de la Ville sont \u00e0 pied d&rsquo;\u0153uvre depuis hier pour proc\u00e9der aux r\u00e9parations n\u00e9cessaires et ont fourni aux classes concern\u00e9es des chauffages d&rsquo;appoint\u00a0\u00ab\u00a0, pr\u00e9cise le message.<\/p>\n<p>Les pannes les plus complexes sont en cours de r\u00e9solution. Par pr\u00e9caution, la Ville a pr\u00e9vu, avec l&rsquo;\u00c9ducation nationale, la possibilit\u00e9 d&rsquo;accueillir les enfants dans d&rsquo;autres classes ou dans une \u00e9cole voisine. Les parents en seront inform\u00e9s le cas \u00e9ch\u00e9ant.\u00a0<\/p>\n<p>Dans le quartier du Blosne, le centre culturel du Triangle est bien s\u00fbr lui aussi impact\u00e9 par les probl\u00e8mes de chauffage. Il ne fait que 11 degr\u00e9s dans les salles. Le centre a inform\u00e9 ses adh\u00e9rents que les ateliers \u00e9taient annul\u00e9s cette semaine (5 \u2013 11 janvier).<\/p>\n<p><a data-article-figure=\"\" href=\"https:\/\/france3-regions.franceinfo.fr\/image\/UYumj8L2-tZJ8D0iVfMUrwacB0w\/403x255\/regions\/2026\/01\/06\/triangle-froide-695d1a11f36bc736890117.jpg\" data-pswp-width=\"403\" data-pswp-height=\"255\" target=\"_blank\" rel=\"noopener\"><\/p>\n<p>          <img width=\"600\" height=\"400\" class=\"article-image lazy\" data-src=\"https:\/\/www.europesays.com\/fr\/wp-content\/uploads\/2026\/01\/triangle-froide-695d1a11f36bc736890117.jpg\" alt=\"Le centre culturel du Triange, \u00e0 Rennes, a annonc\u00e9 la suppression des ateliers en raison d'une panne du chauffage\" fetchpriority=\"high\" as=\"image\"\/><\/p>\n<p>\n            Le centre culturel du Triange, \u00e0 Rennes, a annonc\u00e9 la suppression des ateliers en raison d&rsquo;une panne du chauffage<br \/>\n                           \u2022<br \/>\n                                      \u00a9 Ga\u00eblle Alainmat\n                      <\/p>\n<p><\/a><\/p>\n<p>\u00a0<\/p>\n","protected":false},"excerpt":{"rendered":"Entre le chauffage coup\u00e9 pendant les vacances et la mauvaise isolation des b\u00e2timents, il ne faisait que 10&hellip;\n","protected":false},"author":2,"featured_media":646791,"comment_status":"","ping_status":"","sticky":false,"template":"","format":"standard","meta":{"footnotes":""},"categories":[2821],"tags":[1111,11,829,1777,674,1011,27,12,584,25],"class_list":{"0":"post-646790","1":"post","2":"type-post","3":"status-publish","4":"format-standard","5":"has-post-thumbnail","7":"category-rennes","8":"tag-actu","9":"tag-actualites","10":"tag-bretagne","11":"tag-eu","12":"tag-europe","13":"tag-fr","14":"tag-france","15":"tag-news","16":"tag-rennes","17":"tag-republique-francaise"},"share_on_mastodon":{"url":"https:\/\/pubeurope.com\/@fr\/115853191140092132","error":""},"_links":{"self":[{"href":"https:\/\/www.europesays.com\/fr\/wp-json\/wp\/v2\/posts\/646790","targetHints":{"allow":["GET"]}}],"collection":[{"href":"https:\/\/www.europesays.com\/fr\/wp-json\/wp\/v2\/posts"}],"about":[{"href":"https:\/\/www.europesays.com\/fr\/wp-json\/wp\/v2\/types\/post"}],"author":[{"embeddable":true,"href":"https:\/\/www.europesays.com\/fr\/wp-json\/wp\/v2\/users\/2"}],"replies":[{"embeddable":true,"href":"https:\/\/www.europesays.com\/fr\/wp-json\/wp\/v2\/comments?post=646790"}],"version-history":[{"count":0,"href":"https:\/\/www.europesays.com\/fr\/wp-json\/wp\/v2\/posts\/646790\/revisions"}],"wp:featuredmedia":[{"embeddable":true,"href":"https:\/\/www.europesays.com\/fr\/wp-json\/wp\/v2\/media\/646791"}],"wp:attachment":[{"href":"https:\/\/www.europesays.com\/fr\/wp-json\/wp\/v2\/media?parent=646790"}],"wp:term":[{"taxonomy":"category","embeddable":true,"href":"https:\/\/www.europesays.com\/fr\/wp-json\/wp\/v2\/categories?post=646790"},{"taxonomy":"post_tag","embeddable":true,"href":"https:\/\/www.europesays.com\/fr\/wp-json\/wp\/v2\/tags?post=646790"}],"curies":[{"name":"wp","href":"https:\/\/api.w.org\/{rel}","templated":true}]}}