{"id":646792,"date":"2026-01-07T09:49:11","date_gmt":"2026-01-07T09:49:11","guid":{"rendered":"https:\/\/www.europesays.com\/fr\/646792\/"},"modified":"2026-01-07T09:49:11","modified_gmt":"2026-01-07T09:49:11","slug":"ou-deposer-son-sapin-de-noel","status":"publish","type":"post","link":"https:\/\/www.europesays.com\/fr\/646792\/","title":{"rendered":"o\u00f9 d\u00e9poser son sapin de No\u00ebl\u00a0?"},"content":{"rendered":"<p>  Achenheim<\/p>\n<p>La commune m\u00e8ne une op\u00e9ration de broyage ce samedi 10\u00a0janvier de 9\u00a0h \u00e0 15\u00a0h, devant la salle polyvalente. Les habitants peuvent d\u2019ici l\u00e0 d\u00e9poser leur sapin \u00e0 l\u2019un des neuf points de collecte\u00a0: croisements des rues Marie-Curie\/Alfred-Kastler et des rues des \u00c9rables\/de la Mont\u00e9e, parkings du coll\u00e8ge et de la salle polyvalente, devant le jardin p\u00e9dagogique, place de la Mairie, entr\u00e9e du cimeti\u00e8re, rue des Prunus, rue des Champs.<\/p>\n<p>  Blaesheim<\/p>\n<p>L\u2019Association sportive et culturelle de Blaesheim (ASCB) fera son traditionnel ramassage de sapins ce samedi 10\u00a0janvier \u00e0 partir de 14\u00a0h. Les sapins sans d\u00e9coration seront ramass\u00e9s devant les portails. Pour remercier l\u2019association, on peut lui adresser un don\u00a0: ASCB 26a rue du Mar\u00e9chal-Foch \u00e0 Blaesheim ou via la cagnotte en ligne sur HelloAsso.<\/p>\n<p>  Breuschwickersheim<\/p>\n<p>Les sapins nus sont accept\u00e9s \u00e0 la <a href=\"https:\/\/www.dna.fr\/environnement\/2023\/04\/21\/un-programme-pour-faire-face-au-risque-d-inondation\" target=\"_blank\" rel=\"noopener\">d\u00e9chetterie situ\u00e9e dans la commune<\/a>. Le broyat est ensuite utilis\u00e9 pour les espaces verts.<\/p>\n<p>  Eckbolsheim<\/p>\n<p>La commune d\u2019Eckbolsheim organise un ramassage des sapins, ce samedi 10\u00a0janvier de 14\u00a0h \u00e0 17\u00a0h, rue des Fermes pr\u00e8s de l\u2019\u00e9cole maternelle. R\u00e9cup\u00e9r\u00e9s par l\u2019EMS, les sapins seront recycl\u00e9s en compost et broyat.<\/p>\n<p>  Entzheim<\/p>\n<p>Une collecte des sapins de No\u00ebl aura lieu ce samedi 10\u00a0janvier de 9\u00a0h \u00e0 12\u00a0h \u00e0 l\u2019atelier municipal, accessible par la rue Jacques-Humann. Les sapins seront broy\u00e9s sur place et il sera possible de ramener le broyat de son sapin (sous r\u00e9serve de se munir d\u2019un sac).<\/p>\n<p>  Eschau<\/p>\n<p>La commune d\u2019Eschau met en place un point de d\u00e9p\u00f4t des sapins de No\u00ebl, les samedis 10 et 17\u00a0janvier, au centre technique municipal (14, rue du Tramway, en face du Super U), de 8\u00a0h \u00e0 16\u00a0h en continu. Les sapins seront transform\u00e9s en mulch pour nourrir le sol et les plantations de la commune.<\/p>\n<p>  Fegersheim<\/p>\n<p>Une collecte de sapins est organis\u00e9e par la commune ce samedi 10\u00a0janvier de 8\u00a0h\u00a030 \u00e0 13\u00a0h sur le parking du centre sportif et culturel, 17 rue du G\u00e9n\u00e9ral-de-Gaulle.<\/p>\n<p>  Geispolsheim<\/p>\n<p>En lien avec l\u2019Eurom\u00e9tropole de Strasbourg qui met \u00e0 disposition la benne et en pr\u00e9sence d\u2019un agent communal, la d\u00e9pose des sapins pourra se faire le samedi 10\u00a0janvier\u00a0: \u00e0 la Gare de 10\u00a0h \u00e0 12\u00a0h, parking de la salle ACL, rue Hector-Berlioz\u00a0; au Village de 14\u00a0h \u00e0 16\u00a0h, au parking Malraux, place Andr\u00e9-Malraux. Les sapins seront recycl\u00e9s en compost et broyat.<\/p>\n<p>  Hangenbieten<\/p>\n<p>Comme de coutume, \u00e0 Hangenbieten, l\u2019\u00e9cole \u00e9l\u00e9mentaire avec l\u2019aide des agents communaux organise un ramassage des sapins ce mercredi 7\u00a0janvier. Il sera suivi de leur cr\u00e9mation, ce vendredi 10\u00a0janvier en fin d\u2019apr\u00e8s-midi, avec des chants des \u00e9l\u00e8ves, puis un moment convivial.<\/p>\n<p>  Holtzheim<\/p>\n<p>L\u2019association des parents d\u2019\u00e9l\u00e8ves Apeeh organise une collecte de sapins au b\u00e9n\u00e9fice exclusif des \u00e9coles maternelle et \u00e9l\u00e9mentaire. Les b\u00e9n\u00e9voles passeront dans les rues de Holtzheim ce samedi 10\u00a0janvier \u00e0 partir de 13\u00a0h pour ramasser les sapins et ils viendront \u00e0 la rencontre des habitants qui souhaitent leur remettre les 2\u00a0euros demand\u00e9s pour ce service. La somme peut aussi \u00eatre vers\u00e9e via un don en ligne (sur HelloAsso). Les sapins seront broy\u00e9s et utilis\u00e9s comme paillage par la commune. L\u2019association sollicite l\u2019aide de b\u00e9n\u00e9voles\u00a0: apeeh67810@gmail.com ou 06\u00a017\u00a084\u00a013\u00a027.<\/p>\n<p>  Illkirch-Graffenstaden<\/p>\n<p>Une collecte des sapins de No\u00ebl organis\u00e9e par la Ville, en pr\u00e9sence d\u2019un agent municipal, aura lieu le samedi 10\u00a0janvier, de 9\u00a0h \u00e0 15\u00a0h, rue du Lieutenant-Homps. Les sapins seront ensuite broy\u00e9s pour \u00eatre utilis\u00e9s au parc Friedel.<\/p>\n<p>  Lingolsheim<\/p>\n<p>La Ville de Lingolsheim organise une op\u00e9ration de collecte et de recyclage des sapins de No\u00ebl, qui a commenc\u00e9 le 3\u00a0janvier. La collecte se poursuit ce samedi 10\u00a0janvier, de 8\u00a0h \u00e0 12\u00a0h, sur le parking de la mairie. Les sapins collect\u00e9s seront broy\u00e9s afin de produire du paillage naturel destin\u00e9 aux espaces verts municipaux. Les habitants pourront \u00e9galement r\u00e9cup\u00e9rer ce broyat pour un usage dans leur jardin.<\/p>\n<p>  Lipsheim<\/p>\n<p>Les habitants sont simplement invit\u00e9s \u00e0 apporter leur sapin de No\u00ebl, d\u00e9barrass\u00e9 de toute d\u00e9coration, sur la plateforme de d\u00e9chets verts de la commune.<\/p>\n<p>  Oberschaeffolsheim<\/p>\n<p>Une collecte des sapins de No\u00ebl est organis\u00e9e samedi 10\u00a0janvier de 9\u00a0h \u00e0 16\u00a0h, sur le parking de l\u2019espace multisport du Muhlbach, rue du Lavoir. Une benne est mise \u00e0 disposition pour les sapins, qui seront ensuite valoris\u00e9s par la soci\u00e9t\u00e9 Lingenheld, soit en compost, soit en biogaz apr\u00e8s m\u00e9thanisation.<\/p>\n<p>  Osthoffen<\/p>\n<p>La collecte des sapins de No\u00ebl est organis\u00e9e jusqu\u2019au dimanche 25\u00a0janvier. Les habitants sont invit\u00e9s \u00e0 r\u00e9aliser \u00ab\u00a0ce geste \u00e9cocitoyen\u00a0\u00bb en d\u00e9posant leur sapin dans l\u2019espace r\u00e9serv\u00e9 en face du city-stade, \u00e0 condition qu\u2019il soit sans neige artificielle, sans d\u00e9coration et sans sac. Les sapins collect\u00e9s seront broy\u00e9s et valoris\u00e9s en paillage utilis\u00e9 dans les massifs de la commune.<\/p>\n<p>  Ostwald<\/p>\n<p>Les habitants peuvent d\u00e9poser leur sapin sur l\u2019un des douze sites de collecte <a href=\"https:\/\/www.dna.fr\/politique\/2023\/12\/05\/proprete-des-rues-des-amendes-dissuasives\" target=\"_blank\" rel=\"noopener\">d\u00e9ploy\u00e9s sur le ban communal<\/a> , jusqu\u2019au lundi 26\u00a0janvier\u00a0: parking de l\u2019all\u00e9e Ren\u00e9-Cassin (\u00e0 c\u00f4t\u00e9 des conteneurs), place des F\u00eates (parking CSL), parking de la place De-Gaulle, rue Schweitzer, place Oertel, parking rue de Cernay (Schloessel), parking de la rue de la For\u00eat, parking rue d\u2019Eschau, parking de la mairie, all\u00e9e de la Roseli\u00e8re (\u00e0 proximit\u00e9 de l\u2019aire de jeux), \u00e0 proximit\u00e9 de la cr\u00e8che du Bohrie (all\u00e9e du Foehn), au Wihrel, angle rue du S\u00e9minaire\/rue de la Chapelle. Informations pratiques aupr\u00e8s des services techniques au 03\u00a088\u00a066\u00a084\u00a023.<\/p>\n<p>Cette collecte permet de compl\u00e9ter les besoins annuels en mulch du service espaces verts, pour couvrir les plantations de la ville.<\/p>\n<p>  Plobsheim<\/p>\n<p>Le ramassage en porte \u00e0 porte est organis\u00e9 par le Comit\u00e9 des f\u00eates de la commune le samedi 17\u00a0janvier de 9\u00a0h \u00e0 12\u00a0h\u00a0: les habitants sont invit\u00e9s \u00e0 sortir les sapins (sans d\u00e9corations) la veille au soir. Un d\u00e9p\u00f4t autonome des sapins est \u00e9galement possible au complexe sportif du Langensand du vendredi 16\u00a0janvier soir au samedi 17\u00a0janvier \u00e0 12\u00a0h.<\/p>\n<p>Cette action se transforme en f\u00eate\u00a0: une marche aux flambeaux pour les enfants aura lieu \u00e0 partir de 17\u00a0h le samedi 17\u00a0janvier avec go\u00fbter \u00e0 l\u2019arriv\u00e9e (d\u00e9part au complexe sportif). Puis, <a href=\"https:\/\/www.dna.fr\/politique\/2024\/06\/07\/au-langensand-un-preau-geant-pour-les-manifestations-de-plein-air\" target=\"_blank\" rel=\"noopener\">rendez-vous au P\u00e9tanque Club<\/a> , au complexe sportif du Langensand, pour une soir\u00e9e apr\u00e8s-ski jusqu\u2019\u00e0 minuit avec DJ William, en entr\u00e9e libre. Buvette et restauration sur place.<\/p>\n<p>Les sapins collect\u00e9s seront broy\u00e9s pour produire du paillage naturel, mis gracieusement \u00e0 la disposition des habitants, en libre-service, au complexe sportif.<\/p>\n<p>  Wolfisheim<\/p>\n<p>L\u2019Amicale des sapeurs-pompiers de Wolfisheim propose de recycler les sapins de No\u00ebl des habitants de la commune, auxquels ils donnent rendez-vous ce samedi 10\u00a0janvier de 14\u00a0h \u00e0 16\u00a0h, au fort Kl\u00e9ber.<\/p>\n","protected":false},"excerpt":{"rendered":"Achenheim La commune m\u00e8ne une op\u00e9ration de broyage ce samedi 10\u00a0janvier de 9\u00a0h \u00e0 15\u00a0h, devant la salle&hellip;\n","protected":false},"author":2,"featured_media":646793,"comment_status":"","ping_status":"","sticky":false,"template":"","format":"standard","meta":{"footnotes":""},"categories":[2820],"tags":[24061,1111,11,2880,436,1777,674,107,1011,27,775,12,15830,25,640,3089],"class_list":{"0":"post-646792","1":"post","2":"type-post","3":"status-publish","4":"format-standard","5":"has-post-thumbnail","7":"category-strasbourg","8":"tag-achenheim","9":"tag-actu","10":"tag-actualites","11":"tag-edition-strasbourg","12":"tag-environnement","13":"tag-eu","14":"tag-europe","15":"tag-fil-info","16":"tag-fr","17":"tag-france","18":"tag-grand-est","19":"tag-news","20":"tag-noel","21":"tag-republique-francaise","22":"tag-strasbourg","23":"tag-strasbourg-sud"},"share_on_mastodon":{"url":"https:\/\/pubeurope.com\/@fr\/115853194978382782","error":""},"_links":{"self":[{"href":"https:\/\/www.europesays.com\/fr\/wp-json\/wp\/v2\/posts\/646792","targetHints":{"allow":["GET"]}}],"collection":[{"href":"https:\/\/www.europesays.com\/fr\/wp-json\/wp\/v2\/posts"}],"about":[{"href":"https:\/\/www.europesays.com\/fr\/wp-json\/wp\/v2\/types\/post"}],"author":[{"embeddable":true,"href":"https:\/\/www.europesays.com\/fr\/wp-json\/wp\/v2\/users\/2"}],"replies":[{"embeddable":true,"href":"https:\/\/www.europesays.com\/fr\/wp-json\/wp\/v2\/comments?post=646792"}],"version-history":[{"count":0,"href":"https:\/\/www.europesays.com\/fr\/wp-json\/wp\/v2\/posts\/646792\/revisions"}],"wp:featuredmedia":[{"embeddable":true,"href":"https:\/\/www.europesays.com\/fr\/wp-json\/wp\/v2\/media\/646793"}],"wp:attachment":[{"href":"https:\/\/www.europesays.com\/fr\/wp-json\/wp\/v2\/media?parent=646792"}],"wp:term":[{"taxonomy":"category","embeddable":true,"href":"https:\/\/www.europesays.com\/fr\/wp-json\/wp\/v2\/categories?post=646792"},{"taxonomy":"post_tag","embeddable":true,"href":"https:\/\/www.europesays.com\/fr\/wp-json\/wp\/v2\/tags?post=646792"}],"curies":[{"name":"wp","href":"https:\/\/api.w.org\/{rel}","templated":true}]}}