{"id":646795,"date":"2026-01-07T09:51:10","date_gmt":"2026-01-07T09:51:10","guid":{"rendered":"https:\/\/www.europesays.com\/fr\/646795\/"},"modified":"2026-01-07T09:51:10","modified_gmt":"2026-01-07T09:51:10","slug":"des-rafales-de-vents-vont-balayer-la-ville","status":"publish","type":"post","link":"https:\/\/www.europesays.com\/fr\/646795\/","title":{"rendered":"des rafales de vents vont balayer la ville"},"content":{"rendered":"<p>                    Par<br \/>\n        <strong><br \/>\n            <a href=\"https:\/\/actu.fr\/auteur\/ugo-maillard\" title=\"Consulter tous les articles de Ugo Maillard\" target=\"_blank\" rel=\"noopener\">Ugo Maillard<\/a><br \/>\n                    <\/strong><\/p>\n<p>        Publi\u00e9 le<\/p>\n<p>            7 janv. 2026 \u00e0 9h19        <\/p>\n<p>Alors que la moiti\u00e9 nord de la France est en partie paralys\u00e9e par des <a href=\"https:\/\/actu.fr\/meteo\/direct-la-neige-tombe-a-nouveau-ce-mercredi-circulation-previsions-transports-suivez-cette-journee_63661427.html\" target=\"_blank\" rel=\"noopener\">chutes de neige cons\u00e9quentes<\/a>, notamment en plaine, la ville de <a href=\"https:\/\/actu.fr\/nice\/\" target=\"_blank\" rel=\"noopener\">Nice<\/a> profite d\u2019un ciel d\u00e9gag\u00e9.<\/p>\n<p class=\" wall-content\">Si les temp\u00e9ratures sont tr\u00e8s fra\u00eeches le matin avec 4\u00b0C ce mercredi 7 janvier 2026, les journ\u00e9es restent calmes et ensoleill\u00e9es. Une situation qui risque de changer d\u00e8s ce jeudi avec l\u2019arriv\u00e9e de la <a href=\"https:\/\/actu.fr\/meteo\/la-tempete-goretti-va-frapper-la-france-cette-semaine-des-vents-violents-jusqu-a-140-km-h-a-quoi-s-attendre_63657448.html\" target=\"_blank\" rel=\"noopener\">temp\u00eate de Goretti<\/a>.<\/p>\n<p class=\" wall-content\">Voici les <strong>pr\u00e9visions m\u00e9t\u00e9orologiques<\/strong> pour les prochaines heures.<\/p>\n<p>Des rafales \u00e0 70\u00a0km\/h<\/p>\n<p class=\" wall-content\">Les rafales les plus puissantes sont annonc\u00e9es dans l\u2019ouest de la France avec des pointes attendues \u00e0 <strong>140\u00a0km\/h sur le littoral breton<\/strong>.<\/p>\n<p class=\" wall-content\">Pour autant, les <a href=\"https:\/\/actu.fr\/provence-alpes-cote-d-azur\/alpes-maritimes_06\" target=\"_blank\" rel=\"noopener\">Alpes-Maritimes<\/a> et Nice vont \u00e9galement \u00eatre frapp\u00e9s par ce coup de vent. Les premi\u00e8res bourrasques sont attendues sur la C\u00f4te d\u2019Azur, le jeudi 8 janvier 2026. \u00c0 Nice, des rafales atteignant les 45 km\/h sont pr\u00e9vues par M\u00e9t\u00e9o France.<\/p>\n<p class=\" wall-content\">Selon les donn\u00e9es m\u00e9t\u00e9orologiques, ce coup de vent va gagner en intensit\u00e9 au fil de la journ\u00e9e. Au plus fort du passage de la temp\u00eate, le vendredi soir, des rafales pouvant atteindre les <strong>70\u00a0km\/ sont attendues \u00e0 Nice<\/strong>.<\/p>\n<p class=\" wall-content\">Dans le reste du d\u00e9partement, les plus fortes bourrasques sont annonc\u00e9es sur les secteurs de Grasse et Menton avec 75\u00a0km\/h. \u00c0 noter que cet \u00e9pisode sera plus marqu\u00e9 sur le littoral azur\u00e9en.<\/p>\n<p>Votre r\u00e9gion, votre actu !<\/p>\n<p>Recevez chaque jour les infos qui comptent pour vous.<\/p>\n<p>\t<a href=\"https:\/\/actu.fr\/newsletter\" class=\"ac-btn ac-btn--corner ac-btn--medium ac-btn--blue800\" target=\"_blank\" rel=\"noopener\">S&rsquo;incrire<\/a><br \/>\nUn ciel qui reste d\u00e9gag\u00e9<\/p>\n<p class=\" wall-content\">Malgr\u00e9 le passage de la temp\u00eate et l\u2019arriv\u00e9e de rafales de vent, le<strong> ciel restera d\u00e9gag\u00e9 et clair<\/strong> sur la C\u00f4te d\u2019Azur.<\/p>\n<p class=\" wall-content\">Une hausse des temp\u00e9ratures est m\u00eame attendue vendredi avec une temp\u00e9rature minimale de 13\u00b0C \u00e0 Nice.<\/p>\n<p class=\" wall-content\">Personnalisez votre actualit\u00e9 en ajoutant vos villes et m\u00e9dias en favori avec <a href=\"https:\/\/moncompte.actu.fr\" title=\"D\u00e9couvez Mon Actu\" rel=\"nofollow noopener\" data-trk=\"{&quot;cta&quot;:{&quot;action&quot;:&quot;https:\\\/\\\/moncompte.actu.fr&quot;,&quot;category&quot;:&quot;mon compte&quot;,&quot;from&quot;:&quot;article footer&quot;,&quot;name&quot;:&quot;Mon actu&quot;,&quot;type&quot;:&quot;cta&quot;}}\" target=\"_blank\">Mon Actu<\/a>.<\/p>\n","protected":false},"excerpt":{"rendered":"Par Ugo Maillard Publi\u00e9 le 7 janv. 2026 \u00e0 9h19 Alors que la moiti\u00e9 nord de la France&hellip;\n","protected":false},"author":2,"featured_media":646796,"comment_status":"","ping_status":"","sticky":false,"template":"","format":"standard","meta":{"footnotes":""},"categories":[2819],"tags":[1111,11,1777,674,1011,27,2487,2357,12,2401,882,25],"class_list":{"0":"post-646795","1":"post","2":"type-post","3":"status-publish","4":"format-standard","5":"has-post-thumbnail","7":"category-nice","8":"tag-actu","9":"tag-actualites","10":"tag-eu","11":"tag-europe","12":"tag-fr","13":"tag-france","14":"tag-meteo","15":"tag-meteo-france","16":"tag-news","17":"tag-nice","18":"tag-provence-alpes-cote-dazur","19":"tag-republique-francaise"},"share_on_mastodon":{"url":"https:\/\/pubeurope.com\/@fr\/115853202827778920","error":""},"_links":{"self":[{"href":"https:\/\/www.europesays.com\/fr\/wp-json\/wp\/v2\/posts\/646795","targetHints":{"allow":["GET"]}}],"collection":[{"href":"https:\/\/www.europesays.com\/fr\/wp-json\/wp\/v2\/posts"}],"about":[{"href":"https:\/\/www.europesays.com\/fr\/wp-json\/wp\/v2\/types\/post"}],"author":[{"embeddable":true,"href":"https:\/\/www.europesays.com\/fr\/wp-json\/wp\/v2\/users\/2"}],"replies":[{"embeddable":true,"href":"https:\/\/www.europesays.com\/fr\/wp-json\/wp\/v2\/comments?post=646795"}],"version-history":[{"count":0,"href":"https:\/\/www.europesays.com\/fr\/wp-json\/wp\/v2\/posts\/646795\/revisions"}],"wp:featuredmedia":[{"embeddable":true,"href":"https:\/\/www.europesays.com\/fr\/wp-json\/wp\/v2\/media\/646796"}],"wp:attachment":[{"href":"https:\/\/www.europesays.com\/fr\/wp-json\/wp\/v2\/media?parent=646795"}],"wp:term":[{"taxonomy":"category","embeddable":true,"href":"https:\/\/www.europesays.com\/fr\/wp-json\/wp\/v2\/categories?post=646795"},{"taxonomy":"post_tag","embeddable":true,"href":"https:\/\/www.europesays.com\/fr\/wp-json\/wp\/v2\/tags?post=646795"}],"curies":[{"name":"wp","href":"https:\/\/api.w.org\/{rel}","templated":true}]}}