{"id":646797,"date":"2026-01-07T09:52:11","date_gmt":"2026-01-07T09:52:11","guid":{"rendered":"https:\/\/www.europesays.com\/fr\/646797\/"},"modified":"2026-01-07T09:52:11","modified_gmt":"2026-01-07T09:52:11","slug":"ol-strasbourg-nice-la-multipropriete-remise-en-cause","status":"publish","type":"post","link":"https:\/\/www.europesays.com\/fr\/646797\/","title":{"rendered":"OL, Strasbourg, Nice&#8230; la multipropri\u00e9t\u00e9 remise en cause"},"content":{"rendered":"<p>                            <img width=\"770\" height=\"433\" src=\"https:\/\/www.europesays.com\/fr\/wp-content\/uploads\/2025\/04\/AFP__20250328__38CE6TX__v1__HighRes__FblFraLigue1StrasbourgLyon-e1743231849439-770x433.jpg\" class=\"attachment-article size-article wp-post-image\" alt=\"Clinton Mata (OL) face \u00e0 Emegha (Strasbourg)\" decoding=\"async\" fetchpriority=\"high\"  \/><\/p>\n<p>Clinton Mata (OL) face \u00e0 Emegha (Strasbourg) (Photo by SEBASTIEN BOZON \/ AFP)<\/p>\n<p>Strasbourg, Lyon, Nice\u00a0: la multipropri\u00e9t\u00e9 crispe de plus en plus les supporters de clubs appartenant \u00e0 des consortiums qui n&rsquo;ont pas de remords lorsqu&rsquo;il faut rappatrier un joueur, ou m\u00eame en entra\u00eeneur, en cours de saison.<\/p>\n<p>Avec AFP. Le\u00a0d\u00e9part de l&rsquo;entra\u00eeneur de Strasbourg Liam <strong>Rosenior<\/strong> vers <strong>Chelsea<\/strong>, navire amiral du consortium BlueCo, jette une lumi\u00e8re crue sur la multipropri\u00e9t\u00e9 des clubs, qui prolif\u00e8re en France et en Europe mais s\u00e8me la discorde chez les supporters et certains politiques.<\/p>\n<p>En France, le sujet est d&rsquo;autant plus \u00e9pineux que la multipropri\u00e9t\u00e9 s&rsquo;engouffre dans les br\u00e8ches financi\u00e8res du football hexagonal, devenues b\u00e9antes depuis l&rsquo;\u00e9chec de la vente des droits TV l&rsquo;an dernier. En Ligue 1, la moiti\u00e9 des 18 clubs est d\u00e9sormais partie prenante de consortiums internationaux, et Lorient va les rejoindre.<\/p>\n<p>Probl\u00e8me\u00a0: dans la hi\u00e9rarchie des clubs d&rsquo;une m\u00eame galaxie, les clubs fran\u00e7ais, \u00e0 l&rsquo;exception du <strong>PSG<\/strong> ou <strong>Monaco<\/strong>, sont souvent deuxi\u00e8mes voire troisi\u00e8mes, et les cons\u00e9quences d&rsquo;une telle place sont durement ressenties aujourd&rsquo;hui par les\u00a0supporters de Strasbourg, en col\u00e8re de voir leur entra\u00eeneur Rosenior d\u00e9plac\u00e9\u00a0\u00e0 mi-saison vers Chelsea. Et ce, parce que l&rsquo;\u00e9quipe anglaise vient de se s\u00e9parer de son propre entra\u00eeneur. \u00ab\u00a0Quand vous n&rsquo;\u00eates pas au sommet, vous \u00eates aussi au service de la strat\u00e9gie du multipropri\u00e9taire et du consortium\u00a0\u00bb, explique Christophe <strong>Lepetit<\/strong>, directeur des \u00e9tudes du Centre de droit et d&rsquo;\u00e9conomie du sport (CDES).<\/p>\n<p>Un loi pour l&rsquo;interdire en France\u00a0?<\/p>\n<p>\u00ab\u00a0La plupart des associations de supporters sont contre, parce qu&rsquo;un club c&rsquo;est un bien commun patrimonial, parfois contraire au capitalisme court-termiste\u00a0\u00bb, indique le d\u00e9put\u00e9 LFI\u00a0Eric <strong>Coquerel<\/strong>, qui a pr\u00e9sent\u00e9 une <a href=\"https:\/\/www.olympique-et-lyonnais.com\/ol-ligue-1-un-projet-de-loi-contre-la-multipropriete,360025.html\" target=\"_blank\" rel=\"noopener\">proposition de loi<\/a> visant \u00e0 interdire en France la multipropri\u00e9t\u00e9 des clubs. Il esp\u00e8re d\u00e9sormais amender au printemps le projet de loi sur le foot business \u00e9manant du S\u00e9nat, qui va passer devant l&rsquo;Assembl\u00e9e nationale. \u00ab\u00a0Si on laisse faire, la quasi-totalit\u00e9 du football europ\u00e9en pourrait finir structur\u00e9 en une quinzaine de multipropri\u00e9t\u00e9s, et alors ce n&rsquo;est plus le m\u00eame sport\u00a0: risques d&rsquo;ententes, d\u00e9g\u00e2ts \u00e0 l&rsquo;\u00e9quit\u00e9 sportive, cha\u00eene de hi\u00e9rarchie o\u00f9 le club fran\u00e7ais sera rarement leader, d\u00e9veloppe le parlementaire. Cela peut fragiliser les championnats mineurs comme le n\u00f4tre\u00a0\u00bb.<\/p>\n<p>Chercheur au CNRS en \u00e9conomie du sport, Luc Arrondel rappelle l&rsquo;importance de la \u00ab\u00a0notion d&rsquo;identit\u00e9\u00a0\u00bb. \u00ab\u00a0Les supporters consid\u00e8rent \u00eatre les seuls fid\u00e8les \u00e0 leur club, et ce n&rsquo;est pas forc\u00e9ment faux. Aujourd&rsquo;hui, les joueurs changent \u00e9norm\u00e9ment de clubs, les entra\u00eeneurs aussi, et d\u00e9sormais il y a de plus en plus de changements de propri\u00e9t\u00e9s.\u00a0\u00bb Et les profils des investisseurs sont \u00e9galement en train de changer avec l&rsquo;arriv\u00e9e massive des\u00a0private equity\u00a0(fonds de capital investissement). \u00ab\u00a0Investir dans un seul club peut \u00eatre risqu\u00e9 avec les promotions-rel\u00e9gations, ils ont int\u00e9r\u00eat \u00e0 diversifier leurs actifs\u00a0\u00bb, miser sur plusieurs clubs \u00e0 la fois, revendre des joueurs ou m\u00eame les clubs, ajoute l&rsquo;\u00e9conomiste.<\/p>\n<p>Une logique qui rompt avec l&rsquo;\u00e9conomie traditionnelle du football, o\u00f9 de grandes fortunes, comme Fran\u00e7ois Henri-Pinault \u00e0 Rennes, investissaient sur le long terme en sachant qu&rsquo;ils perdraient de l&rsquo;argent, et recherchant plut\u00f4t des gains d&rsquo;influence et de reconnaissance.<\/p>\n<p>Quelques bienfaits pour les clubs de Ligue 1<\/p>\n<p>Les comp\u00e9titions peuvent aussi se voir affect\u00e9es. Les r\u00e8gles de l&rsquo;UEFA vis-\u00e0-vis de la multipropri\u00e9t\u00e9 ont contraint <strong>Crystal Palace<\/strong>, qualifi\u00e9 pour la Ligue Europa, \u00e0 \u00eatre rel\u00e9gu\u00e9 en Ligue Conf\u00e9rence pour <a href=\"https:\/\/www.olympique-et-lyonnais.com\/ol-ligue-europa-crystal-palace-retoque-par-luefa,364722.html\" target=\"_blank\" rel=\"noopener\">ne pas disputer la m\u00eame comp\u00e9tition<\/a> que l&rsquo;<strong>Olympique lyonnais<\/strong>, club qui \u00e9tait dans la m\u00eame galaxie Eagle Football.<\/p>\n<p>Malgr\u00e9 tout, Christophe Lepetit ne veut pas oublier les bienfaits de la multipropri\u00e9t\u00e9. Sans elle, dit-il, \u00ab\u00a0Strasbourg n&rsquo;aurait jamais eu acc\u00e8s aux joueurs qui sont aujourd&rsquo;hui dans l&rsquo;effectif, n&rsquo;aurait pas eu la possibilit\u00e9 de retenir Emanuel Emegha l&rsquo;\u00e9t\u00e9 dernier (qui va rejoindre Chelsea \u00e0 la fin de la saison, NDLR), et n&rsquo;aurait peut-\u00eatre pas pu retenir (son buteur) Joaquin Panichelli au mercato d&rsquo;hiver avec le d\u00e9but de saison qu&rsquo;il a fait (10 buts en L1)\u00a0\u00bb, d\u00e9veloppe le directeur des \u00e9tudes du CDES de Limoges.<\/p>\n<p>Quant au d\u00e9part de Rosenior vers Chelsea, conclut-il, \u00ab\u00a0personne ne l&rsquo;entendra c\u00f4t\u00e9 strasbourgeois, notamment les fans qui sont d\u00e9j\u00e0 tr\u00e8s remont\u00e9s contre la multipropri\u00e9t\u00e9, mais admettons que le FC Barcelone licencie Hansi Flick et vienne voir l&rsquo;Olympique de Marseille pour recruter\u00a0Roberto De Zerbi&#8230; Il pourrait tout \u00e0 fait y avoir le m\u00eame type de transfert\u00a0\u00bb. Car\u00a0in fine\u00a0dans le foot professionnel, multipropri\u00e9t\u00e9 ou pas, quand un club puissant veut d\u00e9baucher un \u00e9l\u00e9ment d&rsquo;un club moins puissant, l&rsquo;in\u00e9luctable arrive aussi souvent.<\/p>\n","protected":false},"excerpt":{"rendered":"Clinton Mata (OL) face \u00e0 Emegha (Strasbourg) (Photo by SEBASTIEN BOZON \/ AFP) Strasbourg, Lyon, Nice\u00a0: la multipropri\u00e9t\u00e9&hellip;\n","protected":false},"author":2,"featured_media":829,"comment_status":"","ping_status":"","sticky":false,"template":"","format":"standard","meta":{"footnotes":""},"categories":[2819],"tags":[1111,11,1777,674,1011,27,66,12,2401,241,978,882,25],"class_list":{"0":"post-646797","1":"post","2":"type-post","3":"status-publish","4":"format-standard","5":"has-post-thumbnail","7":"category-nice","8":"tag-actu","9":"tag-actualites","10":"tag-eu","11":"tag-europe","12":"tag-fr","13":"tag-france","14":"tag-ligue-1","15":"tag-news","16":"tag-nice","17":"tag-ol","18":"tag-olympique-lyonnais","19":"tag-provence-alpes-cote-dazur","20":"tag-republique-francaise"},"share_on_mastodon":{"url":"https:\/\/pubeurope.com\/@fr\/115853206654546483","error":""},"_links":{"self":[{"href":"https:\/\/www.europesays.com\/fr\/wp-json\/wp\/v2\/posts\/646797","targetHints":{"allow":["GET"]}}],"collection":[{"href":"https:\/\/www.europesays.com\/fr\/wp-json\/wp\/v2\/posts"}],"about":[{"href":"https:\/\/www.europesays.com\/fr\/wp-json\/wp\/v2\/types\/post"}],"author":[{"embeddable":true,"href":"https:\/\/www.europesays.com\/fr\/wp-json\/wp\/v2\/users\/2"}],"replies":[{"embeddable":true,"href":"https:\/\/www.europesays.com\/fr\/wp-json\/wp\/v2\/comments?post=646797"}],"version-history":[{"count":0,"href":"https:\/\/www.europesays.com\/fr\/wp-json\/wp\/v2\/posts\/646797\/revisions"}],"wp:featuredmedia":[{"embeddable":true,"href":"https:\/\/www.europesays.com\/fr\/wp-json\/wp\/v2\/media\/829"}],"wp:attachment":[{"href":"https:\/\/www.europesays.com\/fr\/wp-json\/wp\/v2\/media?parent=646797"}],"wp:term":[{"taxonomy":"category","embeddable":true,"href":"https:\/\/www.europesays.com\/fr\/wp-json\/wp\/v2\/categories?post=646797"},{"taxonomy":"post_tag","embeddable":true,"href":"https:\/\/www.europesays.com\/fr\/wp-json\/wp\/v2\/tags?post=646797"}],"curies":[{"name":"wp","href":"https:\/\/api.w.org\/{rel}","templated":true}]}}