{"id":646798,"date":"2026-01-07T09:55:11","date_gmt":"2026-01-07T09:55:11","guid":{"rendered":"https:\/\/www.europesays.com\/fr\/646798\/"},"modified":"2026-01-07T09:55:11","modified_gmt":"2026-01-07T09:55:11","slug":"face-au-verglas-sur-les-routes-la-prefecture-appelle-a-la-vigilance","status":"publish","type":"post","link":"https:\/\/www.europesays.com\/fr\/646798\/","title":{"rendered":"face au verglas sur les routes, la pr\u00e9fecture appelle \u00e0 la vigilance"},"content":{"rendered":"<p>                    Par<br \/>\n        <strong><br \/>\n            <a href=\"https:\/\/actu.fr\/auteur\/thomas-bernard\" title=\"Consulter tous les articles de Thomas Bernard\" target=\"_blank\" rel=\"noopener\">Thomas Bernard<\/a><br \/>\n                    <\/strong><\/p>\n<p>        Publi\u00e9 le<\/p>\n<p>            7 janv. 2026 \u00e0 9h10        <\/p>\n<p>La nuit derni\u00e8re et ce mercredi matin, <a href=\"https:\/\/actu.fr\/meteo\/meteo-en-loire-atlantique-encore-de-la-neige-et-de-la-pluie-verglacante-dans-la-nuit_63659571.html\" target=\"_blank\" rel=\"noopener\">des pluies vergla\u00e7antes <\/a>traversent la r\u00e9gion nantaise. Cet \u00e9pisode m\u00e9t\u00e9orologique impacte les conditions de circulation de ce mercredi 7\u00a0janvier 2026. On fait le point.<\/p>\n<p>44\u00a0km de bouchons<\/p>\n<p class=\" wall-content\">La Loire-Atlantique est en vigilance jaune pour neige et verglas jusqu\u2019\u00e0 10\u2009h, ce mercredi 7\u00a0janvier 2026. Dans ce contexte, la pr\u00e9fecture appelle\u2009: \u00e0 la vigilance des automobilistes, \u00e0 limiter le plus possible les d\u00e9placements, \u00e0 r\u00e9duire la vitesse sur la route et \u00e0 augmenter les distances de s\u00e9curit\u00e9.<\/p>\n<p class=\" wall-content\">Il est conseill\u00e9 de reporter <b>ses d\u00e9placements apr\u00e8s 10\u2009h<\/b>.<\/p>\n<p class=\" wall-content\">Pour rappel, les v\u00e9hicules de plus de <b>3,5 tonnes n\u2019ont pas le droit de d\u00e9passer et doivent abaisser leur vitesse de 20\u00a0km\/h sur l\u2019ensemble du d\u00e9partement<\/b>.<\/p>\n<p class=\" wall-content\">Ce mercredi matin, \u00e0 8\u2009h\u200940, Bison Fut\u00e9 recense <a href=\"https:\/\/www.bison-fute.gouv.fr\/courbes-bouchons,11025.html\" target=\"_blank\" rel=\"noopener\">44\u00a0km de bouchons cumul\u00e9s sur le p\u00e9riph\u00e9rique de Nantes<\/a>. <b>Des op\u00e9rations de salage<\/b> sont en cours sur le r\u00e9seau routier comme sur l\u2019A11 \u00e0 Carquefou.<\/p>\n<p class=\" wall-content\">La circulation est difficile au niveau de la porte de Rennes et de la Chapelle en raison de la pr\u00e9sence de verglas sur la chauss\u00e9e.<\/p>\n<p class=\" wall-content\">Depuis ce mardi 6\u00a0janvier 2026, <a href=\"https:\/\/actu.fr\/pays-de-la-loire\/les-sorinieres_44198\/neige-et-verglas-a-nantes-des-sorties-du-peripherique-fermees_63658758.html\" target=\"_blank\" rel=\"noopener\">une sortie du p\u00e9riph\u00e9rique est ferm\u00e9e<\/a> \u00e0 la hauteur des portes des Sorini\u00e8res, \u00e0 Vertou. Une mesure applicable \u00e0 tous les v\u00e9hicules circulant dans le sens de Nantes porte d\u2019Anjou vers Nantes porte d\u2019Orvault (sens ext\u00e9rieur). Un itin\u00e9raire de d\u00e9viation a \u00e9t\u00e9 mis en place \u00e0 porte de Vertou.<\/p>\n<p class=\" wall-content\">Personnalisez votre actualit\u00e9 en ajoutant vos villes et m\u00e9dias en favori avec <a href=\"https:\/\/moncompte.actu.fr\" title=\"D\u00e9couvez Mon Actu\" rel=\"nofollow noopener\" data-trk=\"{&quot;cta&quot;:{&quot;action&quot;:&quot;https:\\\/\\\/moncompte.actu.fr&quot;,&quot;category&quot;:&quot;mon compte&quot;,&quot;from&quot;:&quot;article footer&quot;,&quot;name&quot;:&quot;Mon actu&quot;,&quot;type&quot;:&quot;cta&quot;}}\" target=\"_blank\">Mon Actu<\/a>.<\/p>\n","protected":false},"excerpt":{"rendered":"Par Thomas Bernard Publi\u00e9 le 7 janv. 2026 \u00e0 9h10 La nuit derni\u00e8re et ce mercredi matin, des&hellip;\n","protected":false},"author":2,"featured_media":646799,"comment_status":"","ping_status":"","sticky":false,"template":"","format":"standard","meta":{"footnotes":""},"categories":[2818],"tags":[1111,11,3542,1777,674,1011,27,2487,766,12,2636,25],"class_list":{"0":"post-646798","1":"post","2":"type-post","3":"status-publish","4":"format-standard","5":"has-post-thumbnail","7":"category-nantes","8":"tag-actu","9":"tag-actualites","10":"tag-circulation","11":"tag-eu","12":"tag-europe","13":"tag-fr","14":"tag-france","15":"tag-meteo","16":"tag-nantes","17":"tag-news","18":"tag-pays-de-la-loire","19":"tag-republique-francaise"},"share_on_mastodon":{"url":"https:\/\/pubeurope.com\/@fr\/115853218610230852","error":""},"_links":{"self":[{"href":"https:\/\/www.europesays.com\/fr\/wp-json\/wp\/v2\/posts\/646798","targetHints":{"allow":["GET"]}}],"collection":[{"href":"https:\/\/www.europesays.com\/fr\/wp-json\/wp\/v2\/posts"}],"about":[{"href":"https:\/\/www.europesays.com\/fr\/wp-json\/wp\/v2\/types\/post"}],"author":[{"embeddable":true,"href":"https:\/\/www.europesays.com\/fr\/wp-json\/wp\/v2\/users\/2"}],"replies":[{"embeddable":true,"href":"https:\/\/www.europesays.com\/fr\/wp-json\/wp\/v2\/comments?post=646798"}],"version-history":[{"count":0,"href":"https:\/\/www.europesays.com\/fr\/wp-json\/wp\/v2\/posts\/646798\/revisions"}],"wp:featuredmedia":[{"embeddable":true,"href":"https:\/\/www.europesays.com\/fr\/wp-json\/wp\/v2\/media\/646799"}],"wp:attachment":[{"href":"https:\/\/www.europesays.com\/fr\/wp-json\/wp\/v2\/media?parent=646798"}],"wp:term":[{"taxonomy":"category","embeddable":true,"href":"https:\/\/www.europesays.com\/fr\/wp-json\/wp\/v2\/categories?post=646798"},{"taxonomy":"post_tag","embeddable":true,"href":"https:\/\/www.europesays.com\/fr\/wp-json\/wp\/v2\/tags?post=646798"}],"curies":[{"name":"wp","href":"https:\/\/api.w.org\/{rel}","templated":true}]}}