{"id":64680,"date":"2025-04-30T15:30:10","date_gmt":"2025-04-30T15:30:10","guid":{"rendered":"https:\/\/www.europesays.com\/fr\/64680\/"},"modified":"2025-04-30T15:30:10","modified_gmt":"2025-04-30T15:30:10","slug":"bernard-guetta-si-trump-veut-se-retirer-des-negociations-sur-lukraine-quil-parte-et-quon-en-revienne-aux-choses-serieuses","status":"publish","type":"post","link":"https:\/\/www.europesays.com\/fr\/64680\/","title":{"rendered":"Bernard Guetta: \u00abSi Trump veut se retirer des n\u00e9gociations sur l\u2019Ukraine, qu\u2019il parte et qu\u2019on en revienne aux choses s\u00e9rieuses!\u00bb"},"content":{"rendered":"<p class=\"t-content__chapo\">\n                                                Les 100 premiers de jours de Donald Trump \u00e0 la Maison Blanche se sont traduits par 100 jours de destructions massives qui ont profond\u00e9ment affect\u00e9 l\u2019Union europ\u00e9enne (UE) \u2013 et parmi elle, la France. M\u00eame si cette strat\u00e9gie du chaos du pr\u00e9sident am\u00e9ricain a tout de m\u00eame eu le m\u00e9rite d\u2019avoir r\u00e9ussi \u00e0 r\u00e9veiller enfin la vieille Europe. Pour Bernard Guetta, d\u00e9put\u00e9 europ\u00e9en Renew Europe, la France, seule puissance nucl\u00e9aire de l\u2019UE, a une responsabilit\u00e9 particuli\u00e8re dans le r\u00e9armement de l\u2019Europe et le soutien \u00e0 l\u2019Ukraine. Notamment face aux nouvelles menaces de Donald Trump de se retirer des n\u00e9gociations.                    <\/p>\n<p>        <img decoding=\"async\" fetchpriority=\"low\" src=\"https:\/\/www.europesays.com\/fr\/wp-content\/uploads\/2025\/04\/AP25120079717428.jpg\" alt=\"Le pr\u00e9sident Donald Trump \u00e0 la Maison Blanche \u00e0 Washington, mardi 29 avril 2025.\"   width=\"980\" height=\"551\" loading=\"eager\" class=\"m-figure__img lazy\"\/><\/p>\n<p>                Le pr\u00e9sident Donald Trump \u00e0 la Maison Blanche \u00e0 Washington, mardi 29 avril 2025.                AP &#8211; Jose Luis Magana            <\/p>\n<p>\u00a0<\/p>\n<p class=\"a-read-more\">\u00c0 lire aussi<a target=\"_self\" href=\"https:\/\/www.rfi.fr\/fr\/am\u00e9riques\/20250430-donald-trump-\u00e0-la-maison-blanche-cent-jours-d-america-first-un-premier-bilan\" class=\"a-read-more__link\" rel=\"noopener\">Donald Trump \u00e0 la Maison Blanche: cent jours d&rsquo;\u00abAmerica First\u00bb, un premier bilan<\/a><\/p>\n","protected":false},"excerpt":{"rendered":"Les 100 premiers de jours de Donald Trump \u00e0 la Maison Blanche se sont traduits par 100 jours&hellip;\n","protected":false},"author":2,"featured_media":64681,"comment_status":"","ping_status":"","sticky":false,"template":"","format":"standard","meta":{"footnotes":""},"categories":[1590],"tags":[11,782,75,73,1777,674,16404,12,220,364],"class_list":{"0":"post-64680","1":"post","2":"type-post","3":"status-publish","4":"format-standard","5":"has-post-thumbnail","7":"category-ukraine","8":"tag-actualites","9":"tag-ameriques","10":"tag-donald-trump","11":"tag-etats-unis","12":"tag-eu","13":"tag-europe","14":"tag-invite-politique","15":"tag-news","16":"tag-ukraine","17":"tag-union-europeenne"},"share_on_mastodon":{"url":"https:\/\/pubeurope.com\/@fr\/114427633564076854","error":""},"_links":{"self":[{"href":"https:\/\/www.europesays.com\/fr\/wp-json\/wp\/v2\/posts\/64680","targetHints":{"allow":["GET"]}}],"collection":[{"href":"https:\/\/www.europesays.com\/fr\/wp-json\/wp\/v2\/posts"}],"about":[{"href":"https:\/\/www.europesays.com\/fr\/wp-json\/wp\/v2\/types\/post"}],"author":[{"embeddable":true,"href":"https:\/\/www.europesays.com\/fr\/wp-json\/wp\/v2\/users\/2"}],"replies":[{"embeddable":true,"href":"https:\/\/www.europesays.com\/fr\/wp-json\/wp\/v2\/comments?post=64680"}],"version-history":[{"count":0,"href":"https:\/\/www.europesays.com\/fr\/wp-json\/wp\/v2\/posts\/64680\/revisions"}],"wp:featuredmedia":[{"embeddable":true,"href":"https:\/\/www.europesays.com\/fr\/wp-json\/wp\/v2\/media\/64681"}],"wp:attachment":[{"href":"https:\/\/www.europesays.com\/fr\/wp-json\/wp\/v2\/media?parent=64680"}],"wp:term":[{"taxonomy":"category","embeddable":true,"href":"https:\/\/www.europesays.com\/fr\/wp-json\/wp\/v2\/categories?post=64680"},{"taxonomy":"post_tag","embeddable":true,"href":"https:\/\/www.europesays.com\/fr\/wp-json\/wp\/v2\/tags?post=64680"}],"curies":[{"name":"wp","href":"https:\/\/api.w.org\/{rel}","templated":true}]}}