{"id":646800,"date":"2026-01-07T09:56:16","date_gmt":"2026-01-07T09:56:16","guid":{"rendered":"https:\/\/www.europesays.com\/fr\/646800\/"},"modified":"2026-01-07T09:56:16","modified_gmt":"2026-01-07T09:56:16","slug":"municipales-2026-ces-maires-de-la-metropole-de-bordeaux-vont-tourner-la-page","status":"publish","type":"post","link":"https:\/\/www.europesays.com\/fr\/646800\/","title":{"rendered":"Municipales 2026 : ces maires de la M\u00e9tropole de Bordeaux vont tourner la page"},"content":{"rendered":"<p class=\"wp-block-post-excerpt__excerpt\">Poids lourds de la vie politique locale, Patrick Bobet, Jean Touzeau, Dominique Alcala et Brigitte Terraza ne se repr\u00e9senteront pas cette ann\u00e9e. Outre les maires du Bouscat, Lormont, Bruges, et Bouliac, celles de Parempuyre et Saint-Louis-de-Montferrand \u2013 B\u00e9trice de Fran\u00e7ois et Josiane Zambon \u2013 mettront aussi un terme \u00e0 leur engagement municipal, non sans avoir pr\u00e9par\u00e9 leur succession. <\/p>\n<p><a href=\"https:\/\/rue89bordeaux.com\/category\/actualite\/\" rel=\"tag noopener\" target=\"_blank\">Actualit\u00e9<\/a>, <a href=\"https:\/\/rue89bordeaux.com\/category\/kiosque-abonne\/\" rel=\"tag noopener\" target=\"_blank\">\u00c9dition abonn\u00e9s<\/a><\/p>\n<p>Margaux B\u00e9gards<\/p>\n<p>Publi\u00e9 le 7 janvier 2026\u00a0\u00a0\u00b7\u00a0\u00a0<\/p>\n<p>Imprim\u00e9 le 7 janvier 2026 \u00e0 10h56\u00a0\u00a0\u00b7\u00a0\u00a0<\/p>\n<p>\t\t\t\t\t5\u00a0minutes\n<\/p>\n<p>Changement d\u2019\u00e8re en vue dans plusieurs communes de la m\u00e9tropole bordelaise. En cette ann\u00e9e d\u2019\u00e9lections municipales, si beaucoup d\u2019\u00e9lus d\u00e9cident de remettre une pi\u00e8ce dans la machine, d\u2019autres font en revanche le choix de baisser le rideau.<\/p>\n<p>Au Bouscat, c\u2019est un poids lourd de la politique locale qui va lib\u00e9rer son fauteuil. Apr\u00e8s 18 ans pass\u00e9s en tant qu\u2019adjoint, suivis de 25 ans \u00e0 la t\u00eate de la commune, Patrick Bobet va mettre un terme \u00e0 ses fonctions.<\/p>\n<blockquote class=\"wp-block-quote is-layout-flow wp-block-quote-is-layout-flow\">\n<p>\u00ab\u00a0Je l\u2019avais annonc\u00e9 en 2020 que ce serait mon 4e et dernier mandat, c\u2019est une d\u00e9cision m\u00fbrement r\u00e9fl\u00e9chie\u00a0\u00bb, confirme-t-il.<\/p>\n<\/blockquote>\n<p>Le maire Les R\u00e9publicains, m\u00e9decin de formation, a \u00e9galement succ\u00e9d\u00e9 \u00e0 Alain Jupp\u00e9, dont il \u00e9tait le vice-pr\u00e9sident aux finances, aux commandes de Bordeaux M\u00e9tropole de 2019 \u00e0 2020. Il dirigeait depuis le groupe d\u2019opposition M\u00e9tropole Commune(s). \u00c0 74 ans, l\u2019\u00e9dile fait le choix de la transmission, invoquant \u00ab\u00a0une d\u00e9cision de raison\u00a0\u00bb ; selon lui \u00ab\u00a0il faut aussi savoir s\u2019arr\u00eater et passer la main\u00a0\u00bb.<\/p>\n<p class=\"has-warning-color has-text-color\">\n\t\t\t<strong> Cet article fait partie de l\u2019\u00e9dition abonn\u00e9s.<\/strong><br \/>\n\t\t\t| D\u00e9j\u00e0 abonn\u00e9\u00a0?<br \/>\n\t\t\t<a href=\"https:\/\/rue89bordeaux.com\/user\/login\/\" data-type=\"page\" data-id=\"26256\" target=\"_blank\" rel=\"noopener\">Connectez-vous<\/a>\n\t\t<\/p>\n<p>Abonnez-vous maintenant pour poursuivre votre lecture<\/p>\n<p><img loading=\"lazy\" decoding=\"async\" width=\"607\" height=\"480\" src=\"https:\/\/www.europesays.com\/fr\/wp-content\/uploads\/2025\/04\/1744387698_768_04-paywall.png\" alt=\"Abonnez-vous\" class=\"wp-image-128438\"  \/><\/p>\n<p>\t\t\t<a href=\"https:\/\/rue89bordeaux.com\/\" class=\"custom-logo-link\" rel=\"home noopener\" target=\"_blank\"><img loading=\"lazy\" decoding=\"async\" width=\"290\" height=\"49\" src=\"https:\/\/www.europesays.com\/fr\/wp-content\/uploads\/2025\/04\/logo.png\" class=\"custom-logo\" alt=\"Rue89Bordeaux Enqu\u00eates et informations de proximit\u00e9\"  \/><\/a><\/p>\n<p>\n\t\t\t\tAbonnez-vous maintenant pour suivre l\u2019actualit\u00e9 locale.\t\t\t<\/p>\n<p class=\"font-bold font-serif-heading mb-2 text-4xl\">\n\t\t\t\t\t\tL\u2019investigation locale \u00e0 port\u00e9e de main.\n\t\t\t\t\t<\/p>\n<p>\n\t\t\t\t\t\tAbonnez-vous et profitez d\u2019un acc\u00e8s illimit\u00e9 \u00e0 Rue89Bordeaux. Annulez quand vous voulez.\n\t\t\t\t\t<\/p>\n<p class=\"xl:text-sm\">\n\t\t\t\t\tD\u00e9j\u00e0 abonn\u00e9\u00a0?<br \/>\n\t\t\t\t\t<a class=\"border border-transparent text-center transition-colors duration-instant focus:border-info focus:rounded focus:shadow-focus cursor-pointer text-black hover:text-gray-700 active:bg-black-700 font-semibold inline-block\" href=\"https:\/\/rue89bordeaux.com\/user\/login\/?redirect=\/2026\/01\/municipales-2026-ces-maires-de-la-metropole-bordelaise-qui-ne-repartent-pas\/\" target=\"_blank\" rel=\"noopener\">Connectez-vous<\/a>\t\t\t\t<\/p>\n<p>\n\t\t\t\tChoisissez votre formule\u00a0:\n\t\t\t<\/p>\n<p>\t\t\t\tFermer<\/p>\n","protected":false},"excerpt":{"rendered":"Poids lourds de la vie politique locale, Patrick Bobet, Jean Touzeau, Dominique Alcala et Brigitte Terraza ne se&hellip;\n","protected":false},"author":2,"featured_media":646801,"comment_status":"","ping_status":"","sticky":false,"template":"","format":"standard","meta":{"footnotes":""},"categories":[2817],"tags":[1111,11,1997,2904,1777,674,1011,27,3434,12,2219,316,25],"class_list":{"0":"post-646800","1":"post","2":"type-post","3":"status-publish","4":"format-standard","5":"has-post-thumbnail","7":"category-bordeaux","8":"tag-actu","9":"tag-actualites","10":"tag-bordeaux","11":"tag-bordeaux-metropole","12":"tag-eu","13":"tag-europe","14":"tag-fr","15":"tag-france","16":"tag-municipales-2026","17":"tag-news","18":"tag-nouvelle-aquitaine","19":"tag-politique","20":"tag-republique-francaise"},"share_on_mastodon":{"url":"https:\/\/pubeurope.com\/@fr\/115853222503465474","error":""},"_links":{"self":[{"href":"https:\/\/www.europesays.com\/fr\/wp-json\/wp\/v2\/posts\/646800","targetHints":{"allow":["GET"]}}],"collection":[{"href":"https:\/\/www.europesays.com\/fr\/wp-json\/wp\/v2\/posts"}],"about":[{"href":"https:\/\/www.europesays.com\/fr\/wp-json\/wp\/v2\/types\/post"}],"author":[{"embeddable":true,"href":"https:\/\/www.europesays.com\/fr\/wp-json\/wp\/v2\/users\/2"}],"replies":[{"embeddable":true,"href":"https:\/\/www.europesays.com\/fr\/wp-json\/wp\/v2\/comments?post=646800"}],"version-history":[{"count":0,"href":"https:\/\/www.europesays.com\/fr\/wp-json\/wp\/v2\/posts\/646800\/revisions"}],"wp:featuredmedia":[{"embeddable":true,"href":"https:\/\/www.europesays.com\/fr\/wp-json\/wp\/v2\/media\/646801"}],"wp:attachment":[{"href":"https:\/\/www.europesays.com\/fr\/wp-json\/wp\/v2\/media?parent=646800"}],"wp:term":[{"taxonomy":"category","embeddable":true,"href":"https:\/\/www.europesays.com\/fr\/wp-json\/wp\/v2\/categories?post=646800"},{"taxonomy":"post_tag","embeddable":true,"href":"https:\/\/www.europesays.com\/fr\/wp-json\/wp\/v2\/tags?post=646800"}],"curies":[{"name":"wp","href":"https:\/\/api.w.org\/{rel}","templated":true}]}}