{"id":646812,"date":"2026-01-07T10:05:11","date_gmt":"2026-01-07T10:05:11","guid":{"rendered":"https:\/\/www.europesays.com\/fr\/646812\/"},"modified":"2026-01-07T10:05:11","modified_gmt":"2026-01-07T10:05:11","slug":"jean-luc-melenchon-attendu-a-villeurbanne-ce-vendredi","status":"publish","type":"post","link":"https:\/\/www.europesays.com\/fr\/646812\/","title":{"rendered":"Jean-Luc M\u00e9lenchon attendu \u00e0 Villeurbanne ce vendredi"},"content":{"rendered":"<p itemprop=\"description\"><strong>Assister aux voeux des \u00e9lus, c&rsquo;est rarement enchantant.<\/strong><\/p>\n<p>D&rsquo;autant que les buffets sont de moins en moins fastueux. <a href=\"https:\/\/www.lyonmag.com\/profil-personnalite-lyonnaise\/707\/gabriel-amard\" target=\"_blank\" rel=\"noopener\">Gabriel Amard<\/a> a peut-\u00eatre trouv\u00e9 la parade cette ann\u00e9e. Le d\u00e9put\u00e9 LFI du Rh\u00f4ne a en effet invit\u00e9 Jean-Luc M\u00e9lenchon \u00e0 sa c\u00e9r\u00e9monie, qui prendra la forme d&rsquo;un banquet r\u00e9publicain ce vendredi \u00e0 19h au CCVA de Villeurbanne.<\/p>\n<p>Une sorte de repas de famille en grand comit\u00e9 puisque Gabriel Amard est le gendre du leader insoumis.<\/p>\n<p>Et il faudra bien la pr\u00e9sence de Jean-Luc M\u00e9lenchon pour remobiliser les troupes de l&rsquo;agglom\u00e9ration lyonnaise, dont le d\u00e9but de campagne des municipales est qualifi\u00e9 de tr\u00e8s timide par la plupart des observateurs, malgr\u00e9 les ambitions fortes du mouvement, parti en dissidence de l&rsquo;union de la gauche dans la plupart des grandes villes comme Lyon, Villeurbanne ou V\u00e9nissieux, ainsi qu&rsquo;aux m\u00e9tropolitaines.<\/p>\n","protected":false},"excerpt":{"rendered":"Assister aux voeux des \u00e9lus, c&rsquo;est rarement enchantant. D&rsquo;autant que les buffets sont de moins en moins fastueux.&hellip;\n","protected":false},"author":2,"featured_media":646813,"comment_status":"","ping_status":"","sticky":false,"template":"","format":"standard","meta":{"footnotes":""},"categories":[1889],"tags":[1111,11,2813,2190,2430,1109,251,1112,2811,1777,674,118,1011,27,1922,1110,1114,2428,2810,12,241,316,25,2812,517,800],"class_list":{"0":"post-646812","1":"post","2":"type-post","3":"status-publish","4":"format-standard","5":"has-post-thumbnail","7":"category-lyon","8":"tag-actu","9":"tag-actualites","10":"tag-article","11":"tag-asvel","12":"tag-auvergne-rhone-alpes","13":"tag-breves","14":"tag-culture","15":"tag-depeches","16":"tag-economique","17":"tag-eu","18":"tag-europe","19":"tag-faits-divers","20":"tag-fr","21":"tag-france","22":"tag-info","23":"tag-informations","24":"tag-infos","25":"tag-lyon","26":"tag-lyonmag","27":"tag-news","28":"tag-ol","29":"tag-politique","30":"tag-republique-francaise","31":"tag-sociale","32":"tag-sport","33":"tag-transports"},"share_on_mastodon":{"url":"https:\/\/pubeurope.com\/@fr\/115853257823919145","error":""},"_links":{"self":[{"href":"https:\/\/www.europesays.com\/fr\/wp-json\/wp\/v2\/posts\/646812","targetHints":{"allow":["GET"]}}],"collection":[{"href":"https:\/\/www.europesays.com\/fr\/wp-json\/wp\/v2\/posts"}],"about":[{"href":"https:\/\/www.europesays.com\/fr\/wp-json\/wp\/v2\/types\/post"}],"author":[{"embeddable":true,"href":"https:\/\/www.europesays.com\/fr\/wp-json\/wp\/v2\/users\/2"}],"replies":[{"embeddable":true,"href":"https:\/\/www.europesays.com\/fr\/wp-json\/wp\/v2\/comments?post=646812"}],"version-history":[{"count":0,"href":"https:\/\/www.europesays.com\/fr\/wp-json\/wp\/v2\/posts\/646812\/revisions"}],"wp:featuredmedia":[{"embeddable":true,"href":"https:\/\/www.europesays.com\/fr\/wp-json\/wp\/v2\/media\/646813"}],"wp:attachment":[{"href":"https:\/\/www.europesays.com\/fr\/wp-json\/wp\/v2\/media?parent=646812"}],"wp:term":[{"taxonomy":"category","embeddable":true,"href":"https:\/\/www.europesays.com\/fr\/wp-json\/wp\/v2\/categories?post=646812"},{"taxonomy":"post_tag","embeddable":true,"href":"https:\/\/www.europesays.com\/fr\/wp-json\/wp\/v2\/tags?post=646812"}],"curies":[{"name":"wp","href":"https:\/\/api.w.org\/{rel}","templated":true}]}}