{"id":646814,"date":"2026-01-07T10:06:13","date_gmt":"2026-01-07T10:06:13","guid":{"rendered":"https:\/\/www.europesays.com\/fr\/646814\/"},"modified":"2026-01-07T10:06:13","modified_gmt":"2026-01-07T10:06:13","slug":"gregory-doucet-veut-mettre-en-place-un-pass-sport-municipal","status":"publish","type":"post","link":"https:\/\/www.europesays.com\/fr\/646814\/","title":{"rendered":"Gr\u00e9gory Doucet veut mettre en place un \u00ab\u00a0pass sport municipal\u00a0\u00bb"},"content":{"rendered":"<p>L&rsquo;union de la gauche et des \u00e9cologistes propose la mise en place d&rsquo;un pass sport municipal et veut la cr\u00e9ation de nouvelles infrastructures sportives \u00e0 Lyon, \u00e0 deux mois des municipales.<\/p>\n<p>\u00c0 quelques semaines des \u00e9lections municipales \u00e0 Lyon, le maire-candidat <a href=\"https:\/\/www.bfmtv.com\/lyon\/replay-emissions\/bonsoir-lyon\/video-municipales-2026-gregory-doucet-devoile-ses-premieres-mesures_VN-202512100924.html\" title=\"Municipales 2026 : Gr\u00e9gory Doucet d\u00e9voile ses premi\u00e8res mesures !\" class=\"internal_link\" target=\"_blank\" rel=\"noopener\">Gr\u00e9gory Doucet<\/a> d\u00e9voile ce mercredi 7 janvier une nouvelle proposition de campagne en faveur de l\u2019acc\u00e8s au sport, avec la cr\u00e9ation d&rsquo;un \u00ab\u00a0pass sport municipal\u00a0\u00bb.<\/p>\n<p>Dans un communiqu\u00e9, l&rsquo;union de la gauche et des \u00e9cologistes (\u00ab\u00a0Vivre Lyon\u00a0\u00bb) indique vouloir mettre fin aux \u00ab\u00a0deux freins principaux \u00e0 la pratique sportive\u00a0\u00bb, \u00e0 savoir \u00ab\u00a0le co\u00fbt et la pr\u00e9sence d&rsquo;infrastructures en nombre suffisant\u00a0\u00bb.<\/p>\n<p>Le groupe \u00ab\u00a0Vivre Lyon\u00a0\u00bb propose ainsi un pass sport \u00e0 l&rsquo;\u00e9chelle municipale, qui \u00ab\u00a0permettra de doubler le montant du pass sport mis en place par l\u2019\u00c9tat, pour assurer une r\u00e9duction imm\u00e9diate sur une inscription \u00e0 un club, une association ou une salle sportive\u00a0\u00bb. Les crit\u00e8res d&rsquo;\u00e9ligibilit\u00e9 seront les m\u00eames que pour le dispositif national. \u00ab\u00a0Que les jeunes Lyonnais puissent se d\u00e9penser sans trop d\u00e9penser est essentiel\u00a0\u00bb, estime le groupe.<\/p>\n<p>De nouvelles infrastructures<\/p>\n<p>La \u00ab\u00a0cr\u00e9ation de nouvelles infrastructures sportives\u00a0\u00bb est \u00e9galement annonc\u00e9e. Onze nouveaux \u00e9quipements pourraient ainsi \u00eatre cr\u00e9\u00e9s, qu&rsquo;ils s&rsquo;agissent d&rsquo;installations en plein air, de nouveaux gymnases ou de lieux de pratique de sports urbains.<\/p>\n<p>\u00ab\u00a0Vivre Lyon\u00a0\u00bb souhaite par exemple une aire de fitness sur le terrain Chazi\u00e8re, un parcours sant\u00e9 et un skate park \u00e0 Gerland, ou encore une salle d&rsquo;escalade dans l&rsquo;ancienne \u00e9glise Saint-Bernard. Un autre grand projet est esp\u00e9r\u00e9: l&rsquo;\u00e9dification d&rsquo;un complexe sportif sur l&rsquo;\u00eelot Kennedy, \u00ab\u00a0avec une piscine municipale et un mur d&rsquo;escalade\u00a0\u00bb.<\/p>\n<p>\u201cNous souhaitons lever les freins \u00e0 la pratique du sport pour nos jeunes (&#8230;). Pour se d\u00e9penser et prot\u00e9ger sa sant\u00e9!\u00a0\u00bb, r\u00e9sume Augustin Pesche, membre de la campagne Vivre Lyon et \u00e9lu PC.<\/p>\n","protected":false},"excerpt":{"rendered":"L&rsquo;union de la gauche et des \u00e9cologistes propose la mise en place d&rsquo;un pass sport municipal et veut&hellip;\n","protected":false},"author":2,"featured_media":646815,"comment_status":"","ping_status":"","sticky":false,"template":"","format":"standard","meta":{"footnotes":""},"categories":[1889],"tags":[1111,11,2430,1777,674,1011,27,2428,12,25],"class_list":{"0":"post-646814","1":"post","2":"type-post","3":"status-publish","4":"format-standard","5":"has-post-thumbnail","7":"category-lyon","8":"tag-actu","9":"tag-actualites","10":"tag-auvergne-rhone-alpes","11":"tag-eu","12":"tag-europe","13":"tag-fr","14":"tag-france","15":"tag-lyon","16":"tag-news","17":"tag-republique-francaise"},"share_on_mastodon":{"url":"https:\/\/pubeurope.com\/@fr\/115853261695575383","error":""},"_links":{"self":[{"href":"https:\/\/www.europesays.com\/fr\/wp-json\/wp\/v2\/posts\/646814","targetHints":{"allow":["GET"]}}],"collection":[{"href":"https:\/\/www.europesays.com\/fr\/wp-json\/wp\/v2\/posts"}],"about":[{"href":"https:\/\/www.europesays.com\/fr\/wp-json\/wp\/v2\/types\/post"}],"author":[{"embeddable":true,"href":"https:\/\/www.europesays.com\/fr\/wp-json\/wp\/v2\/users\/2"}],"replies":[{"embeddable":true,"href":"https:\/\/www.europesays.com\/fr\/wp-json\/wp\/v2\/comments?post=646814"}],"version-history":[{"count":0,"href":"https:\/\/www.europesays.com\/fr\/wp-json\/wp\/v2\/posts\/646814\/revisions"}],"wp:featuredmedia":[{"embeddable":true,"href":"https:\/\/www.europesays.com\/fr\/wp-json\/wp\/v2\/media\/646815"}],"wp:attachment":[{"href":"https:\/\/www.europesays.com\/fr\/wp-json\/wp\/v2\/media?parent=646814"}],"wp:term":[{"taxonomy":"category","embeddable":true,"href":"https:\/\/www.europesays.com\/fr\/wp-json\/wp\/v2\/categories?post=646814"},{"taxonomy":"post_tag","embeddable":true,"href":"https:\/\/www.europesays.com\/fr\/wp-json\/wp\/v2\/tags?post=646814"}],"curies":[{"name":"wp","href":"https:\/\/api.w.org\/{rel}","templated":true}]}}