{"id":646820,"date":"2026-01-07T10:10:10","date_gmt":"2026-01-07T10:10:10","guid":{"rendered":"https:\/\/www.europesays.com\/fr\/646820\/"},"modified":"2026-01-07T10:10:10","modified_gmt":"2026-01-07T10:10:10","slug":"paris-est-encore-plus-magique-sous-la-neige-les-images-de-la-capitale-dans-son-manteau-blanc","status":"publish","type":"post","link":"https:\/\/www.europesays.com\/fr\/646820\/","title":{"rendered":"Paris est encore plus magique sous la neige : les images de la capitale dans son manteau blanc"},"content":{"rendered":"<p class=\"mb-4 text-lg md:leading-8 break-words\">Malgr\u00e9 les orteils gel\u00e9s, la peur de tomber et les routes paralys\u00e9es, impossible de ne pas succomber devant tant de beaut\u00e9\u00a0! Alors que la neige <a href=\"https:\/\/www.parismatch.com\/actu\/societe\/le-skieur-de-montmartre-est-de-retour-la-france-et-une-bonne-partie-de-leurope-recouverte-dun-joli-manteau-blanc-262474\" rel=\"nofollow noopener\" target=\"_blank\" data-ylk=\"slk:tomb\u00e9e en abondance lundi 5\u00a0janvier;elm:context_link;itc:0;sec:content-canvas\" class=\"link \">tomb\u00e9e en abondance lundi 5\u00a0janvier<\/a> n\u2019avait pas encore eu le temps de fondre, un nouvel \u00e9pisode neigeux d\u2019une \u00ab\u00a0ampleur rare dans le climat actuel\u00a0\u00bb a offert un spectacle f\u00e9erique aux Parisiens, ce mercredi 7\u00a0janvier.<\/p>\n<p class=\"mb-4 text-lg md:leading-8 break-words\">En quelques heures, les jardins, les quais et les b\u00e2timents historiques se sont recouverts d\u2019un joli manteau blanc, offrant des sc\u00e8nes \u00e0 la fois empreintes de magie\u2026 et de folie\u00a0! Ainsi, de nombreux Parisiens ont ressorti les skis, le moyen de transport le plus tendance dans la capitale cette semaine. Les chiens ont enfil\u00e9 leur petit manteau jaune. Et les amoureux leur perche \u00e0 selfie pour immortaliser cette journ\u00e9e hors du temps au pied de la tour Eiffel ou sur les marches du Sacr\u00e9-C\u0153ur.<\/p>\n<p>Des transports perturb\u00e9s<\/p>\n<p class=\"mb-4 text-lg md:leading-8 break-words\">\u00c0 Paris et dans sa banlieue, le niveau 3 du Plan neige et verglas a \u00e9t\u00e9 activ\u00e9 ce mercredi, avec notamment la limitation de la vitesse \u00e0 70\u00a0km\/h et la suppression des transports scolaires en grande couronne. Plus de 600\u00a0km de bouchons \u00e9taient enregistr\u00e9s sur les routes d\u2019\u00cele-de-France peu avant 9\u00a0heures, selon le site Sytadin, et la RN 118, au sud de Paris, a \u00e9t\u00e9 partiellement ferm\u00e9e \u00e0 la circulation. \u00c0 6\u00a0heures, la RATP a invit\u00e9 les usagers \u00e0 \u00ab\u00a0privil\u00e9gier le t\u00e9l\u00e9travail\u00a0\u00bb si possible et \u00e0 \u00ab\u00a0r\u00e9duire les d\u00e9placements\u00a0\u00bb.<\/p>\n<p class=\"mb-4 text-lg md:leading-8 break-words\"><a href=\"https:\/\/www.parismatch.com\/actu\/societe\/paris-est-encore-plus-magique-sous-la-neige-les-images-de-la-capitale-dans-son-manteau-blanc-262558?at_medium=affiliate&amp;at_campaign=Yahoo\" rel=\"nofollow noopener\" target=\"_blank\" data-ylk=\"slk:Retrouvez cet article sur ParisMatch;elm:context_link;itc:0;sec:content-canvas\" class=\"link \">Retrouvez cet article sur ParisMatch<\/a><\/p>\n","protected":false},"excerpt":{"rendered":"Malgr\u00e9 les orteils gel\u00e9s, la peur de tomber et les routes paralys\u00e9es, impossible de ne pas succomber devant&hellip;\n","protected":false},"author":2,"featured_media":646821,"comment_status":"","ping_status":"","sticky":false,"template":"","format":"standard","meta":{"footnotes":""},"categories":[1888],"tags":[1111,1928,11,1927,1777,674,1011,27,75237,75235,75236,12,1926,626,1925,66949,25],"class_list":{"0":"post-646820","1":"post","2":"type-post","3":"status-publish","4":"format-standard","5":"has-post-thumbnail","7":"category-paris","8":"tag-actu","9":"tag-actu-paris","10":"tag-actualites","11":"tag-actualites-paris","12":"tag-eu","13":"tag-europe","14":"tag-fr","15":"tag-france","16":"tag-les-amoureux","17":"tag-limitation-de-la-vitesse","18":"tag-manteau-blanc","19":"tag-news","20":"tag-news-paris","21":"tag-paris","22":"tag-paris-news","23":"tag-plan-neige","24":"tag-republique-francaise"},"share_on_mastodon":{"url":"https:\/\/pubeurope.com\/@fr\/115853277573517659","error":""},"_links":{"self":[{"href":"https:\/\/www.europesays.com\/fr\/wp-json\/wp\/v2\/posts\/646820","targetHints":{"allow":["GET"]}}],"collection":[{"href":"https:\/\/www.europesays.com\/fr\/wp-json\/wp\/v2\/posts"}],"about":[{"href":"https:\/\/www.europesays.com\/fr\/wp-json\/wp\/v2\/types\/post"}],"author":[{"embeddable":true,"href":"https:\/\/www.europesays.com\/fr\/wp-json\/wp\/v2\/users\/2"}],"replies":[{"embeddable":true,"href":"https:\/\/www.europesays.com\/fr\/wp-json\/wp\/v2\/comments?post=646820"}],"version-history":[{"count":0,"href":"https:\/\/www.europesays.com\/fr\/wp-json\/wp\/v2\/posts\/646820\/revisions"}],"wp:featuredmedia":[{"embeddable":true,"href":"https:\/\/www.europesays.com\/fr\/wp-json\/wp\/v2\/media\/646821"}],"wp:attachment":[{"href":"https:\/\/www.europesays.com\/fr\/wp-json\/wp\/v2\/media?parent=646820"}],"wp:term":[{"taxonomy":"category","embeddable":true,"href":"https:\/\/www.europesays.com\/fr\/wp-json\/wp\/v2\/categories?post=646820"},{"taxonomy":"post_tag","embeddable":true,"href":"https:\/\/www.europesays.com\/fr\/wp-json\/wp\/v2\/tags?post=646820"}],"curies":[{"name":"wp","href":"https:\/\/api.w.org\/{rel}","templated":true}]}}