{"id":646826,"date":"2026-01-07T10:13:13","date_gmt":"2026-01-07T10:13:13","guid":{"rendered":"https:\/\/www.europesays.com\/fr\/646826\/"},"modified":"2026-01-07T10:13:13","modified_gmt":"2026-01-07T10:13:13","slug":"en-direct-guerre-en-ukraine-une-mission-sacree-selon-poutine","status":"publish","type":"post","link":"https:\/\/www.europesays.com\/fr\/646826\/","title":{"rendered":"EN DIRECT &#8211; Guerre en Ukraine : \u00ab\u00a0Une mission sacr\u00e9e\u00a0\u00bb, selon Poutine"},"content":{"rendered":"<ul class=\"jsx-862013697 ArticleChapo__List\">\n<li class=\"jsx-862013697 ArticleChapo__List_Item flex\">Vladimir Poutine qualifie de \u00ab\u00a0mission sacr\u00e9e\u00a0\u00bb son op\u00e9ration en Ukraine, lors d&rsquo;une c\u00e9r\u00e9monie de c\u00e9l\u00e9bration du Noel orthodoxe ce mercredi, rapporte Reuters.<\/li>\n<li class=\"jsx-862013697 ArticleChapo__List_Item flex\">La veille, les Europ\u00e9ens se sont engag\u00e9s \u00e0 fournir des garanties de s\u00e9curit\u00e9 \u00ab\u00a0robustes\u00a0\u00bb \u00e0 l&rsquo;Ukraine.<\/li>\n<li class=\"jsx-862013697 ArticleChapo__List_Item flex\">Suivez les derni\u00e8res informations.<\/li>\n<\/ul>\n<p><a href=\"https:\/\/www.tf1info.fr\/actualite\/guerre-ukraine-russie-une-rencontre-donald-trump-vladimir-poutine-historique-le-vendredi-15-aout-2025-en-alaska-sans-volodymyr-zelensky-14326\/\" rel=\"noopener\" class=\"jsx-484472199 Link jsx-1428418400 jsx-554215408\" target=\"_blank\"><\/p>\n<p style=\"font-weight:400\" class=\"jsx-1837267516\">Suivez la couverture compl\u00e8te<\/p>\n<p style=\"font-weight:800\" class=\"jsx-1837267516\">Ukraine-Russie : en marge des n\u00e9gociations, les attaques russes continuent<\/p>\n<p><\/a>Minute par minuteDISCUSSIONS \u00c0 PARIS10:22<\/p>\n<p>Apr\u00e8s la r\u00e9union de la \u00ab\u00a0coalition des volontaires\u00a0\u00bb mardi \u00e0 Paris, des responsables am\u00e9ricains et ukrainiens doivent poursuivre leurs discussions dans la capitale fran\u00e7aise ce mercredi. Au c\u0153ur des \u00e9changes entre les deux pays ces derni\u00e8res semaines ? L&rsquo;\u00e9bauche d&rsquo;un plan de paix n\u00e9goci\u00e9 par Washington avec Kiev et Moscou.<\/p>\n<p>L&rsquo;INVASION DE L&rsquo;UKRAINE, UNE \u00ab\u00a0MISSION SACR\u00c9E\u00a0\u00bb POUR POUTINE09:18<\/p>\n<p>En ce jour de No\u00ebl orthodoxe, Vladimir Poutine a assist\u00e9 ce mercredi 7 janvier \u00e0 un office religieux pr\u00e8s de Moscou. Lors d&rsquo;une prise de parole apr\u00e8s la c\u00e9r\u00e9monie, le pr\u00e9sident russe a fait r\u00e9f\u00e9rence \u00e0 la guerre en Ukraine, la qualifiant de \u00ab\u00a0mission sacr\u00e9e\u00a0\u00bb, rapporte l&rsquo;agence Reuters.\u00a0<\/p>\n<p>\u00ab\u00a0Les guerriers russes ont toujours, comme s&rsquo;ils ob\u00e9issaient \u00e0 la volont\u00e9 du Seigneur, accompli cette mission de d\u00e9fendre la Patrie et son peuple, de sauver la M\u00e8re Patrie et son peuple\u00a0\u00bb, a ainsi d\u00e9velopp\u00e9 Vladimir Poutine. \u00ab\u00a0En Russie, de tout temps, c\u2019est ainsi que les gens ont consid\u00e9r\u00e9 leurs guerriers : comme ceux qui, comme sur ordre du Seigneur, accomplissent cette mission sacr\u00e9e.\u00a0\u00bb<\/p>\n<p>D\u00c9P\u00d4T P\u00c9TROLIER RUSSE08:00<\/p>\n<p>Les autorit\u00e9s russes rapportent qu&rsquo;un incendie s&rsquo;est produit cette nuit dans un d\u00e9p\u00f4t p\u00e9trolier de la r\u00e9gion russe de Belgorod, frontali\u00e8re de l&rsquo;Ukraine. Comme relay\u00e9 par <a href=\"https:\/\/kyivindependent.com\/russian-oil-refinery-in-belgorod-oblast-on-fire-after-ukrainian-drone-attack-official-claims\/\" target=\"_blank\" rel=\"nofollow noopener\">The Kyiv Independent (nouvelle fen\u00eatre)<\/a>, le gouverneur de l&rsquo;oblast, Vyacheslov Gladkov, a indiqu\u00e9 que ce d\u00e9part de feu serait li\u00e9 \u00e0 une frappe de drone. Aucune victime ne serait \u00e0 d\u00e9plorer.<\/p>\n<p>DES SOLDATS D\u00c9PLOY\u00c9S EN UKRAINE ?06:58<\/p>\n<p>\u00ab\u00a0Plusieurs milliers\u00a0\u00bb de soldats fran\u00e7ais pourraient \u00eatre d\u00e9ploy\u00e9s en Ukraine pour \u00ab\u00a0maintenir la paix\u00a0\u00bb, a d\u00e9clar\u00e9 Emmanuel Macron, mardi, au moment de recevoir les alli\u00e9s de la \u00ab\u00a0coalition des volontaires\u00a0\u00bb \u00e0 Paris. Les diff\u00e9rents pays europ\u00e9ens ne sont pas tous sur la m\u00eame ligne quant \u00e0 l&rsquo;envoi de troupes au sol apr\u00e8s un hypoth\u00e9tique accord de paix entre Kiev et Moscou.<\/p>\n<p>International<img decoding=\"async\" src=\"https:\/\/www.europesays.com\/fr\/wp-content\/uploads\/2026\/01\/emmanuel-macron-paris-6-janvier-2026-2027-c5818b-0@1x.jpeg\" alt=\"Emmanuel Macron \u00e0 Paris le 6 janvier 2026\" loading=\"lazy\" importance=\"low\" fetchpriority=\"low\" class=\"\" aria-hidden=\"true\"\/><\/p>\n<p>Publi\u00e9 hier \u00e0 22h11<\/p>\n<p>\u00ab\u00a0GARANTIES DE S\u00c9CURIT\u00c9\u00a0\u00bb06:55<\/p>\n<p>R\u00e9unis dans la capitale fran\u00e7aise mardi, les alli\u00e9s de la \u00ab\u00a0coalition des volontaires\u00a0\u00bb se sont engag\u00e9s \u00e0 fournir des garanties de s\u00e9curit\u00e9 \u00ab\u00a0robustes\u00a0\u00bb \u00e0 Kiev. La \u00ab\u00a0D\u00e9claration de Paris\u00a0\u00bb comprend entre autres \u00ab\u00a0le d\u00e9ploiement d&rsquo;une force multinationale apr\u00e8s un cessez-le-feu\u00a0\u00bb.<\/p>\n<p>International<img decoding=\"async\" src=\"https:\/\/www.europesays.com\/fr\/wp-content\/uploads\/2026\/01\/emmanuel-macron-volodymyr-zelensky-6-janvier-2026-72bf0c-1@1x.jpeg\" alt=\"Volodymyr Zelensky et Emmanuel Macron \u00e0 Paris le 6 janvier 2026\" loading=\"lazy\" importance=\"low\" fetchpriority=\"low\" class=\"\" aria-hidden=\"true\"\/><\/p>\n<p>Publi\u00e9 hier \u00e0 23h21<\/p>\n<p>BIENVENUE06:51<\/p>\n<p>Bonjour \u00e0 toutes et \u00e0 tous et bienvenue sur ce live consacr\u00e9 \u00e0 l&rsquo;actualit\u00e9 de la guerre en Ukraine.<\/p>\n<p data-module=\"article-paragraph\" class=\"jsx-157965717 Paragraph\">Les Europ\u00e9ens se sont engag\u00e9s \u00e0 fournir des <a href=\"https:\/\/www.tf1info.fr\/international\/ukraine-russie-que-sait-on-des-garanties-de-securite-robustes-promises-par-les-allies-de-kiev-pour-apres-la-guerre-2417108.html\" target=\"_blank\" rel=\"noopener\">garanties de s\u00e9curit\u00e9 \u00ab\u00a0robustes\u00a0\u00bb<\/a> \u00e0 l&rsquo;Ukraine, dont le d\u00e9ploiement dans le pays d&rsquo;une \u00ab\u00a0force multinationale\u00a0\u00bb soutenue par les \u00c9tats-Unis, dans l&rsquo;hypoth\u00e8se d&rsquo;un cessez-le-feu conclu avec la Russie. La \u00ab\u00a0Coalition des volontaires\u00a0\u00bb, qui regroupe les dirigeants de la quasi-totalit\u00e9 des pays europ\u00e9ens, du Canada, de l&rsquo;Otan et de l&rsquo;UE, s&rsquo;est r\u00e9unie dans la capitale fran\u00e7aise en pr\u00e9sence des deux \u00e9missaires de Donald Trump sur l&rsquo;Ukraine, Steve Witkoff et Jared Kushner.\u00a0<\/p>\n<p data-module=\"article-paragraph\" class=\"jsx-157965717 Paragraph Paragraph__End\">Cette trentaine de dirigeants a abouti \u00e0 la signature d&rsquo;une d\u00e9claration d&rsquo;intention conjointe sur \u00ab\u00a0le d\u00e9ploiement d&rsquo;une force multinationale apr\u00e8s un cessez-le-feu\u00a0\u00bb en Ukraine. Cette force, form\u00e9e par les pays volontaires de la coalition, sera men\u00e9e par les Europ\u00e9ens et \u00ab\u00a0soutenue\u00a0\u00bb par les \u00c9tats-Unis, selon la d\u00e9claration finale publi\u00e9e par la pr\u00e9sidence fran\u00e7aise.<\/p>\n<p data-module=\"article-paragraph\" class=\"jsx-157965717 Paragraph Paragraph__End\">Les garanties pour la s\u00e9curit\u00e9 future de l&rsquo;Ukraine, une fois un cessez-le-feu conclu avec la Russie, ont \u00e9t\u00e9 en \u00ab\u00a0grande partie finalis\u00e9es\u00a0\u00bb et permettent aux Ukrainiens de savoir que lorsque ce conflit prendra fin, \u00ab\u00a0ce sera d\u00e9finitivement\u00a0\u00bb, a salu\u00e9 Steve Witkoff.<\/p>\n<p data-module=\"article-paragraph\" class=\"jsx-157965717 Paragraph Paragraph__End\">Mardi soir, <a href=\"https:\/\/www.tf1info.fr\/international\/plusieurs-milliers-de-soldats-francais-pourraient-etre-deployes-en-ukraine-guerre-russie-pour-maintenir-la-paix-affirme-president-emmanuel-macron-2417089.html\" target=\"_blank\" rel=\"noopener\">Emmanuel Macron a \u00e9voqu\u00e9<\/a> le potentiel envoi de \u00ab\u00a0plusieurs milliers d&rsquo;hommes, (&#8230;) dans le cadre de nos op\u00e9rations ext\u00e9rieures\u00a0\u00bb, le jour \u00ab\u00a0d&rsquo;apr\u00e8s la paix\u00a0\u00bb, dans un entretien accord\u00e9 en marge d&rsquo;un sommet des alli\u00e9s de l&rsquo;Ukraine. \u00ab\u00a0Ce ne sont pas des forces qu&rsquo;on engage au combat\u00a0\u00bb, mais \u00ab\u00a0une force de r\u00e9assurance\u00a0\u00bb, a-t-il ajout\u00e9 sur France 2.<\/p>\n<p>La r\u00e9daction de TF1info<\/p>\n","protected":false},"excerpt":{"rendered":"Vladimir Poutine qualifie de \u00ab\u00a0mission sacr\u00e9e\u00a0\u00bb son op\u00e9ration en Ukraine, lors d&rsquo;une c\u00e9r\u00e9monie de c\u00e9l\u00e9bration du Noel orthodoxe&hellip;\n","protected":false},"author":2,"featured_media":291696,"comment_status":"","ping_status":"","sticky":false,"template":"","format":"standard","meta":{"footnotes":""},"categories":[1591],"tags":[1111,11,1921,1887,1922,74270,12,1885,1886,132,220,1917,73921,133,1920],"class_list":{"0":"post-646826","1":"post","2":"type-post","3":"status-publish","4":"format-standard","5":"has-post-thumbnail","7":"category-russie","8":"tag-actu","9":"tag-actualites","10":"tag-article-video","11":"tag-federation-de-russie","12":"tag-info","13":"tag-les-attaques-russes-continuent","14":"tag-news","15":"tag-russia","16":"tag-russian-federation","17":"tag-russie","18":"tag-ukraine","19":"tag-ukraine-4-annee-de-guerre","20":"tag-ukraine-russie-en-marge-des-negociations","21":"tag-video","22":"tag-video-international"},"share_on_mastodon":{"url":"https:\/\/pubeurope.com\/@fr\/115853289438165580","error":""},"_links":{"self":[{"href":"https:\/\/www.europesays.com\/fr\/wp-json\/wp\/v2\/posts\/646826","targetHints":{"allow":["GET"]}}],"collection":[{"href":"https:\/\/www.europesays.com\/fr\/wp-json\/wp\/v2\/posts"}],"about":[{"href":"https:\/\/www.europesays.com\/fr\/wp-json\/wp\/v2\/types\/post"}],"author":[{"embeddable":true,"href":"https:\/\/www.europesays.com\/fr\/wp-json\/wp\/v2\/users\/2"}],"replies":[{"embeddable":true,"href":"https:\/\/www.europesays.com\/fr\/wp-json\/wp\/v2\/comments?post=646826"}],"version-history":[{"count":0,"href":"https:\/\/www.europesays.com\/fr\/wp-json\/wp\/v2\/posts\/646826\/revisions"}],"wp:featuredmedia":[{"embeddable":true,"href":"https:\/\/www.europesays.com\/fr\/wp-json\/wp\/v2\/media\/291696"}],"wp:attachment":[{"href":"https:\/\/www.europesays.com\/fr\/wp-json\/wp\/v2\/media?parent=646826"}],"wp:term":[{"taxonomy":"category","embeddable":true,"href":"https:\/\/www.europesays.com\/fr\/wp-json\/wp\/v2\/categories?post=646826"},{"taxonomy":"post_tag","embeddable":true,"href":"https:\/\/www.europesays.com\/fr\/wp-json\/wp\/v2\/tags?post=646826"}],"curies":[{"name":"wp","href":"https:\/\/api.w.org\/{rel}","templated":true}]}}