{"id":646829,"date":"2026-01-07T10:15:20","date_gmt":"2026-01-07T10:15:20","guid":{"rendered":"https:\/\/www.europesays.com\/fr\/646829\/"},"modified":"2026-01-07T10:15:20","modified_gmt":"2026-01-07T10:15:20","slug":"comment-le-mosellan-frederic-lipka-developpe-le-football-aux-etats-unis-dans-le-championnat-de-lionel-messi","status":"publish","type":"post","link":"https:\/\/www.europesays.com\/fr\/646829\/","title":{"rendered":"Comment le Mosellan Fr\u00e9d\u00e9ric Lipka d\u00e9veloppe le football aux \u00c9tats-Unis, dans le championnat de Lionel Messi ?"},"content":{"rendered":"<p><strong>Le Mosellan Fr\u00e9d\u00e9ric Lipka vit aux \u00c9tats-Unis depuis une dizaine d\u2019ann\u00e9es et est vice-pr\u00e9sident et directeur technique en charge du d\u00e9veloppement des jeunes de la MLS, le championnat de football aux \u00c9tats-Unis.<\/strong><\/p>\n<p>De Rombas \u00e0 New York, en passant par le FC Thionville ou l\u2019AS Nancy Lorraine, Fr\u00e9d\u00e9ric Lipka conna\u00eet d\u00e9sormais une destin\u00e9e hors du commun outre-Atlantique. \u00ab Je voyage beaucoup, donc j\u2019ai la chance maintenant de conna\u00eetre un peu les \u00c9tats-Unis et les grandes villes du Canada. \u00bb Une aventure \u00e0 laquelle il n\u2019\u00e9tait pas forc\u00e9ment destin\u00e9 : \u00ab Pour quelqu\u2019un qui n\u2019\u00e9tait pas forc\u00e9ment vers\u00e9 dans la langue anglaise, c\u2019est culturellement tr\u00e8s valorisant. \u00bb<\/p>\n<p>Mais ce n\u2019est pas de voyage qu\u2019il est question avec Fr\u00e9d\u00e9ric Lipka, mais plut\u00f4t de formation dans le football. Install\u00e9 \u00e0 New York depuis bient\u00f4t onze ans, le Mosellan est vice-pr\u00e9sident et directeur technique en charge du d\u00e9veloppement des jeunes de la MLS, le championnat de football aux \u00c9tats-Unis. Il est tourn\u00e9 vers la formation des \u00e9ducateurs et des joueurs. \u00ab Mon r\u00f4le, c\u2019est de guider la ligue et les clubs am\u00e9ricains et canadiens \u00e0 d\u00e9velopper des jeunes, \u00e0 am\u00e9liorer la capacit\u00e9 des clubs am\u00e9ricains \u00e0 former des joueurs pour devenir professionnels. \u00bb Des objectifs de performance sur le terrain, mais aussi \u00e9conomiques, pour, \u00e0 l\u2019avenir, \u00ab vendre les joueurs vers les championnats les plus \u00e9conomiquement solides, qui sont l\u2019Italie, l\u2019Espagne, les grands championnats europ\u00e9ens. \u00bb<\/p>\n<blockquote class=\"wp-block-quote is-layout-flow wp-block-quote-is-layout-flow\">\n<p>\u00ab Il n\u2019y a pas de bons \u00e9tudiants si on n\u2019a pas de bons professeurs \u00bb<\/p>\n<\/blockquote>\n<p>Cette formation qu\u2019il r\u00e9alise au quotidien est \u00ab \u00e0 peu pr\u00e8s la m\u00eame chose qu\u2019en France. Les joueurs r\u00e9gionaux et locaux vont int\u00e9grer une acad\u00e9mie MLS qui est gratuite, puisque le sport aux \u00c9tats-Unis est payant. Et apr\u00e8s, au fur et \u00e0 mesure de leurs performances et de leur progression, ils vont jouer dans notre \u00e9quipe r\u00e9serve puis int\u00e9grer notre \u00e9quipe premi\u00e8re. C\u2019est vraiment tr\u00e8s similaire \u00e0 tous les pays qui veulent faire de la formation et qui ont plus ou moins calqu\u00e9 les bonnes pratiques sur les meilleurs pays europ\u00e9ens, dont la France. \u00bb L\u2019objectif est de former plus t\u00f4t les joueurs am\u00e9ricains \u00ab pour qu\u2019ils puissent \u00eatre capables de jouer vers 18, 19, 20 ans, comme on le fait en France par exemple, et qu\u2019ils puissent ensuite avoir une carri\u00e8re un peu plus longue. \u00bb<\/p>\n<p>Et pour fa\u00e7onner ces jeunes p\u00e9pites, il faut un bon joaillier : le r\u00f4le des entra\u00eeneurs devient central. \u00ab Il n\u2019y a pas de bons \u00e9tudiants si on n\u2019a pas de bons professeurs. \u00bb raconte le Rombasien. \u00ab Ma mission claire, c\u2019est de d\u00e9velopper les coachs, d\u00e9velopper les comp\u00e9titions, comment on fait en sorte que les comp\u00e9titions s\u2019am\u00e9liorent et que le niveau de comp\u00e9tition s\u2019\u00e9l\u00e8ve. \u00bb Mais ce n\u2019est pas tout : \u00ab On s\u2019occupe aussi des standards, c\u2019est-\u00e0-dire comment on am\u00e9liore les acad\u00e9mies, les normes m\u00e9dicales, l\u2019aspect scolarit\u00e9, tout ce qui fait qu\u2019\u00e0 un moment, un gamin va pouvoir \u00e9voluer \u00e0 la fois sur l\u2019aspect sportif, mais aussi social et \u00e9ducatif dans sa structure. \u00bb<\/p>\n<p><strong>La formation ne suffit pas \u00e0 d\u00e9velopper le football aux Etats-Unis<\/strong><\/p>\n<p>N\u00e9anmoins, l\u2019ancien footballeur remarque les limites culturelles du football aux \u00c9tats-Unis, appel\u00e9 le soccer. \u00ab Le gros probl\u00e8me qu\u2019on a, c\u2019est que ce n\u2019est pas le sport num\u00e9ro un. \u00bb Entre le football am\u00e9ricain, le baseball ou le basket, le football trouve difficilement sa place. \u00ab Un gamin, s\u2019il a de grosses aptitudes athl\u00e9tiques, j\u2019ai bien dit athl\u00e9tiques, pas techniques, va se diriger vers le football am\u00e9ricain ou la NBA, qui sont les sports les plus int\u00e9ressants financi\u00e8rement et culturellement. \u00bb<\/p>\n<blockquote class=\"wp-block-quote is-layout-flow wp-block-quote-is-layout-flow\">\n<p>lIONEL mESSI ? <\/p>\n<p>\u00ab On le voit de partout ! \u00bb<\/p>\n<\/blockquote>\n<p>Malgr\u00e9 le travail effectu\u00e9 aux \u00c9tats-Unis pour d\u00e9velopper le sport du ballon rond, celui-ci reste au second plan. Mais depuis 2023, l\u2019un des meilleurs joueurs du monde est arriv\u00e9 en Floride : Lionel Messi. \u00ab On le voit de partout \u00bb, plaisante Fr\u00e9d\u00e9ric Lipka. \u00ab Les jeunes n\u2019avaient pas forc\u00e9ment des maillots de la MLS et de Miami, mais aujourd\u2019hui, beaucoup portent ces maillots. \u00bb L\u2019Argentin \u00ab met un coup de projecteur sur tous nos clubs \u00bb et permet une meilleure exposition t\u00e9l\u00e9visuelle du championnat nord-am\u00e9ricain. \u00ab En Argentine, en Am\u00e9rique du Sud, en Europe, tout le monde regarde la MLS aussi, parce que Messi est l\u00e0. \u00bb<\/p>\n<p>Sacr\u00e9 pour la premi\u00e8re fois de son histoire dans le championnat am\u00e9ricain, le Miami de Lionel Messi et son championnat peinent toutefois \u00e0 attirer des spectateurs. D\u2019apr\u00e8s de r\u00e9cents chiffres, la pr\u00e9sence de l\u2019attaquant ne suffit pas : en 2025, 21 988 personnes en moyenne venaient dans les stades pendant la phase r\u00e9guli\u00e8re, contre 23 342 l\u2019ann\u00e9e pr\u00e9c\u00e9dente. Pas de quoi inqui\u00e9ter les hauts dirigeants de la ligue am\u00e9ricaine et de la FIFA. D\u2019autant que les \u00c9tats-Unis pr\u00e9parent l\u2019un des plus gros \u00e9v\u00e9nements sportifs de l\u2019ann\u00e9e 2026. \u00ab La Coupe du monde va \u00eatre une grosse r\u00e9ussite, on le sait d\u00e9j\u00e0 \u00e9conomiquement et au niveau m\u00e9diatique \u00bb, \u00e9voque Fr\u00e9d\u00e9ric Lipka. \u00ab \u00c7a va \u00eatre un gros succ\u00e8s pour le foot, \u00e0 la fois au Mexique, aux \u00c9tats-Unis et au Canada. \u00bb Le Mosellan y croit et commence \u00e0 voir une petite \u00e9mulation au sein du pays. \u00ab On esp\u00e8re que \u00e7a va \u00eatre aussi un succ\u00e8s au niveau du jeu et au niveau culturel, qu\u2019elle va \u00eatre aussi accessible \u00e0 tout le monde. \u00bb<\/p>\n<p><strong>Toute l\u2019actualit\u00e9 du d\u00e9partement de la\u00a0<a href=\"https:\/\/www.moselle.fr\/jcms\/dlmnd_5083\/fr\/toute-l-info?portal=j_206\" target=\"_blank\" rel=\"noopener\">Moselle<\/a>\u00a0\u00e0 suivre en direct sur\u00a0<a href=\"https:\/\/moselle.tv\/direct\/\" target=\"_blank\" rel=\"noopener\">Moselle TV<\/a>\u00a0du lundi au vendredi<\/strong>\u00a0<strong>\u00e0 partir de 18H00.<\/strong><\/p>\n","protected":false},"excerpt":{"rendered":"Le Mosellan Fr\u00e9d\u00e9ric Lipka vit aux \u00c9tats-Unis depuis une dizaine d\u2019ann\u00e9es et est vice-pr\u00e9sident et directeur technique en&hellip;\n","protected":false},"author":2,"featured_media":646830,"comment_status":"","ping_status":"","sticky":false,"template":"","format":"standard","meta":{"footnotes":""},"categories":[1589],"tags":[11,73,1866,12,1864,1865,1863,308],"class_list":{"0":"post-646829","1":"post","2":"type-post","3":"status-publish","4":"format-standard","5":"has-post-thumbnail","7":"category-etats-unis","8":"tag-actualites","9":"tag-etats-unis","10":"tag-etats-unis-damerique","11":"tag-news","12":"tag-united-states","13":"tag-united-states-of-america","14":"tag-us","15":"tag-usa"},"share_on_mastodon":{"url":"https:\/\/pubeurope.com\/@fr\/115853297274223053","error":""},"_links":{"self":[{"href":"https:\/\/www.europesays.com\/fr\/wp-json\/wp\/v2\/posts\/646829","targetHints":{"allow":["GET"]}}],"collection":[{"href":"https:\/\/www.europesays.com\/fr\/wp-json\/wp\/v2\/posts"}],"about":[{"href":"https:\/\/www.europesays.com\/fr\/wp-json\/wp\/v2\/types\/post"}],"author":[{"embeddable":true,"href":"https:\/\/www.europesays.com\/fr\/wp-json\/wp\/v2\/users\/2"}],"replies":[{"embeddable":true,"href":"https:\/\/www.europesays.com\/fr\/wp-json\/wp\/v2\/comments?post=646829"}],"version-history":[{"count":0,"href":"https:\/\/www.europesays.com\/fr\/wp-json\/wp\/v2\/posts\/646829\/revisions"}],"wp:featuredmedia":[{"embeddable":true,"href":"https:\/\/www.europesays.com\/fr\/wp-json\/wp\/v2\/media\/646830"}],"wp:attachment":[{"href":"https:\/\/www.europesays.com\/fr\/wp-json\/wp\/v2\/media?parent=646829"}],"wp:term":[{"taxonomy":"category","embeddable":true,"href":"https:\/\/www.europesays.com\/fr\/wp-json\/wp\/v2\/categories?post=646829"},{"taxonomy":"post_tag","embeddable":true,"href":"https:\/\/www.europesays.com\/fr\/wp-json\/wp\/v2\/tags?post=646829"}],"curies":[{"name":"wp","href":"https:\/\/api.w.org\/{rel}","templated":true}]}}