{"id":646831,"date":"2026-01-07T10:16:11","date_gmt":"2026-01-07T10:16:11","guid":{"rendered":"https:\/\/www.europesays.com\/fr\/646831\/"},"modified":"2026-01-07T10:16:11","modified_gmt":"2026-01-07T10:16:11","slug":"le-boom-des-expatries-britanniques","status":"publish","type":"post","link":"https:\/\/www.europesays.com\/fr\/646831\/","title":{"rendered":"le boom des expatri\u00e9s britanniques"},"content":{"rendered":"\n<p>Longtemps associ\u00e9 \u00e0 la mobilit\u00e9 \u00e9tudiante ou aux carri\u00e8res internationales, le d\u00e9part \u00e0 l\u2019\u00e9tranger devient, pour de nombreux Britanniques, une r\u00e9ponse directe \u00e0 l\u2019impasse ressentie au Royaume-Uni. Deux articles de la <strong>BBC<\/strong> et du <strong>Telegraph<\/strong> donnent \u00e0 voir cette dynamique d\u2019expatriation, des jeunes actifs d\u00e9sabus\u00e9s aux familles en qu\u00eate d\u2019un quotidien plus soutenable.<\/p>\n<p><a class=\"ithalc\" data-ithal=\"lien_externe\" data-ithalc=\"[nav_article]\" target=\"_blank\" href=\"https:\/\/www.bbc.com\/news\/articles\/c1kpv1z372lo\" rel=\"noopener\">Le site de la BBC<\/a> d\u00e9crit une vague de d\u00e9parts chez les moins de 35\u00a0ans, aliment\u00e9e par la flamb\u00e9e des loyers, la pression professionnelle et un horizon \u00e9conomique jug\u00e9 morose. Selon l\u2019Office for National Statistics, 195\u00a0000 Britanniques de moins de 35\u00a0ans ont quitt\u00e9 le pays en un an. Ray Amjad, dipl\u00f4m\u00e9 de Cambridge install\u00e9 \u00e0 Tokyo, exprime sans d\u00e9tour ce sentiment de d\u00e9classement national\u00a0:<\/p>\n<blockquote><p>\u201cD\u2019apr\u00e8s mon exp\u00e9rience, le Royaume-Uni perd trop de jeunes talents. Le Japon fait une tr\u00e8s bonne affaire\u00a0: nous arrivons ici enti\u00e8rement form\u00e9s, et ils n\u2019ont pas eu \u00e0 payer notre \u00e9ducation ni notre syst\u00e8me de sant\u00e9.\u201d<\/p><\/blockquote>\n<p>La s\u00e9curit\u00e9 et le co\u00fbt de la vie jouent un r\u00f4le d\u00e9cisif. \u201cIci, \u00e0 Tokyo, je me sens beaucoup plus en s\u00e9curit\u00e9. Je peux me promener sans craindre qu\u2019on me vole mon t\u00e9l\u00e9phone\u201d, explique Ray Amjad, soulignant aussi que \u201cl\u2019appartement [qu\u2019il] loue co\u00fbterait trois fois plus cher \u00e0 Londres\u201d. Le ph\u00e9nom\u00e8ne d\u00e9passe le Japon. \u00c0 Bali, Sol Hyde, 25\u00a0ans, a quitt\u00e9 un emploi salari\u00e9 qu\u2019il jugeait invivable\u00a0: \u201cJe me r\u00e9veillais dans l\u2019obscurit\u00e9 et le froid. C\u2019\u00e9tait une existence assez solitaire, parce que tous mes amis travaillaient \u00e9norm\u00e9ment.\u201d \u00c0 l\u2019\u00e9tranger, dit-il, la r\u00e9ussite n\u2019est plus v\u00e9cue comme une faute\u00a0alors qu\u2019elle \u201cest accueillie par la critique et les rumeurs au Royaume-Uni\u201d.<\/p>\n<p>Ce malaise n\u2019\u00e9pargne pas les familles. <a class=\"ithalc\" data-ithal=\"lien_externe\" data-ithalc=\"[nav_article]\" target=\"_blank\" href=\"https:\/\/www.telegraph.co.uk\/money\/consumer-affairs\/how-moved-family-to-australia\/\" rel=\"noopener\">Le quotidien The Telegraph<\/a> raconte le choix de Joy et Simon Clark de quitter l\u2019Angleterre pour s\u2019installer \u00e0 Ad\u00e9la\u00efde avec leurs trois enfants. Joy Clark r\u00e9sume l\u2019\u00e9puisement qui a pr\u00e9c\u00e9d\u00e9 le d\u00e9part\u00a0:<\/p>\n<blockquote><p>\u201cNous essayions d\u2019offrir les meilleures opportunit\u00e9s \u00e0 nos enfants, mais cela devenait un num\u00e9ro d\u2019\u00e9quilibriste impossible, surtout avec l\u2019augmentation du co\u00fbt de la vie.\u201d<\/p><\/blockquote>\n<p>En Australie, le quotidien s\u2019est transform\u00e9\u00a0:<\/p>\n<blockquote><p>\u201cLe vendredi soir, on va au pub, et un vignoble est \u00e0 vingt minutes de route. Nous avons des festivals au coin de la rue, et nous nous sentons tous beaucoup plus d\u00e9tendus.\u201d<\/p><\/blockquote>\n<p>L\u2019expatriation n\u2019est pourtant pas sans heurts. \u201cIl y a eu des moments difficiles, et il reste encore quelques obstacles, mais cela en valait vraiment la peine\u201d, reconna\u00eet Joy Clark, rappelant les contraintes li\u00e9es aux visas, \u00e0 l\u2019\u00e2ge et \u00e0 la reconnaissance des dipl\u00f4mes. \u201cQuarante-cinq ans est l\u2019\u00e2ge limite pour la plupart des visas permanents qualifi\u00e9s\u201d, pr\u00e9cise-t-elle, soulignant l\u2019importance d\u2019une pr\u00e9paration minutieuse.<\/p>\n<p>Pris ensemble, ces deux articles esquissent le portrait d\u2019un Royaume-Uni qui voit partir une partie de ses forces vives. Pour les expatri\u00e9s, le d\u00e9part appara\u00eet moins comme un choix d\u2019aventure que comme une tentative de r\u00e9\u00e9quilibrage, entre travail, aspirations personnelles et qualit\u00e9 de vie, dans un contexte o\u00f9 rester semble parfois plus risqu\u00e9 que partir.<\/p>\n","protected":false},"excerpt":{"rendered":"Longtemps associ\u00e9 \u00e0 la mobilit\u00e9 \u00e9tudiante ou aux carri\u00e8res internationales, le d\u00e9part \u00e0 l\u2019\u00e9tranger devient, pour de nombreux&hellip;\n","protected":false},"author":2,"featured_media":646832,"comment_status":"","ping_status":"","sticky":false,"template":"","format":"standard","meta":{"footnotes":""},"categories":[1588],"tags":[11,1856,1777,674,4315,12,473,1853,75238,1851,1850,1852],"class_list":{"0":"post-646831","1":"post","2":"type-post","3":"status-publish","4":"format-standard","5":"has-post-thumbnail","7":"category-royaume-uni","8":"tag-actualites","9":"tag-courrier-expat","10":"tag-eu","11":"tag-europe","12":"tag-expatriation","13":"tag-news","14":"tag-royaume-uni","15":"tag-royaume-uni-de-grande-bretagne-et-dirlande-du-nord","16":"tag-tu00e9moignages","17":"tag-uk","18":"tag-united-kingdom","19":"tag-united-kingdom-of-great-britain-and-northern-ireland"},"share_on_mastodon":{"url":"https:\/\/pubeurope.com\/@fr\/115853301119178426","error":""},"_links":{"self":[{"href":"https:\/\/www.europesays.com\/fr\/wp-json\/wp\/v2\/posts\/646831","targetHints":{"allow":["GET"]}}],"collection":[{"href":"https:\/\/www.europesays.com\/fr\/wp-json\/wp\/v2\/posts"}],"about":[{"href":"https:\/\/www.europesays.com\/fr\/wp-json\/wp\/v2\/types\/post"}],"author":[{"embeddable":true,"href":"https:\/\/www.europesays.com\/fr\/wp-json\/wp\/v2\/users\/2"}],"replies":[{"embeddable":true,"href":"https:\/\/www.europesays.com\/fr\/wp-json\/wp\/v2\/comments?post=646831"}],"version-history":[{"count":0,"href":"https:\/\/www.europesays.com\/fr\/wp-json\/wp\/v2\/posts\/646831\/revisions"}],"wp:featuredmedia":[{"embeddable":true,"href":"https:\/\/www.europesays.com\/fr\/wp-json\/wp\/v2\/media\/646832"}],"wp:attachment":[{"href":"https:\/\/www.europesays.com\/fr\/wp-json\/wp\/v2\/media?parent=646831"}],"wp:term":[{"taxonomy":"category","embeddable":true,"href":"https:\/\/www.europesays.com\/fr\/wp-json\/wp\/v2\/categories?post=646831"},{"taxonomy":"post_tag","embeddable":true,"href":"https:\/\/www.europesays.com\/fr\/wp-json\/wp\/v2\/tags?post=646831"}],"curies":[{"name":"wp","href":"https:\/\/api.w.org\/{rel}","templated":true}]}}