{"id":646837,"date":"2026-01-07T10:19:21","date_gmt":"2026-01-07T10:19:21","guid":{"rendered":"https:\/\/www.europesays.com\/fr\/646837\/"},"modified":"2026-01-07T10:19:21","modified_gmt":"2026-01-07T10:19:21","slug":"un-enseignant-place-en-garde-a-vue-soupconne-davoir-eu-une-relation-sexuelle-avec-une-eleve-de-14-ans","status":"publish","type":"post","link":"https:\/\/www.europesays.com\/fr\/646837\/","title":{"rendered":"Un enseignant plac\u00e9 en garde \u00e0 vue, soup\u00e7onn\u00e9 d&rsquo;avoir eu une relation sexuelle avec une \u00e9l\u00e8ve de 14 ans"},"content":{"rendered":"<p class=\"article__intro\">Un professeur d&rsquo;histoire-g\u00e9ographie \u00e2g\u00e9 de 35 ans a \u00e9t\u00e9 plac\u00e9 en garde \u00e0 vue lundi 5 janvier 2026. Il est soup\u00e7onn\u00e9 d&rsquo;avoir eu une relation sexuelle avec une coll\u00e9gienne \u00e2g\u00e9e de 14 ans.<\/p>\n<p>\n      La Quotidienne Soci\u00e9t\u00e9\n    <\/p>\n<p>\n      De la vie quotidienne aux grands enjeux, recevez tous les jours les sujets qui font la soci\u00e9t\u00e9 locale, comme la justice, l\u2019\u00e9ducation, la sant\u00e9 et la famille.\n    <\/p>\n<p>    France T\u00e9l\u00e9visions utilise votre adresse e-mail afin de vous envoyer la newsletter \u00ab\u00a0La Quotidienne Soci\u00e9t\u00e9\u00a0\u00bb. Vous pouvez vous d\u00e9sinscrire \u00e0 tout moment via le lien en bas de cette newsletter. <a target=\"_blank\" href=\"https:\/\/www.francetelevisions.fr\/groupe\/confidentialite\/politique-de-confidentialite\/politique-de-confidentialite-de-france-televisions-6503\" rel=\"noopener\">Notre politique de confidentialit\u00e9<\/a><\/p>\n<p>Un enseignant \u00e2g\u00e9 de 35 ans qui travaille dans un coll\u00e8ge priv\u00e9 de Chauny dans l&rsquo;Aisne, a \u00e9t\u00e9 plac\u00e9 en garde \u00e0 vue lundi 5 janvier 2026 pour \u00ab\u00a0viol commis sur un mineur de 15 ans par un majeur avec diff\u00e9rence d&rsquo;\u00e2ge d&rsquo;au moins 5 ans\u00a0\u00bb, a pr\u00e9cis\u00e9 le procureur de la R\u00e9publique de Laon \u00e0 l&rsquo;AFP, tout en indiquant que l&rsquo;existence d&rsquo;actes de p\u00e9n\u00e9tration, constitutifs de viol, n&rsquo;a pu \u00eatre \u00e9tablie.<\/p>\n<p>Ce professeur d&rsquo;histoire-g\u00e9ographie, pr\u00e9sent dans l&rsquo;\u00e9tablissement depuis 4 ans selon le directeur du coll\u00e8ge, est soup\u00e7onn\u00e9 d&rsquo;avoir eu des relations sexuelles avec une \u00e9l\u00e8ve \u00e2g\u00e9e de 14 ans. <\/p>\n<p>\u00ab\u00a0Il n&rsquo;est pas fait \u00e9tat \u00e0 ce stade de violences, menaces, contrainte physique ou morale contre la mineure\u00a0\u00bb, a indiqu\u00e9 le procureur, en rappelant que selon la loi, \u00ab\u00a0toute relation sexuelle impliquant un majeur et un mineur de moins de 15 ans est syst\u00e9matiquement consid\u00e9r\u00e9e comme une agression sexuelle ou un viol\u00a0\u00bb.<\/p>\n<p>Le mis en cause a \u00e9t\u00e9 \u00ab\u00a0imm\u00e9diatement suspendu \u00e0 titre conservatoire\u00a0\u00bb selon le rectorat de l&rsquo;acad\u00e9mie d&rsquo;Amiens, afin \u00ab\u00a0qu&rsquo;il n&rsquo;ait pas de contact avec les \u00e9l\u00e8ves\u00a0\u00bb, pendant le temps judiciaire. <\/p>\n<p>Alexis Briaux, le chef d&rsquo;\u00e9tablissement du coll\u00e8ge Saint-Charles, un \u00e9tablissement priv\u00e9 d&rsquo;enseignement catholique de Chauny, s&rsquo;est dit \u00ab\u00a0atterr\u00e9 par la situation\u00a0\u00bb aupr\u00e8s de l&rsquo;AFP. Il assure que \u00ab\u00a0personne n&rsquo;avait connaissance\u00a0\u00bb d&rsquo;une possible relation entre l&rsquo;enseignant et la coll\u00e9gienne qui est \u00ab\u00a0en classe de troisi\u00e8me\u00a0\u00bb.<\/p>\n<\/p>\n<p>\u00ab\u00a0Un point d&rsquo;\u00e9coute va \u00eatre mis en place dans les prochains jours\u00a0\u00bb pour les \u00e9l\u00e8ves ou enseignants qui le souhaiteraient, a-t-il encore indiqu\u00e9.<\/p>\n<p>Avec AFP <\/p>\n","protected":false},"excerpt":{"rendered":"Un professeur d&rsquo;histoire-g\u00e9ographie \u00e2g\u00e9 de 35 ans a \u00e9t\u00e9 plac\u00e9 en garde \u00e0 vue lundi 5 janvier 2026.&hellip;\n","protected":false},"author":2,"featured_media":646838,"comment_status":"","ping_status":"","sticky":false,"template":"","format":"standard","meta":{"footnotes":""},"categories":[1586],"tags":[11,1777,674,1779,1011,27,12,25,1778,364],"class_list":{"0":"post-646837","1":"post","2":"type-post","3":"status-publish","4":"format-standard","5":"has-post-thumbnail","7":"category-europe","8":"tag-actualites","9":"tag-eu","10":"tag-europe","11":"tag-european-union","12":"tag-fr","13":"tag-france","14":"tag-news","15":"tag-republique-francaise","16":"tag-ue","17":"tag-union-europeenne"},"share_on_mastodon":{"url":"https:\/\/pubeurope.com\/@fr\/115853312976730985","error":""},"_links":{"self":[{"href":"https:\/\/www.europesays.com\/fr\/wp-json\/wp\/v2\/posts\/646837","targetHints":{"allow":["GET"]}}],"collection":[{"href":"https:\/\/www.europesays.com\/fr\/wp-json\/wp\/v2\/posts"}],"about":[{"href":"https:\/\/www.europesays.com\/fr\/wp-json\/wp\/v2\/types\/post"}],"author":[{"embeddable":true,"href":"https:\/\/www.europesays.com\/fr\/wp-json\/wp\/v2\/users\/2"}],"replies":[{"embeddable":true,"href":"https:\/\/www.europesays.com\/fr\/wp-json\/wp\/v2\/comments?post=646837"}],"version-history":[{"count":0,"href":"https:\/\/www.europesays.com\/fr\/wp-json\/wp\/v2\/posts\/646837\/revisions"}],"wp:featuredmedia":[{"embeddable":true,"href":"https:\/\/www.europesays.com\/fr\/wp-json\/wp\/v2\/media\/646838"}],"wp:attachment":[{"href":"https:\/\/www.europesays.com\/fr\/wp-json\/wp\/v2\/media?parent=646837"}],"wp:term":[{"taxonomy":"category","embeddable":true,"href":"https:\/\/www.europesays.com\/fr\/wp-json\/wp\/v2\/categories?post=646837"},{"taxonomy":"post_tag","embeddable":true,"href":"https:\/\/www.europesays.com\/fr\/wp-json\/wp\/v2\/tags?post=646837"}],"curies":[{"name":"wp","href":"https:\/\/api.w.org\/{rel}","templated":true}]}}