{"id":646855,"date":"2026-01-07T10:33:12","date_gmt":"2026-01-07T10:33:12","guid":{"rendered":"https:\/\/www.europesays.com\/fr\/646855\/"},"modified":"2026-01-07T10:33:12","modified_gmt":"2026-01-07T10:33:12","slug":"dole-quatre-photographes-amateurs-exposent-leurs-merveilles-du-jura","status":"publish","type":"post","link":"https:\/\/www.europesays.com\/fr\/646855\/","title":{"rendered":"Dole. Quatre photographes amateurs exposent leurs \u201cMerveilles du Jura\u201d"},"content":{"rendered":"<p>Henri Bertand, Didier Parizot, Augustin Gauthi\u00e9 et Don Christophe Granville, <a href=\"https:\/\/www.leprogres.fr\/societe\/2025\/04\/21\/don-christophe-granville-cure-des-paroisses-de-dole-le-pape-francois-m-a-eclaire\" target=\"_blank\" rel=\"noopener\">cur\u00e9 de la paroisse de Dole<\/a>, photographes amateurs dolois, partagent la m\u00eame passion pour la nature et la photographie. Leurs clich\u00e9s sont r\u00e9unis dans l\u2019exposition \u201cMerveilles du Jura\u201d, install\u00e9e \u00e0 la galerie d\u2019art cin\u00e9ma Le Majestic. C\u2019est Don Christophe, qui a initi\u00e9 cette exposition collective.<\/p>\n<p>\u00ab\u00a0\u00c0 mon arriv\u00e9e \u00e0 Dole, il y a deux ans et demi, j\u2019ai d\u00e9couvert la photo et le Jura. La beaut\u00e9 du vivant m\u2019\u00e9meut et j\u2019essaie de la prendre en photo. Le Jura est parfait pour cela. J\u2019ai d\u00e9couvert des passionn\u00e9s de la photo et de la nature dans toutes les g\u00e9n\u00e9rations et j\u2019aime ce c\u00f4t\u00e9 partage. Par nature, un photographe animalier est assez solitaire, mais se rencontrer, pr\u00e9senter nos trouvailles dans une exposition, est tr\u00e8s stimulant. Le documentaire animalier\u00a0 Le chant des for\u00eats a \u00e9t\u00e9 le d\u00e9clic pour nous retrouver et proposer nos photos au cin\u00e9ma Le Majestic\u00a0\u00bb, s\u2019enthousiasme-t-il.<\/p>\n<p class=\"txt\">La beaut\u00e9 du vivant m\u2019\u00e9meut et j\u2019essaie de le prendre en photo<\/p>\n<p>Don Christophe Granville, photographe amateur<\/p>\n<p>  Une \u00ab\u00a0faune riche et vari\u00e9e\u00a0\u00bb<\/p>\n<p>L\u2019histoire de leur rencontre d\u00e9bute autour de la Coll\u00e9giale o\u00f9 le cur\u00e9 \u00e9change avec Henri Bertand, bien connu pour ses clich\u00e9s sur les faucons qu\u2019il voit tous les jours. \u00ab\u00a0Je suis bien plac\u00e9 pour les observer et ils reconnaissent les humains\u00a0\u00bb confie ce dernier qui les approche parfois de tr\u00e8s pr\u00e8s. S\u2019il ne propose que 5 clich\u00e9s des rapaces, ce sont des sc\u00e8nes de vie rares, comme une m\u00e8re nourrissant son petit.<\/p>\n<p>Quant \u00e0 Didier Parisot, que l\u2019on peut rencontrer sur le march\u00e9 couvert, c\u2019est la faune sauvage qui le passionne. \u00ab\u00a0Je prends plaisir depuis un peu plus de 5 ans \u00e0 photographier cette faune riche et vari\u00e9e, principalement en aff\u00fbt afin d\u2019\u00e9viter au maximum le d\u00e9rangement.\u00a0\u00bb<\/p>\n<p>Ce contenu est bloqu\u00e9 car vous n&rsquo;avez pas accept\u00e9 les cookies et autres traceurs.<\/p>\n<p>En cliquant sur \u00ab J\u2019accepte \u00bb, les cookies et autres traceurs seront d\u00e9pos\u00e9s et vous pourrez visualiser les contenus  (<a href=\"\" class=\"consentModule_policy\" target=\"_blank\" title=\"Consulter la politique de protection des donn\u00e9es du fournisseur\">plus d&rsquo;informations<\/a>).<\/p>\n<p>En cliquant sur \u00ab J\u2019accepte tous les cookies \u00bb, vous autorisez des d\u00e9p\u00f4ts de cookies et autres traceurs pour le stockage de vos donn\u00e9es sur nos sites et applications \u00e0 des fins de personnalisation et de ciblage publicitaire.<\/p>\n<p class=\"consentModule_secondaryText\">Vous gardez la possibilit\u00e9 de retirer votre consentement \u00e0 tout moment en consultant notre <a href=\"https:\/\/www.leprogres.fr\/protection-des-donnees\" target=\"_blank\" title=\"Consulter notre politique de protection des donn\u00e9es\" rel=\"noopener\">politique de protection des donn\u00e9es<\/a>. <br \/>&#13;<br \/>\n            <a href=\"https:\/\/www.leprogres.fr\/culture-loisirs\/2026\/01\/07\/javascript:Didomi.notice.show()\" class=\"consentModule_cmp\" target=\"_blank\" rel=\"noopener\">G\u00e9rer mes choix<\/a>&#13;\n        <\/p>\n<p>&#13;<br \/>\n                        J&rsquo;accepte&#13;<br \/>\n            J&rsquo;accepte tous les cookies&#13;\n        <\/p>\n<p>Vous d\u00e9couvrirez ses \u00e9tonnantes photos de lynx, de cerfs ou de bouquetins. \u00ab\u00a0Je partage \u00e9galement mes clich\u00e9s sur les r\u00e9seaux sociaux, afin de sensibiliser les gens pour pr\u00e9server cette richesse\u00a0\u00bb.<\/p>\n<p>Il se lance pendant le confinement<\/p>\n<p>Le plus jeune, Augustin Gauthi\u00e9, a 18 ans. \u00ab\u00a0Je me suis lanc\u00e9 dans la photo lors du confinement\u00a0\u00bb. Sp\u00e9cialis\u00e9 dans la faune aviaire, il \u00ab\u00a0garde quand m\u00eame un amour pour l\u2019ensemble des esp\u00e8ces existantes. Cette exposition m\u2019a permis de partager mes observations et surtout de montrer la beaut\u00e9 de la nature jurassienne. Il faut pr\u00e9server et sauver cette nature \u00e0 tout prix\u00a0! Je partage mes clich\u00e9s majoritairement sur ma page Instagram (@gauthieaugustin)\u00a0\u00bb. La passion et le talent d\u2019Augustin ont fait l\u2019objet d\u2019un reportage dans  Le Progr\u00e8s , le 3\u00a0novembre 2025.<\/p>\n<p class=\"note\">L\u2019exposition est visible jusqu\u2019au 18\u00a0janvier au Majestic.<\/p>\n","protected":false},"excerpt":{"rendered":"Henri Bertand, Didier Parizot, Augustin Gauthi\u00e9 et Don Christophe Granville, cur\u00e9 de la paroisse de Dole, photographes amateurs&hellip;\n","protected":false},"author":2,"featured_media":646856,"comment_status":"","ping_status":"","sticky":false,"template":"","format":"standard","meta":{"footnotes":""},"categories":[1358],"tags":[1348,1384,1385,1687,1386,58,42096,42097,14809,59,2271,1011,27],"class_list":{"0":"post-646855","1":"post","2":"type-post","3":"status-publish","4":"format-standard","5":"has-post-thumbnail","7":"category-arts-et-design","8":"tag-arts","9":"tag-arts-and-design","10":"tag-arts-et-design","11":"tag-culture-loisirs","12":"tag-design","13":"tag-divertissement","14":"tag-dole","15":"tag-dole-ville","16":"tag-edition-jura-nord","17":"tag-entertainment","18":"tag-exposition-arts-plastiques","19":"tag-fr","20":"tag-france"},"share_on_mastodon":{"url":"https:\/\/pubeurope.com\/@fr\/115853367843723600","error":""},"_links":{"self":[{"href":"https:\/\/www.europesays.com\/fr\/wp-json\/wp\/v2\/posts\/646855","targetHints":{"allow":["GET"]}}],"collection":[{"href":"https:\/\/www.europesays.com\/fr\/wp-json\/wp\/v2\/posts"}],"about":[{"href":"https:\/\/www.europesays.com\/fr\/wp-json\/wp\/v2\/types\/post"}],"author":[{"embeddable":true,"href":"https:\/\/www.europesays.com\/fr\/wp-json\/wp\/v2\/users\/2"}],"replies":[{"embeddable":true,"href":"https:\/\/www.europesays.com\/fr\/wp-json\/wp\/v2\/comments?post=646855"}],"version-history":[{"count":0,"href":"https:\/\/www.europesays.com\/fr\/wp-json\/wp\/v2\/posts\/646855\/revisions"}],"wp:featuredmedia":[{"embeddable":true,"href":"https:\/\/www.europesays.com\/fr\/wp-json\/wp\/v2\/media\/646856"}],"wp:attachment":[{"href":"https:\/\/www.europesays.com\/fr\/wp-json\/wp\/v2\/media?parent=646855"}],"wp:term":[{"taxonomy":"category","embeddable":true,"href":"https:\/\/www.europesays.com\/fr\/wp-json\/wp\/v2\/categories?post=646855"},{"taxonomy":"post_tag","embeddable":true,"href":"https:\/\/www.europesays.com\/fr\/wp-json\/wp\/v2\/tags?post=646855"}],"curies":[{"name":"wp","href":"https:\/\/api.w.org\/{rel}","templated":true}]}}