{"id":646857,"date":"2026-01-07T10:35:18","date_gmt":"2026-01-07T10:35:18","guid":{"rendered":"https:\/\/www.europesays.com\/fr\/646857\/"},"modified":"2026-01-07T10:35:18","modified_gmt":"2026-01-07T10:35:18","slug":"audiences-face-a-face-de-retour-au-top-sur-france-3-flop-confirme-pour-lanneau-sur-france-2-pandore-se-termine-dans-lindifference-generale-sur-m6","status":"publish","type":"post","link":"https:\/\/www.europesays.com\/fr\/646857\/","title":{"rendered":"Audiences : \u00ab\u00a0Face \u00e0 face\u00a0\u00bb de retour au top sur France 3, flop confirm\u00e9 pour \u00ab\u00a0L&rsquo;anneau\u00a0\u00bb sur France 2, \u00ab\u00a0Pandore\u00a0\u00bb se termine dans l&rsquo;indiff\u00e9rence g\u00e9n\u00e9rale sur M6"},"content":{"rendered":"<p>                <img loading=\"lazy\" decoding=\"async\" src=\"https:\/\/www.europesays.com\/fr\/wp-content\/uploads\/2025\/04\/89-665d8e735540a-35x35-1.jpg\" class=\"author-article-picture\" width=\"35\" height=\"35\"\/><\/p>\n<p>                    Par<\/p>\n<p>                                            <a class=\"author-article-bio-link\" href=\"https:\/\/www.ozap.com\/auteur\/lea-stassinet_a89\" target=\"_blank\" rel=\"noopener\">L\u00e9a Stassinet<\/a><\/p>\n<p>                    |<\/p>\n<p>                                            Journaliste<\/p>\n<p>\n                Venue du royaume d'\u00a0\u00bbIntervilles\u00a0\u00bb (Mont-de-Marsan), L\u00e9a Stassinet a \u00e9t\u00e9 berc\u00e9e par la \u00ab\u00a0Nouvelle Star\u00a0\u00bb. Elle ne rate jamais les C\u00e9sar ni l\u2019Eurovision, synonymes de soir\u00e9e pronostics entre amis. Passionn\u00e9e de tennis et de politique, elle suit toutes les soir\u00e9es \u00e9lectorales, sauf pendant Roland-Garros.\n            <\/p>\n<p>\n    \u00ab\u00a0Le grand concours\u00a0\u00bb sp\u00e9ciale \u00ab\u00a0Pi\u00e8ces jaunes\u00a0\u00bb, \u00ab\u00a0L&rsquo;anneau\u00a0\u00bb, \u00ab\u00a0Face \u00e0 face\u00a0\u00bb, \u00ab\u00a0Pandore\u00a0\u00bb&#8230; Les audiences de la soir\u00e9e du mardi 6 janvier 2025.\n<\/p>\n<p>                            <img loading=\"lazy\" decoding=\"async\" class=\"player-thumbnail\" src=\"https:\/\/www.europesays.com\/fr\/wp-content\/uploads\/2026\/01\/6234fbf85f925d1f-580x326-1.jpg\" width=\"580\" height=\"326\"\/><\/p>\n<p>                            Comment sont mesur\u00e9es les audiences t\u00e9l\u00e9 ?<\/p>\n<p>La suite apr\u00e8s la publicit\u00e9<\/p>\n<p>                            <img decoding=\"async\" class=\"article-audience-img\" src=\"https:\/\/www.europesays.com\/fr\/wp-content\/uploads\/2025\/04\/3.jpg\" alt=\"France 3\"\/><\/p>\n<p>\n                    FACE A FACE<br \/>\n                    SERIE\n                <\/p>\n<p>\n                    3 602 000 t\u00e9l\u00e9spectateurs\n                <\/p>\n<p>                            <img decoding=\"async\" class=\"article-audience-img\" src=\"https:\/\/www.europesays.com\/fr\/wp-content\/uploads\/2025\/04\/1.jpg\" alt=\"TF1\"\/><\/p>\n<p>\n                    LE GRAND CONCOURS \\ SPECIAL PIECES JAUNES<br \/>\n                    JEU\n                <\/p>\n<p>\n                    2 877 000 t\u00e9l\u00e9spectateurs\n                <\/p>\n<p>                            <img decoding=\"async\" class=\"article-audience-img\" src=\"https:\/\/www.europesays.com\/fr\/wp-content\/uploads\/2025\/04\/2.jpg\" alt=\"France 2\"\/><\/p>\n<p>\n                    L&rsquo;ANNEAU QUI EN SORTIRA VAINQUEUR<br \/>\n                    JEU\n                <\/p>\n<p>\n                    868 000 t\u00e9l\u00e9spectateurs\n                <\/p>\n<p>                            <img decoding=\"async\" class=\"article-audience-img\" src=\"https:\/\/www.europesays.com\/fr\/wp-content\/uploads\/2025\/04\/534.jpg\" alt=\"France 5\"\/><\/p>\n<p>\n                    PRODUITS FERMIERS : A BOIRE ET A MANGER<br \/>\n                    DOCUMENTAIRE\n                <\/p>\n<p>\n                    764 000 t\u00e9l\u00e9spectateurs\n                <\/p>\n<p>                            <img decoding=\"async\" class=\"article-audience-img\" src=\"https:\/\/www.europesays.com\/fr\/wp-content\/uploads\/2025\/04\/336.jpg\" alt=\"W9\"\/><\/p>\n<p>\n                    MISS PEREGRINE ET LES ENFANTS PARTICULIERS<br \/>\n                    FILM\n                <\/p>\n<p>\n                    633 000 t\u00e9l\u00e9spectateurs\n                <\/p>\n<p>    M\u00e9diam\u00e9trie &#8211; M\u00e9diamat ; reproduction interdite, tous droits r\u00e9serv\u00e9s par M\u00e9diam\u00e9trie<\/p>\n<p>\u00ab\u00a0Face \u00e0 face\u00a0\u00bb repart sur les m\u00eames bases. La s\u00e9rie judiciaire de France 3, port\u00e9e par Claire Borotra (Justine Rameau, la juge d&rsquo;instruction) et Constance Gay (Vanessa Tancelin, la commandante de police), deux demi-s\u0153urs aux caract\u00e8res oppos\u00e9s, faisait son retour sur la cha\u00eene avec les deux premiers \u00e9pisodes de la saison 4 in\u00e9dite. Deux premi\u00e8res enqu\u00eates qui ont tenu en haleine <strong>3,41 millions <\/strong>de t\u00e9l\u00e9spectateurs en moyenne entre 21h09 et 22h48. Cela correspond \u00e0 <strong>20,4%<\/strong> de l&rsquo;ensemble du public et <strong>5,1%<\/strong> des Femmes responsables des achats \u00e2g\u00e9es de moins de 50 ans (FRDA-50), cible non prioritaire pour la Trois.\u00a0<\/p>\n<p>Au printemps 2025, la saison 3 de la s\u00e9rie dans laquelle on retrouve \u00e9galement Marianne James avait f\u00e9d\u00e9r\u00e9 en moyenne <a href=\"https:\/\/www.ozap.com\/actu\/audiences-quel-bilan-pour-la-saison-3-de-face-a-face-avec-claire-borotra-et-constance-gay-sur-france-3-et-francetv\/649918\" target=\"_blank\" rel=\"noopener\">3,10 millions<\/a> de t\u00e9l\u00e9spectateurs, soit 16,6% du public \u00e2g\u00e9 de 4 ans et plus et 3,5% des FRDA-50.<\/p>\n<p>\u00ab\u00a0L&rsquo;anneau\u00a0\u00bb et \u00ab\u00a0Pandore\u00a0\u00bb sous le million, M6 battue par Arte et France 5<\/p>\n<p>TF1 est deuxi\u00e8me avec une nouvelle \u00e9dition de son \u00ab\u00a0Grand concours\u00a0\u00bb. L&rsquo;\u00e9mission sp\u00e9ciale \u00ab\u00a0Pi\u00e8ces jaunes\u00a0\u00bb, pr\u00e9sent\u00e9e par <a href=\"https:\/\/www.ozap.com\/personnalite\/arthur_e39\" target=\"_blank\" rel=\"noopener\">Arthur<\/a>, en compagnie de Brigitte Macron, qui pr\u00e9side la Fondation des H\u00f4pitaux \u00e0 l&rsquo;initiative des \u00ab\u00a0Pi\u00e8ces jaunes\u00a0\u00bb, d&rsquo;Anne Barr\u00e8re, la vice-pr\u00e9sidente, et du parrain de l&rsquo;op\u00e9ration Didier Deschamps, a d&rsquo;abord fait jouer <strong>2,88 millions<\/strong> de t\u00e9l\u00e9spectateurs. Cela correspond \u00e0 <strong>16,4%<\/strong> du public et <strong>25,6%<\/strong> des FRDA-50. <strong>2,26 millions<\/strong> de t\u00e9l\u00e9spectateurs ont suivi la suite des performances des 18 animateurs qui se sont pr\u00eat\u00e9s au jeu, \u00e0 l&rsquo;image de Nikos Aliagas, Estelle Denis ou encore Camille Cerf. Cela \u00e9quivaut \u00e0 <strong>20,2%<\/strong> du public et <strong>29,8% <\/strong>des FRDA-50, qui ont assist\u00e9 <a href=\"https:\/\/www.ozap.com\/actu\/le-grand-concours-qui-a-gagne-la-speciale-pieces-jaunes-du-jeu-presente-par-arthur-sur-tf1\/653133\" target=\"_blank\" rel=\"noopener\">\u00e0 la victoire in\u00e9dite d&rsquo;un trio<\/a> : Christophe Beaugrand, Julien Arnaud et Bruno Guillon. Le 27 septembre dernier, \u00ab\u00a0Le grand concours\u00a0\u00bb et sa sp\u00e9ciale 40 ans des Restos du C\u0153ur avait f\u00e9d\u00e9r\u00e9 <a href=\"https:\/\/www.ozap.com\/actu\/audiences-quel-programme-evenement-entre-le-grand-concours-tf1-et-taratata-france-2-est-arrive-en-tete-des-audiences-hier-soir\/651676\" target=\"_blank\" rel=\"noopener\">2,73 millions<\/a> de t\u00e9l\u00e9spectateurs soit 15,8% de PDA sur l&rsquo;ensemble du public et 25,2% de PDA sur les FRDA-50 en P1, puis 2,14 millions de t\u00e9l\u00e9spectateurs soit 19,4% de PDA sur l&rsquo;ensemble du public et 24,8% de PDA sur les FRDA-50 en P2.<\/p>\n<p>France 2 est troisi\u00e8me avec la 2e soir\u00e9e de son jeu lanc\u00e9 pendant les vacances <a href=\"https:\/\/www.ozap.com\/actu\/lanneau-decouvrez-les-visages-des-13-candidats-du-koh-lanta-de-france-2\/653051\" target=\"_blank\" rel=\"noopener\">\u00ab\u00a0L&rsquo;anneau &#8211; Qui en sortira vainqueur ?\u00a0\u00bb<\/a>. Pr\u00e9sent\u00e9 par <a href=\"https:\/\/www.ozap.com\/personnalite\/laurent-luyat_e271897\" target=\"_blank\" rel=\"noopener\">Laurent Luyat<\/a>, le 4e \u00e9pisode du programme d&rsquo;aventure qui m\u00eale strat\u00e9gie et culture g\u00e9n\u00e9rale, tourn\u00e9 sur les hauteurs d&rsquo;Isola 2000 dans les Alpes, n&rsquo;a conquis que 868.000 de t\u00e9l\u00e9spectateurs entre 21h07 et 21h55. Cela repr\u00e9sente <strong>4,7% <\/strong>du public et <strong>5,6%<\/strong> des FRDA-50. L&rsquo;\u00e9pisode 5 a conserv\u00e9 l&rsquo;attention de 614.000 d&rsquo;entre eux, soit <strong>4,0% <\/strong>des 4 ans et plus et<strong> 3,5%<\/strong> des FRDA-50. Enfin, l&rsquo;\u00e9pisode 6, diffus\u00e9 de 22h42 \u00e0 23h34, a diverti 454.000 t\u00e9l\u00e9spectateurs, soit 4,2% du public et 3,7% des FRDA-50. La semaine derni\u00e8re, le premier \u00e9pisode avait \u00e9t\u00e9 suivi par <a href=\"https:\/\/www.ozap.com\/actu\/audiences-quel-score-pour-le-lancement-de-lanneau-le-nouveau-jeu-daventure-de-france-2-anime-par-laurent-luyat\/653081\" target=\"_blank\" rel=\"noopener\">1,09 million<\/a> de joueurs en premi\u00e8re partie de soir\u00e9e (21h09-21h58), soit 6,1% du public pr\u00e9sent devant sa t\u00e9l\u00e9vision et 5,6% des FRDA-50.<\/p>\n<p>\u00ab\u00a0On m&rsquo;a malheureusement coll\u00e9 l&rsquo;\u00e9tiquette de l&rsquo;individualiste\u00a0\u00bb : Un candidat de \u00ab\u00a0L&rsquo;Anneau\u00a0\u00bb d\u00e9nonce le montage de l&rsquo;\u00e9mission de France 2<\/p>\n<p>Arte se classe ensuite avec le d\u00e9but de sa s\u00e9rie documentaire \u00ab\u00a0Narcotrafic, le poison de l&rsquo;Europe\u00a0\u00bb, r\u00e9alis\u00e9e par Christophe Bouquet<br \/>Mathieu Verboud. Le premier \u00e9pisode a captiv\u00e9<strong> 801.000 <\/strong>t\u00e9l\u00e9spectateurs, soit <strong>4,3%<\/strong> du public. France 5 est juste derri\u00e8re avec un autre documentaire : \u00ab\u00a0Produits fermiers : \u00e0 boire et \u00e0 manger ?\u00a0\u00bb. Le film in\u00e9dit r\u00e9alis\u00e9 par M\u00e9riem Lay a int\u00e9ress\u00e9 <strong>764.000<\/strong> consommateurs entre 21h06 et 22h52, ce qui correspond \u00e0 <strong>4,6%<\/strong> du public et <strong>1,9%<\/strong> des FRDA-50.<\/p>\n<p>Pr\u00e8s de 300.000 t\u00e9l\u00e9spectateurs \u00e0 1h45 du matin pour la victoire d&rsquo;Alban dans \u00ab\u00a0Pandore\u00a0\u00bb sur M6<\/p>\n<p>M6 diffusait quant \u00e0 elle la derni\u00e8re soir\u00e9e de son nouveau jeu \u00ab\u00a0Pandore\u00a0\u00bb, pr\u00e9sent\u00e9 par Olivier Minne. Apr\u00e8s une chute d&rsquo;audience entre le lancement et la 2e soir\u00e9e, <a href=\"https:\/\/www.ozap.com\/actu\/face-aux-audiences-decevantes-m6-deprogramme-en-urgence-la-4e-et-derniere-soiree-de-pandore-son-nouveau-jeu-anime-par-olivier-minne\/653098\" target=\"_blank\" rel=\"noopener\">la cha\u00eene avait en effet d\u00e9cid\u00e9 de d\u00e9programmer la finale<\/a> pr\u00e9vue le 12 janvier pour la diffuser juste apr\u00e8s cette 3e soir\u00e9e, \u00e0 partir de 23h20. Juste avant, l&rsquo;\u00e9pisode 3 de ce jeu qui m\u00eale strat\u00e9gie et \u00e9preuves physiques, sur fond de mythologie grecque, a d&rsquo;abord int\u00e9ress\u00e9 <strong>741.000<\/strong> amateurs, ce qui correspond \u00e0<strong> 4,1%<\/strong> du public pr\u00e9sent devant sa t\u00e9l\u00e9vision et <strong>10,2% <\/strong>des FRDA-50. La suite a conserv\u00e9 l&rsquo;attention de <strong>636.000<\/strong> t\u00e9l\u00e9spectateurs, soit <strong>4,8% <\/strong>du public et <strong>11,3% <\/strong>des FRDA-50. Lundi 29 d\u00e9cembre, l&rsquo;\u00e9pisode 2 avait diverti 952.000 fans en P1, soit 5,5% du public et 10,6% des FRDA-50. La 2e partie \u00e9tait encore plus faible : 880.000 t\u00e9l\u00e9spectateurs sont rest\u00e9s jusqu&rsquo;au bout, soit 6,2% de l&rsquo;ensemble du public et 11,7% des FRDA-50. Programm\u00e9 \u00e0 partir de 23h20, le d\u00e9nouement du jeu a eu lieu \u00e0 pr\u00e8s d&rsquo;1h30 du matin devant 295.000 curieux, soit 10,7% du public et 16,1% des FRDA-50.<\/p>\n<p>                            <img decoding=\"async\" class=\"article-audience-img\" src=\"https:\/\/www.europesays.com\/fr\/wp-content\/uploads\/2025\/04\/533.jpg\" alt=\"Arte\"\/><\/p>\n<p>\n                    NARCOTRAFIC :  LE POISON DE L&rsquo;EUROPE \\ EPISODE 1<br \/>\n                    DOCUMENTAIRE\n                <\/p>\n<p>\n                    801 000 t\u00e9l\u00e9spectateurs\n                <\/p>\n<p>                            <img decoding=\"async\" class=\"article-audience-img\" src=\"https:\/\/www.europesays.com\/fr\/wp-content\/uploads\/2025\/04\/6.jpg\" alt=\"M6\"\/><\/p>\n<p>\n                    PANDORE : UNE SEULE REGLE NE PAS OUVRIR LA BOITE<br \/>\n                    JEU\n                <\/p>\n<p>\n                    741 000 t\u00e9l\u00e9spectateurs\n                <\/p>\n<p>                            <img decoding=\"async\" class=\"article-audience-img\" src=\"https:\/\/www.europesays.com\/fr\/wp-content\/uploads\/2025\/04\/725.jpg\" alt=\"6ter\"\/><\/p>\n<p>\n                    DIVORCE CLUB<br \/>\n                    FILM\n                <\/p>\n<p>\n                    480 000 t\u00e9l\u00e9spectateurs\n                <\/p>\n<p>                            <img decoding=\"async\" class=\"article-audience-img\" src=\"https:\/\/www.europesays.com\/fr\/wp-content\/uploads\/2025\/04\/723.jpg\" alt=\"TF1 Series Film\"\/><\/p>\n<p>\n                    CAMPING PARADIS, UN ANGE GARDIEN AU CAMPING \\ PARTIE 1<br \/>\n                    TELEFILM\n                <\/p>\n<p>\n                    468 000 t\u00e9l\u00e9spectateurs\n                <\/p>\n<p>                            <img decoding=\"async\" class=\"article-audience-img\" src=\"https:\/\/www.europesays.com\/fr\/wp-content\/uploads\/2025\/04\/13.jpg\" alt=\"TMC\"\/><\/p>\n<p>\n                    90&prime; ENQUETES \\ DERAPAGES INTERDITS POUR LES DELINQUANTS<br \/>\n                    MAGAZINE\n                <\/p>\n<p>\n                    333 000 t\u00e9l\u00e9spectateurs\n                <\/p>\n<p>                            <img decoding=\"async\" class=\"article-audience-img\" src=\"https:\/\/www.europesays.com\/fr\/wp-content\/uploads\/2025\/04\/532.jpg\" alt=\"Gulli\"\/><\/p>\n<p>\n                    GARFIELD LE FILM<br \/>\n                    FILM\n                <\/p>\n<p>\n                    276 000 t\u00e9l\u00e9spectateurs\n                <\/p>\n<p>                            <img decoding=\"async\" class=\"article-audience-img\" src=\"https:\/\/www.europesays.com\/fr\/wp-content\/uploads\/2025\/04\/43.jpg\" alt=\"TFX\"\/><\/p>\n<p>\n                    SUPER NANNY<br \/>\n                    DOCUMENTAIRE\n                <\/p>\n<p>\n                    226 000 t\u00e9l\u00e9spectateurs\n                <\/p>\n<p>                            <img decoding=\"async\" class=\"article-audience-img\" src=\"https:\/\/www.europesays.com\/fr\/wp-content\/uploads\/2025\/04\/499.jpg\" alt=\"CSTAR\"\/><\/p>\n<p>\n                    FEMMES D&rsquo;ACTION : POLICE &#8211; SAMU &#8211; GENDARME<br \/>\n                    DOCUMENTAIRE\n                <\/p>\n<p>\n                    216 000 t\u00e9l\u00e9spectateurs\n                <\/p>\n<p>                            <img decoding=\"async\" class=\"article-audience-img\" src=\"https:\/\/www.europesays.com\/fr\/wp-content\/uploads\/2025\/04\/726.jpg\" alt=\"RMC Story\"\/><\/p>\n<p>\n                    MA CABANE DE REVE : CONSTRUCTION XXL<br \/>\n                    DOCUMENTAIRE\n                <\/p>\n<p>\n                    201 000 t\u00e9l\u00e9spectateurs\n                <\/p>\n<p>                            <img decoding=\"async\" class=\"article-audience-img\" src=\"https:\/\/www.europesays.com\/fr\/wp-content\/uploads\/2025\/04\/727.jpg\" alt=\"RMC D\u00e9couverte\"\/><\/p>\n<p>\n                    MONT BLANC : LES DEFIS DU PLUS HAUT SOMMET<br \/>\n                    DOCUMENTAIRE\n                <\/p>\n<p>\n                    213 000 t\u00e9l\u00e9spectateurs\n                <\/p>\n<p>                            <img decoding=\"async\" class=\"article-audience-img\" src=\"https:\/\/www.europesays.com\/fr\/wp-content\/uploads\/2025\/04\/4.jpg\" alt=\"Canal+\"\/><\/p>\n<p>\n                    EMISSIONS CRYPTEES<br \/>\n                    AUTRES\n                <\/p>\n<p>\n                    68 000 t\u00e9l\u00e9spectateurs\n                <\/p>\n<p>                            <img decoding=\"async\" class=\"article-audience-img\" src=\"https:\/\/www.europesays.com\/fr\/wp-content\/uploads\/2025\/10\/728.jpg\" alt=\"RMC Life\"\/><\/p>\n<p>\n                    CA SE DISCUTE<br \/>\n                    MAGAZINE\n                <\/p>\n<p>\n                    71 000 t\u00e9l\u00e9spectateurs\n                <\/p>\n<p>    M\u00e9diam\u00e9trie &#8211; M\u00e9diamat ; reproduction interdite, tous droits r\u00e9serv\u00e9s par M\u00e9diam\u00e9trie<\/p>\n<p>Dans le reste de l&rsquo;offre en prime, Estelle Denis pr\u00e9sentait un nouveau num\u00e9ro de <a href=\"https:\/\/www.ozap.com\/actu\/audiences-virginie-efira-et-melvil-poupaud-petits-leaders-sur-france-2-le-psg-en-ligue-des-champions-fait-monter-canal-sur-le-podium\/652634\" target=\"_blank\" rel=\"noopener\">\u00ab\u00a0\u00c7a se discute\u00a0\u00bb<\/a> sur RMC Life. Intitul\u00e9e \u00ab\u00a0Parents ados : trop jeunes pour avoir un b\u00e9b\u00e9 ?\u00a0\u00bb, l&rsquo;\u00e9mission n&rsquo;a f\u00e9d\u00e9r\u00e9 que 71.000 t\u00e9l\u00e9spectateurs entre 21h13 et 22h55, soit 0,4% du public.<\/p>\n","protected":false},"excerpt":{"rendered":"Par L\u00e9a Stassinet | Journaliste Venue du royaume d&rsquo;\u00a0\u00bbIntervilles\u00a0\u00bb (Mont-de-Marsan), L\u00e9a Stassinet a \u00e9t\u00e9 berc\u00e9e par la \u00ab\u00a0Nouvelle&hellip;\n","protected":false},"author":2,"featured_media":646858,"comment_status":"","ping_status":"","sticky":false,"template":"","format":"standard","meta":{"footnotes":""},"categories":[1356],"tags":[58,59,1011,27,252,1364],"class_list":{"0":"post-646857","1":"post","2":"type-post","3":"status-publish","4":"format-standard","5":"has-post-thumbnail","7":"category-television","8":"tag-divertissement","9":"tag-entertainment","10":"tag-fr","11":"tag-france","12":"tag-television","13":"tag-tv"},"share_on_mastodon":{"url":"https:\/\/pubeurope.com\/@fr\/115853376823925799","error":""},"_links":{"self":[{"href":"https:\/\/www.europesays.com\/fr\/wp-json\/wp\/v2\/posts\/646857","targetHints":{"allow":["GET"]}}],"collection":[{"href":"https:\/\/www.europesays.com\/fr\/wp-json\/wp\/v2\/posts"}],"about":[{"href":"https:\/\/www.europesays.com\/fr\/wp-json\/wp\/v2\/types\/post"}],"author":[{"embeddable":true,"href":"https:\/\/www.europesays.com\/fr\/wp-json\/wp\/v2\/users\/2"}],"replies":[{"embeddable":true,"href":"https:\/\/www.europesays.com\/fr\/wp-json\/wp\/v2\/comments?post=646857"}],"version-history":[{"count":0,"href":"https:\/\/www.europesays.com\/fr\/wp-json\/wp\/v2\/posts\/646857\/revisions"}],"wp:featuredmedia":[{"embeddable":true,"href":"https:\/\/www.europesays.com\/fr\/wp-json\/wp\/v2\/media\/646858"}],"wp:attachment":[{"href":"https:\/\/www.europesays.com\/fr\/wp-json\/wp\/v2\/media?parent=646857"}],"wp:term":[{"taxonomy":"category","embeddable":true,"href":"https:\/\/www.europesays.com\/fr\/wp-json\/wp\/v2\/categories?post=646857"},{"taxonomy":"post_tag","embeddable":true,"href":"https:\/\/www.europesays.com\/fr\/wp-json\/wp\/v2\/tags?post=646857"}],"curies":[{"name":"wp","href":"https:\/\/api.w.org\/{rel}","templated":true}]}}