{"id":646859,"date":"2026-01-07T10:36:09","date_gmt":"2026-01-07T10:36:09","guid":{"rendered":"https:\/\/www.europesays.com\/fr\/646859\/"},"modified":"2026-01-07T10:36:09","modified_gmt":"2026-01-07T10:36:09","slug":"mort-du-rappeur-calbo-a-52-ans-grosse-boulette-de-rachida-dati","status":"publish","type":"post","link":"https:\/\/www.europesays.com\/fr\/646859\/","title":{"rendered":"Mort du rappeur Calbo \u00e0 52 ans\u00a0: grosse boulette de Rachida Dati"},"content":{"rendered":"<p>      R\u00e9sum\u00e9<\/p>\n<p>Le d\u00e9c\u00e8s du rappeur Calbo, symbole du rap fran\u00e7ais pendant des ann\u00e9es, a suscit\u00e9 de nombreux hommages. Parmi eux, celui de la ministre Rachida Dati n&rsquo;est pas pass\u00e9 inaper\u00e7u.<\/p>\n<p>        Sommaire<\/p>\n<p><strong><a href=\"https:\/\/www.public.fr\/jai-vu-sa-souffrance-partir-brigitte-bardot-son-mari-bernard-dormale-raconte-ses-derniers-instants\" target=\"_blank\" rel=\"noopener\">Brigitte Bardot,<\/a> \u00c9velyne Leclercq, Calbo<\/strong>\u2026 Cette fin d&rsquo;ann\u00e9e 2025 et d\u00e9but d&rsquo;ann\u00e9e 2026 ont \u00e9t\u00e9 marqu\u00e9es par une <strong>succession de mauvaises nouvelles.<\/strong> Alors que l&rsquo;ic\u00f4ne du cin\u00e9ma fran\u00e7ais s&rsquo;est \u00e9teinte \u00e0 l&rsquo;\u00e2ge de 91 ans le 28\u00a0d\u00e9cembre, l&rsquo;ancienne speakerine a rendu son dernier souffle le 31\u00a0d\u00e9cembre. Enfin, la sph\u00e8re musicale a \u00e9t\u00e9 profond\u00e9ment affect\u00e9e par la <strong>disparition brutale du rappeur Calbo<\/strong>. Ce dernier, <a href=\"https:\/\/www.public.fr\/houcine-star-academy-apres-le-200e-prime-evenement-le-drame-son-frere-est-mort\" target=\"_blank\" rel=\"noopener\">membre embl\u00e9matique du duo \u00c4rsenik<\/a>, n&rsquo;avait que <strong>52 ans<\/strong>.<\/p>\n<p>Dans la foul\u00e9e, une multitude de personnalit\u00e9s et d&rsquo;anonymes ont tenu \u00e0 <strong>lui rendre hommage<\/strong> sur les r\u00e9seaux sociaux. <strong>Matt Pokora, Rohff, Stomy Bugsy<\/strong> ou encore <strong>Kery James<\/strong> ont notamment eu une pens\u00e9e affectueuse pour <a href=\"https:\/\/www.public.fr\/le-rappeur-calbo-membre-fondateur-du-duo-arsenik-est-mort-a-lage-de-52-ans\" target=\"_blank\" rel=\"noopener\">le d\u00e9funt<\/a> et ses proches. \u00ab\u00a0Repose en paix\u00a0\u00bb, a \u00e9crit notamment <a href=\"https:\/\/www.public.fr\/m-pokora-vaccine-contre-la-grippe-mais-fracasse-tout-de-meme-par-le-virus\" target=\"_blank\" rel=\"noopener\">l&rsquo;interpr\u00e8te de Tomb\u00e9<\/a> en l\u00e9gende d&rsquo;une photo de Calbo sur son compte Instagram. <\/p>\n<p>Par ailleurs, sur X, <a href=\"https:\/\/www.public.fr\/rohff-presente-a-bercy-son-fils-en-passe-de-devenir-medecin\" target=\"_blank\" rel=\"noopener\">le rappeur Rohff<\/a> n&rsquo;a pas tari d&rsquo;\u00e9loges sur son confr\u00e8re. \u00ab\u00a0On a perdu<strong> un grand monsieur du rap et un grand fr\u00e8re de la vie<\/strong>. Au-del\u00e0 de ses accomplissements rappologiques, je retiens toute la force et la positivit\u00e9 qu\u2019il a transmises au fil des ann\u00e9es \u00e0 ma g\u00e9n\u00e9ration et aux suivantes\u00a0\u00bb, a \u00e9crit <a href=\"https:\/\/www.public.fr\/pierre-palmade-le-rappeur-rohff-demande-la-liberation-de-son-ami-et-derape-totalement\" target=\"_blank\" rel=\"noopener\">l&rsquo;artiste aux multiples succ\u00e8s<\/a>.  Enfin, il y a eu l&rsquo;hommage de <strong>Rachida Dati<\/strong>&#8230; et, autant dire, que le communiqu\u00e9 envoy\u00e9 par <a href=\"https:\/\/www.public.fr\/rachida-dati-sa-fille-zohra-a-perdu-lusage-de-ses-jambes\" target=\"_blank\" rel=\"noopener\">la ministre de la Culture<\/a> n&rsquo;est pas pass\u00e9 inaper\u00e7u.<\/p>\n<blockquote class=\"twitter-tweet\">\n<p>Pour un petit gars du 9.5 comme moi qui \u00e9tait ado quand \u00c4rsenik a explos\u00e9, Calbo \u00e9tait un mod\u00e8le et j&rsquo;ai donc lu avec attention les hommages rendus suite \u00e0 son d\u00e9c\u00e8s \u00e0 seulement 52 ans !<\/p>\n<p>Le communiqu\u00e9 de presse de Rachida Dati, ministre de la Culture, en hommage \u00e0 Calbo,\u2026 <a href=\"https:\/\/t.co\/3aSxvlQ2av\">pic.twitter.com\/3aSxvlQ2av<\/a><\/p>\n<p>\u2014 Nizzague (@Nizzague) <a href=\"https:\/\/twitter.com\/Nizzague\/status\/2008432981132685458?ref_src=twsrc%5Etfw\" target=\"_blank\" rel=\"noopener\">January 6, 2026<\/a><\/p><\/blockquote>\n<p>Mort du rappeur Calbo\u00a0: le communiqu\u00e9 de Rachida Dati pass\u00e9 au crible<\/p>\n<p>Au lendemain de la terrible annonce, le minist\u00e8re de la Culture a d\u00e9voil\u00e9 <strong>un long communiqu\u00e9<\/strong> afin de rendre hommage \u00e0 l&rsquo;immense artiste qu&rsquo;\u00e9tait Calbo. <strong>Une attention \u00e9videmment appr\u00e9ci\u00e9e <\/strong>quand elle vient des plus hautes sph\u00e8res de l\u2019\u00c9tat. Du moins quand ces documents ne sont pas <strong>\u00e9crits dans la pr\u00e9cipitation<\/strong>, ce qui semble avoir \u00e9t\u00e9 le cas. En effet, plusieurs erreurs ont \u00e9t\u00e9 rep\u00e9r\u00e9es dans le communiqu\u00e9 transmis par <a href=\"https:\/\/www.google.com\/url?sa=t&amp;source=web&amp;rct=j&amp;opi=89978449&amp;url=https:\/\/vsd.fr\/59838-the-voice-rachida-dati-sen-mele-gros-coup-de-coeur-pour-ce-talent-dont-tout-le-monde-parle\/&amp;ved=2ahUKEwikvdTYgvmRAxXR_7sIHV8VH8oQFnoECCkQAQ&amp;usg=AOvVaw2apKPyrKT5o2ytPzkTr8Un\" target=\"_blank\" rel=\"noopener\">l&rsquo;amie de Nicolas Sarkozy<\/a>.<\/p>\n<p>Dans les colonnes du Parisien, le journaliste L\u00e9o Aguesse a list\u00e9 une<strong> multitude d&rsquo;erreurs ou d&rsquo;approximations<\/strong>. Dans le second paragraphe, <a href=\"https:\/\/www.google.com\/url?sa=t&amp;source=web&amp;rct=j&amp;opi=89978449&amp;url=https:\/\/vsd.fr\/90402-rachida-la-reine-du-couscous-pierre-jean-chalencon-derape-a-propos-rachida-dati-dans-tbt9\/&amp;ved=2ahUKEwikvdTYgvmRAxXR_7sIHV8VH8oQFnoECCwQAQ&amp;usg=AOvVaw3Cjx3PjoiFXn9wmKFREinU\" target=\"_blank\" rel=\"noopener\">la candidate \u00e0 la mairie de Paris<\/a> s\u2019\u00e9panche sur la <strong>qualit\u00e9 du titre \u2018Shalom\u2019,<\/strong> qui \u2018avait r\u00e9v\u00e9l\u00e9 la virtuosit\u00e9 du groupe et leur amour de la langue fran\u00e7aise maniant rimes multisyllabiques et m\u00e9taphores sans jamais perdre leur ancrage dans le r\u00e9el\u2019. <strong>De belles louanges pour un titre qui n\u2019existe pas\u00a0\u00bb<\/strong>, \u00e9crit-il notamment.<\/p>\n<p>Par ailleurs, <strong>ce communiqu\u00e9 a-t-il \u00e9t\u00e9 relu\u00a0?<\/strong> La question se pose \u00e0 en voir les nombreuses fautes de fran\u00e7ais pr\u00e9sentes dans le texte. Parmi elles, il y a l&rsquo;accord de \u00ab\u00a0il \u00e9tait d\u00e9finitivement entr\u00e9e\u00a0\u00bb qui ne n\u00e9cessitait pas de \u00ab\u00a0e\u00a0\u00bb suppl\u00e9mentaire. Juste apr\u00e8s, il y a \u00e9galement eu un <strong>souci de conjugaison<\/strong>. \u00ab\u00a0Des titres comme Boxe ou Shalom <strong>avait r\u00e9v\u00e9l\u00e9<\/strong>\u00ab\u00a0, peut-on lire au lieu de \u00ab\u00a0avaient\u00a0\u00bb. <\/p>\n<p>\n          Hits &amp; People en continu\n        <\/p>\n<p>\n          Public Radio\n        <\/p>\n<p>      Mentionn\u00e9s dans cet article<\/p>\n<p>      Sur le m\u00eame sujet<\/p>\n<p>  <script async src=\"https:\/\/platform.twitter.com\/widgets.js\" charset=\"utf-8\"><\/script><\/p>\n","protected":false},"excerpt":{"rendered":"R\u00e9sum\u00e9 Le d\u00e9c\u00e8s du rappeur Calbo, symbole du rap fran\u00e7ais pendant des ann\u00e9es, a suscit\u00e9 de nombreux hommages.&hellip;\n","protected":false},"author":2,"featured_media":646860,"comment_status":"","ping_status":"","sticky":false,"template":"","format":"standard","meta":{"footnotes":""},"categories":[1355],"tags":[251,2715,58,59,1011,27,9231,18,1361,873,10598,417,6198],"class_list":{"0":"post-646859","1":"post","2":"type-post","3":"status-publish","4":"format-standard","5":"has-post-thumbnail","7":"category-musique","8":"tag-culture","9":"tag-disparition","10":"tag-divertissement","11":"tag-entertainment","12":"tag-fr","13":"tag-france","14":"tag-ministere-de-la-culture","15":"tag-mort","16":"tag-music","17":"tag-musique","18":"tag-musique-francaise","19":"tag-rachida-dati","20":"tag-rappeur"},"share_on_mastodon":{"url":"https:\/\/pubeurope.com\/@fr\/115853379786448502","error":""},"_links":{"self":[{"href":"https:\/\/www.europesays.com\/fr\/wp-json\/wp\/v2\/posts\/646859","targetHints":{"allow":["GET"]}}],"collection":[{"href":"https:\/\/www.europesays.com\/fr\/wp-json\/wp\/v2\/posts"}],"about":[{"href":"https:\/\/www.europesays.com\/fr\/wp-json\/wp\/v2\/types\/post"}],"author":[{"embeddable":true,"href":"https:\/\/www.europesays.com\/fr\/wp-json\/wp\/v2\/users\/2"}],"replies":[{"embeddable":true,"href":"https:\/\/www.europesays.com\/fr\/wp-json\/wp\/v2\/comments?post=646859"}],"version-history":[{"count":0,"href":"https:\/\/www.europesays.com\/fr\/wp-json\/wp\/v2\/posts\/646859\/revisions"}],"wp:featuredmedia":[{"embeddable":true,"href":"https:\/\/www.europesays.com\/fr\/wp-json\/wp\/v2\/media\/646860"}],"wp:attachment":[{"href":"https:\/\/www.europesays.com\/fr\/wp-json\/wp\/v2\/media?parent=646859"}],"wp:term":[{"taxonomy":"category","embeddable":true,"href":"https:\/\/www.europesays.com\/fr\/wp-json\/wp\/v2\/categories?post=646859"},{"taxonomy":"post_tag","embeddable":true,"href":"https:\/\/www.europesays.com\/fr\/wp-json\/wp\/v2\/tags?post=646859"}],"curies":[{"name":"wp","href":"https:\/\/api.w.org\/{rel}","templated":true}]}}