{"id":646862,"date":"2026-01-07T10:38:16","date_gmt":"2026-01-07T10:38:16","guid":{"rendered":"https:\/\/www.europesays.com\/fr\/646862\/"},"modified":"2026-01-07T10:38:16","modified_gmt":"2026-01-07T10:38:16","slug":"sante-les-professionnels-liberaux-et-hospitaliers-renforcent-leurs-liens-un-infirmier-en-pratique-avancee-est-attendu-a-lunite-de-medecine-generale","status":"publish","type":"post","link":"https:\/\/www.europesays.com\/fr\/646862\/","title":{"rendered":"Sant\u00e9\u00a0: les professionnels lib\u00e9raux et hospitaliers renforcent leurs liens, un infirmier en pratique avanc\u00e9e est attendu \u00e0 l\u2019Unit\u00e9 de m\u00e9decine g\u00e9n\u00e9rale"},"content":{"rendered":"<p>\n                                                                    l&rsquo;essentiel<br \/>\n                                                                \u00c0 Figeac (Lot), les praticiens de l\u2019h\u00f4pital et les professionnels de ville resserrent leurs liens pour mener des actions communes et renforcer l\u2019offre de soins sur le territoire. Exemple de cette collaboration\u00a0: l\u2019arriv\u00e9e d\u2019un infirmier en pratique avanc\u00e9e est attendue en ce d\u00e9but d\u2019ann\u00e9e 2026 \u00e0 l\u2019Unit\u00e9 de m\u00e9decine g\u00e9n\u00e9rale install\u00e9e \u00e0 l\u2019h\u00f4pital.\n                            <\/p>\n<p>La\u00a0sant\u00e9, pr\u00e9occupation majeure des habitants, se porte plut\u00f4t bien sur le territoire. C\u2019est en tout cas le diagnostic encourageant pos\u00e9 \u00e0 la fois par la directrice de l\u2019h\u00f4pital de Figeac et les repr\u00e9sentants de la communaut\u00e9 professionnelle territoriale de sant\u00e9 (CPTS) du Grand Figeac\u00a0qui m\u00e8nent depuis plusieurs mois des actions communes. L\u2019objectif pour l\u2019ann\u00e9e 2026 est clair\u00a0: resserrer les liens entre les m\u00e9decins de ville, les professionnels de sant\u00e9 lib\u00e9raux et les praticiens hospitaliers. \u00ab\u00a0On s\u2019est rendu compte qu\u2019ils ne se connaissent pas forc\u00e9ment. Il y a eu des d\u00e9parts \u00e0 l\u2019h\u00f4pital mais des arriv\u00e9es \u00e9galement. On arrive \u00e0 recruter, Figeac reste un territoire attractif pour les professionnels de sant\u00e9. On vient d\u2019\u00e9diter un annuaire avec toutes les sp\u00e9cialit\u00e9s de l\u2019h\u00f4pital\u00a0pour donner plus de lisibilit\u00e9 et d\u00e9velopper les consultations par Doctolib\u00a0\u00bb souligne Florence Grellet, directrice du centre hospitalier. Une\u00a0premi\u00e8re soir\u00e9e ville-h\u00f4pital organis\u00e9e de fa\u00e7on commune en d\u00e9cembre a permis de r\u00e9unir\u00a0plus d\u2019une cinquantaine de praticiens lib\u00e9raux et hospitaliers du secteur.<\/p>\n<p>\u00ab\u00a0Cette premi\u00e8re soir\u00e9e a \u00e9t\u00e9 un succ\u00e8s\u00a0\u00bb, se r\u00e9jouit Emilie Genot, coordinatrice du CPTS du Grand Figeac. Des focus\u00a0ont permis de mieux d\u00e9couvrir le fonctionnement de plusieurs services, en particulier du Centre p\u00e9rinatal de proximit\u00e9 de l\u2019h\u00f4pital de Figeac rejoint justement par une g\u00e9n\u00e9raliste, le Dr Remondet qui s\u2019est form\u00e9e en gyn\u00e9cologie m\u00e9dicale et assure aussi des consultations p\u00e9diatriques. Un jeune chirurgien en orthop\u00e9die s\u2019est pr\u00e9sent\u00e9 \u00e9galement ainsi que le nouvel urologue qui exerce \u00e0 temps plein\u00a0en utilisant des techniques assez avanc\u00e9es pour le traitement de la prostate.<\/p>\n<p>        <img decoding=\"async\" class=\"std-img__img responsive-img\" src=\"https:\/\/www.europesays.com\/fr\/wp-content\/uploads\/2026\/01\/1767782295_791_image.jpg\" alt=\"Une soir\u00e9e ville-h\u00f4pital a permis aux professionnels de sant\u00e9 du Figeacois de se r\u00e9unir et d\u2019\u00e9changer sur leurs pratiques.\"\/><\/p>\n<p>                Une soir\u00e9e ville-h\u00f4pital a permis aux professionnels de sant\u00e9 du Figeacois de se r\u00e9unir et d\u2019\u00e9changer sur leurs pratiques.<br \/>\n                                    Photo CPTS Grand Figeac.<\/p>\n<p>Cette ann\u00e9e des actions en mati\u00e8re de pr\u00e9vention et d\u2019\u00e9ducation \u00e0\u00a0la sant\u00e9<\/p>\n<p>\u00ab\u00a0L\u2019objectif \u00e9tait de se rencontrer, de pr\u00e9senter les pratiques et d\u2019identifier qui fait quoi. Pour la CPTS, c\u2019est une action phare qui en appelle d\u2019autres pour sceller ce partenariat avec l\u2019h\u00f4pital de proximit\u00e9 qui a une offre de soins importante. De nouveaux m\u00e9decins s\u2019installent comme le g\u00e9n\u00e9raliste \u00e0 la Maison de sant\u00e9.\u00a0Il y a de l\u2019espoir pour le territoire\u00a0\u00bb soulignent les coordinatrices ravies de voir un r\u00e9seau se mettre en place. La pr\u00e9sidente de la CPTS lanc\u00e9e en 2022 sur le Grand Figeac, Docteur Val\u00e9rie Sohet, m\u00e9decin g\u00e9n\u00e9raliste \u00e0 Figeac, salue le travail men\u00e9 de fa\u00e7on conjointe et les premiers r\u00e9sultats qui s\u2019annoncent. Dans quelques semaines, l\u2019arriv\u00e9e d\u2019un infirmier en pratique avanc\u00e9 \u00e0 l\u2019Unit\u00e9 de m\u00e9decine g\u00e9n\u00e9rale \u2013 nouveau nom donn\u00e9 au Centre des patients en d\u00e9sh\u00e9rence cr\u00e9\u00e9 par le Grand Figeac \u00e0 l\u2019h\u00f4pital pour proposer des consultations aux\u00a0personnes sans m\u00e9decin traitant \u2013 est un exemple probant\u00a0de la dynamique engag\u00e9e.<\/p>\n<p>        <img decoding=\"async\" class=\"std-img__img responsive-img\" src=\"https:\/\/www.europesays.com\/fr\/wp-content\/uploads\/2026\/01\/1767782296_639_image.jpg\" alt=\"Dans la rue des Maquisards, l\u2019entr\u00e9e de l\u2019Unit\u00e9 de m\u00e9decine g\u00e9n\u00e9rale est voisine de l\u2019h\u00f4pital de Figeac.\"\/><\/p>\n<p>                Dans la rue des Maquisards, l\u2019entr\u00e9e de l\u2019Unit\u00e9 de m\u00e9decine g\u00e9n\u00e9rale est voisine de l\u2019h\u00f4pital de Figeac.<br \/>\n                                    DDM &#8211; A.L.<\/p>\n<p>\u00ab\u00a0On va passer une convention avec un infirmier en pratique avanc\u00e9 qui va faire le lien\u00a0sur les dossiers les plus urgents. L\u2019objectif est de soulager la charge de travail des m\u00e9decins lib\u00e9raux et du service de m\u00e9decine\u00a0sans arr\u00eat sollicit\u00e9s. Notre r\u00f4le est d\u2019\u00eatre un facilitateur dans les projets qui peuvent am\u00e9liorer les parcours de soins. On se pr\u00e9sente comme une bo\u00eete \u00e0 outils pour tous les professionnels de sant\u00e9 du territoire et on fait attention \u00e0 leur bien-\u00eatre\u00a0\u00bb d\u00e9taille la coordinatrice du CPTS. \u00ab\u00a0On essaye de trouver des solutions ensemble, plus les personnes sont prises en charge en amont, plus les parcours sont fluides\u00a0\u00bb ajoute la directrice de l\u2019h\u00f4pital. Cette ann\u00e9e, les efforts vont se porter sur des actions de pr\u00e9vention et d\u2019\u00e9ducation \u00e0 la sant\u00e9. \u00ab\u00a0Des gens se pr\u00e9sentent aux urgences pour se faire vacciner ou pour avoir un arr\u00eat de travail. Ils ne sont pas au bon endroit. Cela cr\u00e9e de la frustration et de l\u2019agressivit\u00e9 comme on le constate aux urgences et dans les cabinets. Il faut donner de l\u2019information pour que les gens se saisissent des moyens mis en place\u00a0\u00bb. Une nouvelle journ\u00e9e d\u00e9di\u00e9e aux femmes et \u00e0 l\u2019activit\u00e9 physique est d\u2019ailleurs orchestr\u00e9e\u00a0par la CPTS le 24\u00a0janvier \u00e0 la r\u00e9sidence Cap\u00e8le de Capdenac-Gare.<\/p>\n<p class=\"std-elt__inline\">\n        <strong>\u00c0 lire aussi :<\/strong><br \/>\n        <a href=\"https:\/\/www.ladepeche.fr\/2025\/01\/21\/lhopital-de-figeac-va-lancer-des-cours-de-preparation-a-laccouchement-en-piscine-sur-le-site-de-font-redonde-12457937.php\" target=\"_blank\" rel=\"noopener\">L\u2019h\u00f4pital de Figeac va lancer des cours de pr\u00e9paration \u00e0 l\u2019accouchement en piscine sur le site de Font-Redonde<\/a>\n    <\/p>\n<p class=\"std-elt__inline\">\n        <strong>\u00c0 lire aussi :<\/strong><br \/>\n        <a href=\"https:\/\/www.ladepeche.fr\/2024\/11\/28\/a-lhopital-de-figeac-les-representants-des-usagers-soignent-les-relations-entre-le-corps-medical-et-les-patients-mecontents-12353572.php\" target=\"_blank\" rel=\"noopener\">\u00c0 l\u2019h\u00f4pital de Figeac, les repr\u00e9sentants des usagers soignent les relations entre le corps m\u00e9dical et les patients m\u00e9contents<\/a>\n    <\/p>\n<p class=\"std-elt__inline\">\n        <strong>\u00c0 lire aussi :<\/strong><br \/>\n        <a href=\"https:\/\/www.ladepeche.fr\/2024\/08\/12\/florence-grellet-est-la-nouvelle-directrice-du-centre-hospitalier-de-figeac-12134493.php\" target=\"_blank\" rel=\"noopener\">Florence Grellet est la nouvelle directrice du centre hospitalier de Figeac<\/a>\n    <\/p>\n","protected":false},"excerpt":{"rendered":"l&rsquo;essentiel \u00c0 Figeac (Lot), les praticiens de l\u2019h\u00f4pital et les professionnels de ville resserrent leurs liens pour mener&hellip;\n","protected":false},"author":2,"featured_media":646863,"comment_status":"","ping_status":"","sticky":false,"template":"","format":"standard","meta":{"footnotes":""},"categories":[10],"tags":[68974,1011,27,72,20064,71,8755],"class_list":{"0":"post-646862","1":"post","2":"type-post","3":"status-publish","4":"format-standard","5":"has-post-thumbnail","7":"category-sante","8":"tag-figeac","9":"tag-fr","10":"tag-france","11":"tag-health","12":"tag-lot","13":"tag-sante","14":"tag-santu00e9"},"share_on_mastodon":{"url":"https:\/\/pubeurope.com\/@fr\/115853387676046794","error":""},"_links":{"self":[{"href":"https:\/\/www.europesays.com\/fr\/wp-json\/wp\/v2\/posts\/646862","targetHints":{"allow":["GET"]}}],"collection":[{"href":"https:\/\/www.europesays.com\/fr\/wp-json\/wp\/v2\/posts"}],"about":[{"href":"https:\/\/www.europesays.com\/fr\/wp-json\/wp\/v2\/types\/post"}],"author":[{"embeddable":true,"href":"https:\/\/www.europesays.com\/fr\/wp-json\/wp\/v2\/users\/2"}],"replies":[{"embeddable":true,"href":"https:\/\/www.europesays.com\/fr\/wp-json\/wp\/v2\/comments?post=646862"}],"version-history":[{"count":0,"href":"https:\/\/www.europesays.com\/fr\/wp-json\/wp\/v2\/posts\/646862\/revisions"}],"wp:featuredmedia":[{"embeddable":true,"href":"https:\/\/www.europesays.com\/fr\/wp-json\/wp\/v2\/media\/646863"}],"wp:attachment":[{"href":"https:\/\/www.europesays.com\/fr\/wp-json\/wp\/v2\/media?parent=646862"}],"wp:term":[{"taxonomy":"category","embeddable":true,"href":"https:\/\/www.europesays.com\/fr\/wp-json\/wp\/v2\/categories?post=646862"},{"taxonomy":"post_tag","embeddable":true,"href":"https:\/\/www.europesays.com\/fr\/wp-json\/wp\/v2\/tags?post=646862"}],"curies":[{"name":"wp","href":"https:\/\/api.w.org\/{rel}","templated":true}]}}