{"id":646866,"date":"2026-01-07T10:40:19","date_gmt":"2026-01-07T10:40:19","guid":{"rendered":"https:\/\/www.europesays.com\/fr\/646866\/"},"modified":"2026-01-07T10:40:19","modified_gmt":"2026-01-07T10:40:19","slug":"fauves-de-melissa-da-costa-nous-a-hypnotises-du-debut-a-la-fin","status":"publish","type":"post","link":"https:\/\/www.europesays.com\/fr\/646866\/","title":{"rendered":"\u00ab\u00a0Fauves\u00a0\u00bb de M\u00e9lissa Da\u00a0Costa nous a hypnotis\u00e9s du d\u00e9but \u00e0 la fin"},"content":{"rendered":"<p>        <img decoding=\"async\" loading=\"lazy\" src=\"https:\/\/www.europesays.com\/fr\/wp-content\/uploads\/2026\/01\/8b26cb5_upload-1-1uqjzajryerw-afp-20251202-86vk9vb-v1-highres-franceliteratureportrait.jpg\"  width=\"728\" height=\"410\" alt=\"Melissa Da Costa revient le 7\u00a0janvier 2026\u00a0avec un 9e roman intitul\u00e9 \u00ab\u00a0Fauves\u00a0\u00bb \"\/>  <\/p>\n<p>JOEL SAGET \/ AFP<\/p>\n<p>Melissa Da Costa revient le 7\u00a0janvier 2026\u00a0avec un 9e roman intitul\u00e9 \u00ab\u00a0Fauves\u00a0\u00bb <\/p>\n<p>      <strong>EN BREF<\/strong> <strong>\u2022 <\/strong>M\u00e9lissa Da Costa revient avec \u00ab\u00a0Fauves\u00a0\u00bb, un roman captivant et gla\u00e7ant se d\u00e9roulant dans un cirque des ann\u00e9es 80.<br \/><strong>\u2022 <\/strong>Le livre d\u00e9crit l\u2019int\u00e9gration d\u2019un adolescent fuyant un p\u00e8re violent, Tony, au cirque Pulko.<br \/><strong>\u2022 <\/strong>\u00ab\u00a0Fauves\u00a0\u00bb s\u00e9duit par la complexit\u00e9 de ses personnages, rendant le roman addictif et difficile \u00e0 l\u00e2cher pour les lecteurs fid\u00e8les de l\u2019autrice.                         <\/p>\n<p class=\"asset asset-text\">Bienvenue au cirque Pulko. 18\u00a0mois apr\u00e8s Tenir debout, l\u2019<a href=\"https:\/\/www.huffingtonpost.fr\/culture\/article\/nathacha-appanah-remporte-le-goncourt-des-lyceens-avec-la-nuit-au-c-ur-et-fait-un-beau-coup-double_257602.html\" target=\"_blank\" rel=\"noopener\">autrice fran\u00e7aise<\/a> est de retour en librairie avec Fauves, une fiction qui se d\u00e9roule dans les ann\u00e9es 80\u00a0dans un cirque. Ce 9e roman ne devrait pas faire chuter <a href=\"https:\/\/www.huffingtonpost.fr\/culture\/article\/avec-tenir-debout-melissa-da-costa-fait-tout-sauf-du-feel-good-et-c-est-volontaire_238388.html\" target=\"_blank\" rel=\"noopener\">M\u00e9lissa Da\u00a0Costa<\/a> du pi\u00e9destal o\u00f9 elle est confortablement install\u00e9e\u00a0: celui d\u2019auteur (e) francophone la plus vendue dans l\u2019Hexagone. Il est \u00e0 la fois captivant et gla\u00e7ant.<\/p>\n<p class=\"asset asset-text\">Si vous avez trouv\u00e9 dur son pr\u00e9c\u00e9dent roman, qui \u00e9voquait l\u2019amour et la r\u00e9silience face au handicap, celui-ci ne vous para\u00eetra pas plus l\u00e9ger, bien au contraire. Dans Fauves, le lecteur est invit\u00e9 \u00e0 suivre Tony et \u00e0 plonger dans la gen\u00e8se de la violence, dans ce qu\u2019elle peut avoir de plus primitif et insurmontable.<\/p>\n<p> La lecture de ce contenu est susceptible d\u2019entra\u00eener un d\u00e9p\u00f4t de cookies de la part de l\u2019op\u00e9rateur tiers qui l\u2019h\u00e9berge. Compte-tenu des choix que vous avez exprim\u00e9s en mati\u00e8re de d\u00e9p\u00f4t de cookies, nous avons bloqu\u00e9 l\u2019affichage de ce contenu. Si vous souhaitez y acc\u00e9der, vous devez accepter la cat\u00e9gorie de cookies \u201cContenus tiers\u201d en cliquant sur le bouton ci-dessous. <\/p>\n<p> Lire la Vid\u00e9o        <\/p>\n<p class=\"asset asset-text\">L\u2019adolescent de 17\u00a0ans s\u2019enfuit de chez lui apr\u00e8s la dispute de trop avec son p\u00e8re violent et toxique. Il trouve refuge aupr\u00e8s des membres du cirque Pulko. Pour se faire accepter et pouvoir rester avec la famille, le \u00ab\u00a0gadjo\u00a0\u00bb est pr\u00eat \u00e0 tout\u00a0: s\u2019occuper des chevaux, monter le chapiteau, g\u00e9rer le parking. Mais il va rapidement d\u00e9velopper une fascination pour Chavo, alias Padre, le dresseur des trois lions et deux tigres du cirque, ainsi que pour son \u00e9pouse Sabrina. La jeune gitane, qui ne ressemble \u00e0 aucune autre femme du clan, poss\u00e8de dans sa caravane une rarissime panth\u00e8re n\u00e9buleuse pr\u00e9nomm\u00e9e Asia.<\/p>\n<p>                     La transmission de la violence    <\/p>\n<p class=\"asset asset-text\">Chapitre apr\u00e8s chapitre, M\u00e9lissa Da\u00a0Costa retrace la lente int\u00e9gration de Tony au sein de la famille, mais aussi en parall\u00e8le, son pass\u00e9. Une enfance plac\u00e9e sous le signe de la masculinit\u00e9 toxique, de la violence domestique et de la honte. Les brimades y sont quotidiennes, l\u2019homophobie et le machisme \u00e9rig\u00e9s en credo.<\/p>\n<p class=\"asset asset-text\">Plus la noirceur dans laquelle a grandi Tony nous submerge, plus ce dernier prend confiance en lui aupr\u00e8s de la famille Pulko dans les chapitres qui se d\u00e9roulent dans le pr\u00e9sent. Tony devient un homme, et il l\u2019esp\u00e8re un homme diff\u00e9rent de son paternel\u00a0: gr\u00e2ce \u00e0 Alessio et Jason les \u00e9cuyers qui le traitent comme un fr\u00e8re, gr\u00e2ce \u00e0 Sabrina qui \u00e9veille son d\u00e9sir, gr\u00e2ce \u00e0 Chavo, figure d\u2019autorit\u00e9 qui pr\u00f4ne la non-violence envers les animaux, tout en n\u2019h\u00e9sitant pas \u00e0 corriger sa femme derri\u00e8re les rideaux de leur caravane. Mais aussi gr\u00e2ce aux fauves qu\u2019il apprend \u00e0 ne pas craindre mais \u00e0 aimer. Cependant, la cage (fictive) familiale dont il pensait s\u2019\u00eatre \u00e9mancip\u00e9 menace en permanence de se refermer.<\/p>\n<p>    Fauves, un roman addictif    <\/p>\n<p class=\"asset asset-text\">L\u2019auteure de 35\u00a0ans a r\u00e9ussi une fois de plus \u00e0 construire un roman totalement addictif. C\u2019est principalement gr\u00e2ce \u00e0 la complexit\u00e9 des personnages dont elle fait le portrait\u00a0: l\u2019adolescent tortur\u00e9 qu\u2019on aimerait voir surmonter son pass\u00e9, le dresseur taciturne auquel on ne peut s\u2019emp\u00eacher de s\u2019attacher, la jeune femme \u00e9prise de libert\u00e9 qui refuse de plier. Et les fauves ronronnants aux griffes et aux dents ac\u00e9r\u00e9es qu\u2019on r\u00eaverait de pouvoir lib\u00e9rer, eux aussi.<\/p>\n<p class=\"asset asset-text\">Si vous \u00eates un aficionado des romans de M\u00e9lissa Da\u00a0Costa, vous le savez d\u00e9j\u00e0, il vous sera tr\u00e8s difficile de reposer le livre une fois que vous l\u2019aurez ouvert. Mais lorsque vous l\u2019aurez termin\u00e9 et referm\u00e9, on vous encourage \u00e0 aller voir \u00e0 quoi ressemble une panth\u00e8re n\u00e9buleuse. Pas s\u00fbr qu\u2019on aurait aim\u00e9 en avoir une comme animal de compagnie roul\u00e9e en boule au pied de notre lit. Quoi que.<\/p>\n","protected":false},"excerpt":{"rendered":"JOEL SAGET \/ AFP Melissa Da Costa revient le 7\u00a0janvier 2026\u00a0avec un 9e roman intitul\u00e9 \u00ab\u00a0Fauves\u00a0\u00bb EN BREF&hellip;\n","protected":false},"author":2,"featured_media":646867,"comment_status":"","ping_status":"","sticky":false,"template":"","format":"standard","meta":{"footnotes":""},"categories":[8],"tags":[3355,5398,251,58,59,1011,27,2003,2004],"class_list":{"0":"post-646866","1":"post","2":"type-post","3":"status-publish","4":"format-standard","5":"has-post-thumbnail","7":"category-divertissement","8":"tag-auteur","9":"tag-cirque","10":"tag-culture","11":"tag-divertissement","12":"tag-entertainment","13":"tag-fr","14":"tag-france","15":"tag-livre","16":"tag-roman"},"share_on_mastodon":{"url":"https:\/\/pubeurope.com\/@fr\/115853395710032691","error":""},"_links":{"self":[{"href":"https:\/\/www.europesays.com\/fr\/wp-json\/wp\/v2\/posts\/646866","targetHints":{"allow":["GET"]}}],"collection":[{"href":"https:\/\/www.europesays.com\/fr\/wp-json\/wp\/v2\/posts"}],"about":[{"href":"https:\/\/www.europesays.com\/fr\/wp-json\/wp\/v2\/types\/post"}],"author":[{"embeddable":true,"href":"https:\/\/www.europesays.com\/fr\/wp-json\/wp\/v2\/users\/2"}],"replies":[{"embeddable":true,"href":"https:\/\/www.europesays.com\/fr\/wp-json\/wp\/v2\/comments?post=646866"}],"version-history":[{"count":0,"href":"https:\/\/www.europesays.com\/fr\/wp-json\/wp\/v2\/posts\/646866\/revisions"}],"wp:featuredmedia":[{"embeddable":true,"href":"https:\/\/www.europesays.com\/fr\/wp-json\/wp\/v2\/media\/646867"}],"wp:attachment":[{"href":"https:\/\/www.europesays.com\/fr\/wp-json\/wp\/v2\/media?parent=646866"}],"wp:term":[{"taxonomy":"category","embeddable":true,"href":"https:\/\/www.europesays.com\/fr\/wp-json\/wp\/v2\/categories?post=646866"},{"taxonomy":"post_tag","embeddable":true,"href":"https:\/\/www.europesays.com\/fr\/wp-json\/wp\/v2\/tags?post=646866"}],"curies":[{"name":"wp","href":"https:\/\/api.w.org\/{rel}","templated":true}]}}