{"id":646900,"date":"2026-01-07T11:00:14","date_gmt":"2026-01-07T11:00:14","guid":{"rendered":"https:\/\/www.europesays.com\/fr\/646900\/"},"modified":"2026-01-07T11:00:14","modified_gmt":"2026-01-07T11:00:14","slug":"une-tente-blanche-installee-devant-des-commerces-pourquoi-la-police-a-bloque-lacces-a-cette-rue-de-rennes","status":"publish","type":"post","link":"https:\/\/www.europesays.com\/fr\/646900\/","title":{"rendered":"Une tente blanche install\u00e9e devant des commerces\u00a0: pourquoi la police a bloqu\u00e9 l\u2019acc\u00e8s \u00e0 cette rue de Rennes"},"content":{"rendered":"<p>Pr\u00e8s d\u2019un an et demi <a href=\"https:\/\/www.letelegramme.fr\/ille-et-vilaine\/rennes-35000\/rixe-a-larme-blanche-rue-de-brest-a-rennes-un-mort-6607361.php\" target=\"_blank\" rel=\"noopener\">apr\u00e8s la mort d\u2019un homme de 47 ans devant une boucherie afghane de la rue Vaneau \u00e0 Rennes<\/a>, la police \u00e9tait de retour, mercredi matin, devant ce commerce du quartier Bourg-l\u2019Ev\u00eaque. Une dizaine de personnes \u00e9tait pr\u00e9sente et un barnum blanc a \u00e9t\u00e9 dress\u00e9 devant les lieux du meurtre. Selon nos informations, une reconstitution du crime, qui a caus\u00e9 la mort du patron de la boucherie apr\u00e8s avoir re\u00e7u 16 coups de couteau, va durer jusqu\u2019\u00e0 la fin de la matin\u00e9e.<\/p>\n<p>Par cons\u00e9quent, une partie de la rue Vaneau sera bloqu\u00e9e jusqu\u2019\u00e0 la fin de la matin\u00e9e. Les commerces \u00e0 proximit\u00e9 comme la boulangerie sont toujours accessibles.<\/p>\n","protected":false},"excerpt":{"rendered":"Pr\u00e8s d\u2019un an et demi apr\u00e8s la mort d\u2019un homme de 47 ans devant une boucherie afghane de&hellip;\n","protected":false},"author":2,"featured_media":646901,"comment_status":"","ping_status":"","sticky":false,"template":"","format":"standard","meta":{"footnotes":""},"categories":[2821],"tags":[1111,11,829,1777,674,118,3383,1011,27,848,12,584,25],"class_list":{"0":"post-646900","1":"post","2":"type-post","3":"status-publish","4":"format-standard","5":"has-post-thumbnail","7":"category-rennes","8":"tag-actu","9":"tag-actualites","10":"tag-bretagne","11":"tag-eu","12":"tag-europe","13":"tag-faits-divers","14":"tag-faits-divers-a-rennes","15":"tag-fr","16":"tag-france","17":"tag-ille-et-vilaine","18":"tag-news","19":"tag-rennes","20":"tag-republique-francaise"},"share_on_mastodon":{"url":"https:\/\/pubeurope.com\/@fr\/115853474367925515","error":""},"_links":{"self":[{"href":"https:\/\/www.europesays.com\/fr\/wp-json\/wp\/v2\/posts\/646900","targetHints":{"allow":["GET"]}}],"collection":[{"href":"https:\/\/www.europesays.com\/fr\/wp-json\/wp\/v2\/posts"}],"about":[{"href":"https:\/\/www.europesays.com\/fr\/wp-json\/wp\/v2\/types\/post"}],"author":[{"embeddable":true,"href":"https:\/\/www.europesays.com\/fr\/wp-json\/wp\/v2\/users\/2"}],"replies":[{"embeddable":true,"href":"https:\/\/www.europesays.com\/fr\/wp-json\/wp\/v2\/comments?post=646900"}],"version-history":[{"count":0,"href":"https:\/\/www.europesays.com\/fr\/wp-json\/wp\/v2\/posts\/646900\/revisions"}],"wp:featuredmedia":[{"embeddable":true,"href":"https:\/\/www.europesays.com\/fr\/wp-json\/wp\/v2\/media\/646901"}],"wp:attachment":[{"href":"https:\/\/www.europesays.com\/fr\/wp-json\/wp\/v2\/media?parent=646900"}],"wp:term":[{"taxonomy":"category","embeddable":true,"href":"https:\/\/www.europesays.com\/fr\/wp-json\/wp\/v2\/categories?post=646900"},{"taxonomy":"post_tag","embeddable":true,"href":"https:\/\/www.europesays.com\/fr\/wp-json\/wp\/v2\/tags?post=646900"}],"curies":[{"name":"wp","href":"https:\/\/api.w.org\/{rel}","templated":true}]}}