{"id":646906,"date":"2026-01-07T11:03:10","date_gmt":"2026-01-07T11:03:10","guid":{"rendered":"https:\/\/www.europesays.com\/fr\/646906\/"},"modified":"2026-01-07T11:03:10","modified_gmt":"2026-01-07T11:03:10","slug":"un-sanglier-a-provoque-des-perturbations-sur-la-circulation-des-trains-entre-nice-et-marseille","status":"publish","type":"post","link":"https:\/\/www.europesays.com\/fr\/646906\/","title":{"rendered":"Un sanglier a provoqu\u00e9 des perturbations sur la circulation des trains entre Nice et Marseille"},"content":{"rendered":"<p>Depuis 9h22, la circulation se fait de nouveau normalement entre Nice et Marseille. Auparavant, le trafic des trains a \u00e9t\u00e9 perturb\u00e9 ce mercredi matin en raison d&rsquo;un sanglier (il n&rsquo;a pas \u00e9t\u00e9 percut\u00e9 par un train pr\u00e9cise la SNCF) qui se trouvait sur les voies dans la zone de Carnoules, dans le d\u00e9partement du Var. Sur <a href=\"https:\/\/www.garesetconnexions.sncf\/fr\/gares-services\/marseille-saint-charles\" target=\"_blank\" rel=\"noopener\">le site de Gare\u00a7connexions<\/a>, il est annonc\u00e9 que <strong>le TGV Inou\u00ef n\u00b05516<\/strong>, devant relier Nice \u00e0 Nancy via Marseille, Aix et Avignon, compte 1 heure de retard.<\/p>\n<p>Pour les autres rames, <strong>ces retards sont \u00e9valu\u00e9s entre 15 et 45 minutes.<\/strong>\u00a0 Et cela concerne aussi bien les TER que les TGV. La SNCF assure que le retour \u00e0 la normale va se faire dans les prochaines minutes.<\/p>\n","protected":false},"excerpt":{"rendered":"Depuis 9h22, la circulation se fait de nouveau normalement entre Nice et Marseille. Auparavant, le trafic des trains&hellip;\n","protected":false},"author":2,"featured_media":646907,"comment_status":"","ping_status":"","sticky":false,"template":"","format":"standard","meta":{"footnotes":""},"categories":[2819],"tags":[5734,1111,11,1102,3542,154,1777,674,1011,27,12,2401,7854,882,7481,16,25,39674,3356],"class_list":{"0":"post-646906","1":"post","2":"type-post","3":"status-publish","4":"format-standard","5":"has-post-thumbnail","7":"category-nice","8":"tag-5734","9":"tag-actu","10":"tag-actualites","11":"tag-breakingnews","12":"tag-circulation","13":"tag-des","14":"tag-eu","15":"tag-europe","16":"tag-fr","17":"tag-france","18":"tag-news","19":"tag-nice","20":"tag-perturbations","21":"tag-provence-alpes-cote-dazur","22":"tag-provoque","23":"tag-region","24":"tag-republique-francaise","25":"tag-sanglier","26":"tag-sur"},"share_on_mastodon":{"url":"https:\/\/pubeurope.com\/@fr\/115853485920704945","error":""},"_links":{"self":[{"href":"https:\/\/www.europesays.com\/fr\/wp-json\/wp\/v2\/posts\/646906","targetHints":{"allow":["GET"]}}],"collection":[{"href":"https:\/\/www.europesays.com\/fr\/wp-json\/wp\/v2\/posts"}],"about":[{"href":"https:\/\/www.europesays.com\/fr\/wp-json\/wp\/v2\/types\/post"}],"author":[{"embeddable":true,"href":"https:\/\/www.europesays.com\/fr\/wp-json\/wp\/v2\/users\/2"}],"replies":[{"embeddable":true,"href":"https:\/\/www.europesays.com\/fr\/wp-json\/wp\/v2\/comments?post=646906"}],"version-history":[{"count":0,"href":"https:\/\/www.europesays.com\/fr\/wp-json\/wp\/v2\/posts\/646906\/revisions"}],"wp:featuredmedia":[{"embeddable":true,"href":"https:\/\/www.europesays.com\/fr\/wp-json\/wp\/v2\/media\/646907"}],"wp:attachment":[{"href":"https:\/\/www.europesays.com\/fr\/wp-json\/wp\/v2\/media?parent=646906"}],"wp:term":[{"taxonomy":"category","embeddable":true,"href":"https:\/\/www.europesays.com\/fr\/wp-json\/wp\/v2\/categories?post=646906"},{"taxonomy":"post_tag","embeddable":true,"href":"https:\/\/www.europesays.com\/fr\/wp-json\/wp\/v2\/tags?post=646906"}],"curies":[{"name":"wp","href":"https:\/\/api.w.org\/{rel}","templated":true}]}}