{"id":646916,"date":"2026-01-07T11:08:09","date_gmt":"2026-01-07T11:08:09","guid":{"rendered":"https:\/\/www.europesays.com\/fr\/646916\/"},"modified":"2026-01-07T11:08:09","modified_gmt":"2026-01-07T11:08:09","slug":"remontes-contre-une-decision-du-prefet-des-agriculteurs-de-la-cr-manifestent-leur-colere-a-bordeaux","status":"publish","type":"post","link":"https:\/\/www.europesays.com\/fr\/646916\/","title":{"rendered":"Remont\u00e9s contre une d\u00e9cision du pr\u00e9fet, des agriculteurs de la CR manifestent leur col\u00e8re \u00e0 Bordeaux"},"content":{"rendered":"<p>                    Par<br \/>\n        <strong><br \/>\n            <a href=\"https:\/\/actu.fr\/auteur\/julian-doubax\" title=\"Consulter tous les articles de Julian Doubax\" target=\"_blank\" rel=\"noopener\">Julian Doubax<\/a><br \/>\n                    <\/strong><\/p>\n<p>        Publi\u00e9 le<\/p>\n<p>            7 janv. 2026 \u00e0 10h50        <\/p>\n<p>La <strong>col\u00e8re<\/strong> continue d\u2019\u00eatre vive dans le monde agricole. Mardi 6\u00a0janvier 2026, dans la soir\u00e9e, des membres de la <a href=\"https:\/\/actu.fr\/nouvelle-aquitaine\/bordeaux_33063\/pour-etre-ecoutes-on-va-faire-sauter-des-ponts-la-coordination-rurale-de-gironde-n-a-plus-rien-a-perdre_63567300.html\" target=\"_blank\" rel=\"noopener\">Coordination rurale 33<\/a> se sont rassembl\u00e9s devant la pr\u00e9fecture de la Gironde.<\/p>\n<p class=\" wall-content\">Le syndicat agricole protestait contre <a href=\"https:\/\/actu.fr\/nouvelle-aquitaine\/bordeaux_33063\/apres-le-suicide-d-un-viticulteur-les-agriculteurs-de-la-gironde-prevoient-une-nouvelle-mobilisation_63650365.html\" target=\"_blank\" rel=\"noopener\">l\u2019interdiction de circulatio<\/a><a href=\"https:\/\/actu.fr\/nouvelle-aquitaine\/bordeaux_33063\/apres-le-suicide-d-un-viticulteur-les-agriculteurs-de-la-gironde-prevoient-une-nouvelle-mobilisation_63650365.html\" target=\"_blank\" rel=\"noopener\">n<\/a> des engins agricoles dans plusieurs d\u00e9partements mise en place le 5 janvier. Cet arr\u00eat\u00e9 sign\u00e9 par le pr\u00e9fet de la Nouvelle-Aquitaine est en vigueur jusqu\u2019au 8 janvier, en pr\u00e9vision de <strong>l\u2019appel \u00e0 mobilisation nationale<\/strong> pour se rendre \u00e0 Paris lanc\u00e9 par la Coordination rurale.<\/p>\n<p class=\" wall-content\">\u00ab\u2009Plus de 50\u00a0personnes \u00e9taient pr\u00e9sentes et il n\u2019y a eu aucun d\u00e9bordement. On a eu le pr\u00e9fet (\u00c9tienne Guyot) au t\u00e9l\u00e9phone, on a fait passer des messages car les probl\u00e8mes de fond ne sont toujours pas trait\u00e9s\u2009\u00bb, rapporte Vincent Collineau, co-pr\u00e9sident de la CR33.<\/p>\n<p>    <a href=\"https:\/\/www.facebook.com\/plugins\/post.php?href=https%3A%2F%2Fwww.facebook.com%2Fpermalink.php%3Fstory_fbid%3Dpfbid0JHhUahsXfQ3htdJAyYJnpWCTLvKgxsdfkDgEbXxGg1snyNSzMKtMNoSrxD4XAVVul%26id%3D61571712101000&amp;show_text=true&amp;width=350\" title=\"Ouvrie le lien\" target=\"_blank\" rel=\"noopener\">Cliquez ici pour visualiser le contenu<\/a><\/p>\n<p class=\" wall-content\">Il fait notamment r\u00e9f\u00e9rence \u00e0 la gestion de la <a href=\"https:\/\/actu.fr\/nouvelle-aquitaine\/blanquefort_33056\/en-pleine-crise-sanitaire-des-agriculteurs-decouvrent-des-camions-etrangers-remplis-de-bovins-en-gironde_63372401.html\" target=\"_blank\" rel=\"noopener\">dermatose nodulaire contagieuse<\/a> (DNC) et aux diverses \u00ab\u2009entraves\u2009\u00bb du monde agricole.<\/p>\n<p>Un copr\u00e9sident en garde \u00e0 vue<\/p>\n<p class=\" wall-content\">Le syndicat agricole \u00e9tait \u00e9galement remont\u00e9 contre le <strong>placement en garde \u00e0 vue<\/strong> de Ludovic Ducloux, copr\u00e9sident de la CR33. L\u2019agriculteur a \u00e9t\u00e9 arr\u00eat\u00e9 le mardi 6\u00a0janvier dans la matin\u00e9e. Il se trouvait dans un convoi qui se dirigeait vers Paris. \u00ab\u2009Il n\u2019\u00e9tait m\u00eame pas dans un tracteur\u2009\u00bb, assure Vincent Collineau.<\/p>\n<p>Votre r\u00e9gion, votre actu !<\/p>\n<p>Recevez chaque jour les infos qui comptent pour vous.<\/p>\n<p>\t<a href=\"https:\/\/actu.fr\/newsletter\" class=\"ac-btn ac-btn--corner ac-btn--medium ac-btn--blue800\" target=\"_blank\" rel=\"noopener\">S&rsquo;incrire<\/a><\/p>\n<p class=\" wall-content\">Ludovic Ducloux a fait l\u2019objet d\u2019une <strong>comparution imm\u00e9diate<\/strong> ce mercredi 7\u00a0janvier dans la matin\u00e9e dans la Somme, d\u00e9partement o\u00f9 il a \u00e9t\u00e9 arr\u00eat\u00e9.<\/p>\n<p class=\" wall-content\">Le rassemblement des agriculteurs \u00e0 Bordeaux s\u2019\u00e9tait, lui, cl\u00f4tur\u00e9 peu apr\u00e8s minuit. Du lisier et quelques d\u00e9tritus ont \u00e9t\u00e9 d\u00e9vers\u00e9s. Des banderoles \u00e9voquant une <strong>\u00ab\u2009dictature sanitaire\u2009\u00bb<\/strong> et un \u00ab\u2009\u00e9tat assassin\u2009\u00bb ont \u00e9t\u00e9 d\u00e9ploy\u00e9es.<\/p>\n<p class=\" wall-content\">Personnalisez votre actualit\u00e9 en ajoutant vos villes et m\u00e9dias en favori avec <a href=\"https:\/\/moncompte.actu.fr\" title=\"D\u00e9couvez Mon Actu\" rel=\"nofollow noopener\" data-trk=\"{&quot;cta&quot;:{&quot;action&quot;:&quot;https:\\\/\\\/moncompte.actu.fr&quot;,&quot;category&quot;:&quot;mon compte&quot;,&quot;from&quot;:&quot;article footer&quot;,&quot;name&quot;:&quot;Mon actu&quot;,&quot;type&quot;:&quot;cta&quot;}}\" target=\"_blank\">Mon Actu<\/a>.<\/p>\n","protected":false},"excerpt":{"rendered":"Par Julian Doubax Publi\u00e9 le 7 janv. 2026 \u00e0 10h50 La col\u00e8re continue d\u2019\u00eatre vive dans le monde&hellip;\n","protected":false},"author":2,"featured_media":646917,"comment_status":"","ping_status":"","sticky":false,"template":"","format":"standard","meta":{"footnotes":""},"categories":[2817],"tags":[1111,11,327,1997,26141,1777,674,1011,27,1272,12,2219,25,104],"class_list":{"0":"post-646916","1":"post","2":"type-post","3":"status-publish","4":"format-standard","5":"has-post-thumbnail","7":"category-bordeaux","8":"tag-actu","9":"tag-actualites","10":"tag-agriculture","11":"tag-bordeaux","12":"tag-coordination-rurale","13":"tag-eu","14":"tag-europe","15":"tag-fr","16":"tag-france","17":"tag-manifestations","18":"tag-news","19":"tag-nouvelle-aquitaine","20":"tag-republique-francaise","21":"tag-societe"},"share_on_mastodon":{"url":"https:\/\/pubeurope.com\/@fr\/115853505632641615","error":""},"_links":{"self":[{"href":"https:\/\/www.europesays.com\/fr\/wp-json\/wp\/v2\/posts\/646916","targetHints":{"allow":["GET"]}}],"collection":[{"href":"https:\/\/www.europesays.com\/fr\/wp-json\/wp\/v2\/posts"}],"about":[{"href":"https:\/\/www.europesays.com\/fr\/wp-json\/wp\/v2\/types\/post"}],"author":[{"embeddable":true,"href":"https:\/\/www.europesays.com\/fr\/wp-json\/wp\/v2\/users\/2"}],"replies":[{"embeddable":true,"href":"https:\/\/www.europesays.com\/fr\/wp-json\/wp\/v2\/comments?post=646916"}],"version-history":[{"count":0,"href":"https:\/\/www.europesays.com\/fr\/wp-json\/wp\/v2\/posts\/646916\/revisions"}],"wp:featuredmedia":[{"embeddable":true,"href":"https:\/\/www.europesays.com\/fr\/wp-json\/wp\/v2\/media\/646917"}],"wp:attachment":[{"href":"https:\/\/www.europesays.com\/fr\/wp-json\/wp\/v2\/media?parent=646916"}],"wp:term":[{"taxonomy":"category","embeddable":true,"href":"https:\/\/www.europesays.com\/fr\/wp-json\/wp\/v2\/categories?post=646916"},{"taxonomy":"post_tag","embeddable":true,"href":"https:\/\/www.europesays.com\/fr\/wp-json\/wp\/v2\/tags?post=646916"}],"curies":[{"name":"wp","href":"https:\/\/api.w.org\/{rel}","templated":true}]}}