{"id":646924,"date":"2026-01-07T11:13:10","date_gmt":"2026-01-07T11:13:10","guid":{"rendered":"https:\/\/www.europesays.com\/fr\/646924\/"},"modified":"2026-01-07T11:13:10","modified_gmt":"2026-01-07T11:13:10","slug":"des-vols-annules-au-depart-et-a-destination-de-marseille-a-cause-des-perturbations-a-paris","status":"publish","type":"post","link":"https:\/\/www.europesays.com\/fr\/646924\/","title":{"rendered":"des vols annul\u00e9s au d\u00e9part et \u00e0 destination de Marseille \u00e0 cause des perturbations \u00e0 Paris"},"content":{"rendered":"<p>Une centaine de vols ont \u00e9t\u00e9 annul\u00e9s mercredi matin \u00e0 l&rsquo;a\u00e9roport de Roissy Charles-de-Gaulle et environ 40 vols \u00e0 Orly en raison de la neige, \u00ab\u00a0en esp\u00e9rant que la situation revienne \u00e0 la normale cet apr\u00e8s-midi\u00a0\u00bb, a d\u00e9clar\u00e9 le ministre des Transports Philippe Tabarot sur CNews.<\/p>\n<p>Ces suppressions de vols avaient \u00e9t\u00e9 anticip\u00e9es la veille. Le ministre a par ailleurs appel\u00e9 \u00e0 la \u00ab\u00a0vigilance\u00a0\u00bb sur \u00ab\u00a0l&rsquo;ensemble du territoire\u00a0\u00bb, \u00ab\u00a0notamment par rapport aux pluies vergla\u00e7antes qui n&rsquo;ont pas toujours \u00e9t\u00e9 annonc\u00e9es et peuvent arriver \u00e0 tout moment\u00a0\u00bb.<\/p>\n<p>Pour l&rsquo;heure, on compte au moins <strong>trois vols au d\u00e9part de Marseille-Provence<\/strong> et en direction de Paris qui ont \u00e9t\u00e9 supprim\u00e9s et <strong>trois vols qui devait arriver \u00e0 Marignane et qui ne d\u00e9colleront pas des a\u00e9roports parisiens<\/strong>. Par ailleurs, plusieurs vols entre Amsterdam et Marseille-Provence sont aussi annul\u00e9s.<\/p>\n<p>Ces six vols repr\u00e9sentent \u00ab\u00a08% de l&rsquo;ensemble des liaisons Paris-Marseille\u00a0\u00bb, pr\u00e9cise l&rsquo;a\u00e9roport.<\/p>\n","protected":false},"excerpt":{"rendered":"Une centaine de vols ont \u00e9t\u00e9 annul\u00e9s mercredi matin \u00e0 l&rsquo;a\u00e9roport de Roissy Charles-de-Gaulle et environ 40 vols&hellip;\n","protected":false},"author":2,"featured_media":646925,"comment_status":"","ping_status":"","sticky":false,"template":"","format":"standard","meta":{"footnotes":""},"categories":[2814],"tags":[5734,1111,11,52294,3985,154,10009,1777,674,1011,27,884,10584,12,882,16,25,66801,2692],"class_list":{"0":"post-646924","1":"post","2":"type-post","3":"status-publish","4":"format-standard","5":"has-post-thumbnail","7":"category-marseille","8":"tag-5734","9":"tag-actu","10":"tag-actualites","11":"tag-annules","12":"tag-depart","13":"tag-des","14":"tag-destination","15":"tag-eu","16":"tag-europe","17":"tag-fr","18":"tag-france","19":"tag-marseille","20":"tag-neige","21":"tag-news","22":"tag-provence-alpes-cote-dazur","23":"tag-region","24":"tag-republique-francaise","25":"tag-verglas","26":"tag-vols"},"share_on_mastodon":{"url":"https:\/\/pubeurope.com\/@fr\/115853525522756290","error":""},"_links":{"self":[{"href":"https:\/\/www.europesays.com\/fr\/wp-json\/wp\/v2\/posts\/646924","targetHints":{"allow":["GET"]}}],"collection":[{"href":"https:\/\/www.europesays.com\/fr\/wp-json\/wp\/v2\/posts"}],"about":[{"href":"https:\/\/www.europesays.com\/fr\/wp-json\/wp\/v2\/types\/post"}],"author":[{"embeddable":true,"href":"https:\/\/www.europesays.com\/fr\/wp-json\/wp\/v2\/users\/2"}],"replies":[{"embeddable":true,"href":"https:\/\/www.europesays.com\/fr\/wp-json\/wp\/v2\/comments?post=646924"}],"version-history":[{"count":0,"href":"https:\/\/www.europesays.com\/fr\/wp-json\/wp\/v2\/posts\/646924\/revisions"}],"wp:featuredmedia":[{"embeddable":true,"href":"https:\/\/www.europesays.com\/fr\/wp-json\/wp\/v2\/media\/646925"}],"wp:attachment":[{"href":"https:\/\/www.europesays.com\/fr\/wp-json\/wp\/v2\/media?parent=646924"}],"wp:term":[{"taxonomy":"category","embeddable":true,"href":"https:\/\/www.europesays.com\/fr\/wp-json\/wp\/v2\/categories?post=646924"},{"taxonomy":"post_tag","embeddable":true,"href":"https:\/\/www.europesays.com\/fr\/wp-json\/wp\/v2\/tags?post=646924"}],"curies":[{"name":"wp","href":"https:\/\/api.w.org\/{rel}","templated":true}]}}