{"id":646926,"date":"2026-01-07T11:14:13","date_gmt":"2026-01-07T11:14:13","guid":{"rendered":"https:\/\/www.europesays.com\/fr\/646926\/"},"modified":"2026-01-07T11:14:13","modified_gmt":"2026-01-07T11:14:13","slug":"orange-a-marseille-tirs-de-balles-reelles-le-centre-de-saint-mauront-ferme-mediterannee-com-dans-les-medias-presse","status":"publish","type":"post","link":"https:\/\/www.europesays.com\/fr\/646926\/","title":{"rendered":"Orange \u00e0 Marseille : tirs de balles r\u00e9elles, le centre de Saint-Mauront ferm\u00e9 &#8211; M\u00e9dit\u00e9rann\u00e9e.com | Dans les m\u00e9dias | Presse"},"content":{"rendered":"<p class=\"uk-margin-small-top uk-margin-remove-bottom uk-article-meta\">\n                R\u00e9dig\u00e9 par St\u00e9phanie CRESPIN le 7 janvier 2026.                Publi\u00e9 dans <a href=\"https:\/\/www.cfecgc-orange.org\/revue-de-presse\/\" target=\"_blank\" rel=\"noopener\">Dans les m\u00e9dias<\/a>.            <\/p>\n<p>\t\t\t\t        \t\t\t\t            <strong><img loading=\"lazy\" decoding=\"async\" src=\"https:\/\/www.europesays.com\/fr\/wp-content\/uploads\/2026\/01\/balles.png\" alt=\"balles\" width=\"605\" height=\"299\"\/><\/strong><br \/>\n<strong>Un important centre op\u00e9rationnel d&rsquo;Orange \u00e0 Marseille a \u00e9t\u00e9 la cible de tirs d&rsquo;armes \u00e0 feu r\u00e9elles en fin d&rsquo;ann\u00e9e, for\u00e7ant la direction \u00e0 fermer temporairement le site pendant deux semaines. Des impacts de balles ont \u00e9t\u00e9 d\u00e9couverts sur les fa\u00e7ades de ce b\u00e2timent situ\u00e9 dans le quartier sensible de Saint-Mauront, semant la panique parmi les plus de mille salari\u00e9s qui y travaillent quotidiennement. Cette nouvelle escalade de violence r\u00e9v\u00e8le l&rsquo;ampleur de l&rsquo;ins\u00e9curit\u00e9 qui paralyse les infrastructures critiques de la ville.<\/strong><\/p>\n<p>[&#8230;]<br \/>Face \u00e0 ces \u00e9v\u00e9nements alarmants, la direction a annonc\u00e9 la fermeture du site pour une p\u00e9riode initiale de 15 jours. Cependant, le syndicat CFE-CGC, premier syndicat du groupe Orange, demande bien plus : un transfert permanent et d\u00e9finitif de tous les salari\u00e9s travaillant aux activit\u00e9s tertiaires vers d&rsquo;autres sites de Marseille. \u00ab Les salari\u00e9s n&rsquo;en peuvent plus \u00bb, affirme le syndicat dans un communiqu\u00e9 o\u00f9 les repr\u00e9sentants insistent sur l&rsquo;impossibilit\u00e9 de maintenir une pr\u00e9sence suffisante sur le site, hormis pour les agents d\u00e9di\u00e9s aux r\u00e9seaux de t\u00e9l\u00e9communications souterrains.<br \/>[&#8230;]<br \/>Cette situation pose des questions critiques sur la viabilit\u00e9 des infrastructures essentielles dans les zones \u00e0 forte criminalit\u00e9. Orange ne peut continuer d&rsquo;exposer ses employ\u00e9s \u00e0 ces risques, et la demande de transfert du syndicat appara\u00eet comme une mesure incontournable pour garantir la s\u00e9curit\u00e9 du personnel et maintenir une continuit\u00e9 de service acceptable.<br \/>[&#8230;]<\/p>\n<p>\t\t\t\t\t\t\t\t\t\t\t\t<a href=\"https:\/\/www.cfecgc-orange.org\/tag\/key-cit-conditions.html\" class=\"my-tag\" property=\"keywords\" target=\"_blank\" rel=\"noopener\">Conditions de Travail et Sant\u00e9<\/a><br \/>\n\t\t\t\t\t\t\t\t\t\t\t\t\t\t<a href=\"https:\/\/www.cfecgc-orange.org\/tag\/key-do-gse.html\" class=\"my-tag\" property=\"keywords\" target=\"_blank\" rel=\"noopener\">DO Grand Sud-Est<\/a>\n\t\t\t<\/p>\n","protected":false},"excerpt":{"rendered":"R\u00e9dig\u00e9 par St\u00e9phanie CRESPIN le 7 janvier 2026. Publi\u00e9 dans Dans les m\u00e9dias. Un important centre op\u00e9rationnel d&rsquo;Orange&hellip;\n","protected":false},"author":2,"featured_media":646927,"comment_status":"","ping_status":"","sticky":false,"template":"","format":"standard","meta":{"footnotes":""},"categories":[2814],"tags":[1111,11,33781,68592,32577,68593,68594,68597,32581,1777,674,6248,1011,27,964,68595,68596,884,12,68598,738,882,25,68599,34263,68590,68591,11564],"class_list":{"0":"post-646926","1":"post","2":"type-post","3":"status-publish","4":"format-standard","5":"has-post-thumbnail","7":"category-marseille","8":"tag-actu","9":"tag-actualites","10":"tag-cadre","11":"tag-cfe","12":"tag-cfe-cgc","13":"tag-cfecgc","14":"tag-cgc","15":"tag-droit-prive","16":"tag-encadrement","17":"tag-eu","18":"tag-europe","19":"tag-fonctionnaire","20":"tag-fr","21":"tag-france","22":"tag-france-telecom","23":"tag-ft","24":"tag-ft-sa","25":"tag-marseille","26":"tag-news","27":"tag-non-cadre","28":"tag-orange","29":"tag-provence-alpes-cote-dazur","30":"tag-republique-francaise","31":"tag-sebastien-crozier","32":"tag-section","33":"tag-sncgc","34":"tag-sncgc-ft","35":"tag-syndicat"},"share_on_mastodon":{"url":"https:\/\/pubeurope.com\/@fr\/115853529297896633","error":""},"_links":{"self":[{"href":"https:\/\/www.europesays.com\/fr\/wp-json\/wp\/v2\/posts\/646926","targetHints":{"allow":["GET"]}}],"collection":[{"href":"https:\/\/www.europesays.com\/fr\/wp-json\/wp\/v2\/posts"}],"about":[{"href":"https:\/\/www.europesays.com\/fr\/wp-json\/wp\/v2\/types\/post"}],"author":[{"embeddable":true,"href":"https:\/\/www.europesays.com\/fr\/wp-json\/wp\/v2\/users\/2"}],"replies":[{"embeddable":true,"href":"https:\/\/www.europesays.com\/fr\/wp-json\/wp\/v2\/comments?post=646926"}],"version-history":[{"count":0,"href":"https:\/\/www.europesays.com\/fr\/wp-json\/wp\/v2\/posts\/646926\/revisions"}],"wp:featuredmedia":[{"embeddable":true,"href":"https:\/\/www.europesays.com\/fr\/wp-json\/wp\/v2\/media\/646927"}],"wp:attachment":[{"href":"https:\/\/www.europesays.com\/fr\/wp-json\/wp\/v2\/media?parent=646926"}],"wp:term":[{"taxonomy":"category","embeddable":true,"href":"https:\/\/www.europesays.com\/fr\/wp-json\/wp\/v2\/categories?post=646926"},{"taxonomy":"post_tag","embeddable":true,"href":"https:\/\/www.europesays.com\/fr\/wp-json\/wp\/v2\/tags?post=646926"}],"curies":[{"name":"wp","href":"https:\/\/api.w.org\/{rel}","templated":true}]}}