{"id":646955,"date":"2026-01-07T11:30:14","date_gmt":"2026-01-07T11:30:14","guid":{"rendered":"https:\/\/www.europesays.com\/fr\/646955\/"},"modified":"2026-01-07T11:30:14","modified_gmt":"2026-01-07T11:30:14","slug":"un-avocat-de-victimes-suisses-denonce-la-destruction-de-preuves-de-la-part-des-gerants-ou-dun-proche","status":"publish","type":"post","link":"https:\/\/www.europesays.com\/fr\/646955\/","title":{"rendered":"un avocat de victimes suisses d\u00e9nonce la \u00ab\u00a0destruction de preuves\u00a0\u00bb de la part des g\u00e9rants ou d&rsquo;un \u00ab\u00a0proche\u00a0\u00bb"},"content":{"rendered":"\n<p class=\"c-chapo \">\n  Il assure que les g\u00e9rants du bar La Constallation o\u00f9 s&rsquo;est d\u00e9roul\u00e9 le drame, ou un proche, ont suspendu l&rsquo;acc\u00e8s \u00e0 toutes les vid\u00e9os de la soir\u00e9e publi\u00e9es sur les r\u00e9seaux sociaux de l&rsquo;\u00e9tablissement.\n<\/p>\n<p>      lire plus tard<\/p>\n<p id=\"dialog__title\" class=\"dialog__title\">Pour sauvegarder cet article, connectez-vous ou cr\u00e9ez un compte franceinfo<\/p>\n<p class=\"dialog__description\">Sans paiement. Sans abonnement.<\/p>\n<p>        Fermer la fen\u00eatre d\u2019activation des notifications France Info<\/p>\n<p>      cr\u00e9er votre compte<\/p>\n<p>      se connecter<\/p>\n<p>      :<\/p>\n<p>        Fermer la fen\u00eatre de pr\u00e9sentation<\/p>\n<p>    <img loading=\"lazy\" decoding=\"async\" class=\"signature__image lazyload\" width=\"100\" height=\"100\" data- alt=\"\" src=\"https:\/\/www.europesays.com\/fr\/wp-content\/uploads\/2025\/05\/64a7df4c5fe71_placeholder-36b69ec8.png\"\/><\/p>\n<p>    Publi\u00e9 le 07\/01\/2026 08:19<\/p>\n<p>      Mis \u00e0 jour le 07\/01\/2026 09:04<\/p>\n<p>        Temps de lecture : 3min<\/p>\n<p>    <img decoding=\"async\"  alt=\"40 personnes sont mortes dans l'incendie d'un bar en Suisse, le soir du jour de l'an. (FABRICE COFFRINI \/ AFP)\" width=\"432\" height=\"243\" src=\"https:\/\/www.europesays.com\/fr\/wp-content\/uploads\/2026\/01\/000-89ty39e-695e087d3d1a3932743274.jpg\" fetchpriority=\"high\"\/><\/p>\n<p>      40 personnes sont mortes dans l&rsquo;incendie d&rsquo;un bar en Suisse, le soir du jour de l&rsquo;an. (FABRICE COFFRINI \/ AFP)<\/p>\n<p>L\u2019avocat Romain Jordan, qui d\u00e9fend une dizaine de familles de victimes suisses de l\u2019incendie du bar Le Constellation \u00e0 Crans-Montana, a d\u00e9nonc\u00e9 mercredi 7 janvier sur franceinfo une \u00ab\u00a0destruction de preuves\u00a0\u00bb de la part des g\u00e9rants ou de \u00ab\u00a0quelqu&rsquo;un qui leur est proche\u00a0\u00bb. L\u2019incendie, survenu dans la nuit du Nouvel An, dans cet \u00e9tablissement de la station valaisanne, <a href=\"https:\/\/www.franceinfo.fr\/faits-divers\/incendie-dans-un-bar-de-crans-montana-en-suisse\/un-dj-une-serveuse-des-adolescents-ce-que-l-on-sait-des-neuf-francais-morts-dans-l-incendie-d-un-bar-a-crans-montana_7723750.html\" target=\"_self\" rel=\"noopener noreferrer nofollow\" data-tooltip-url=\"https:\/\/www.franceinfo.fr\/faits-divers\/incendie-dans-un-bar-de-crans-montana-en-suisse\/un-dj-une-serveuse-des-adolescents-ce-que-l-on-sait-des-neuf-francais-morts-dans-l-incendie-d-un-bar-a-crans-montana_7723750.html\">a fait 40\u00a0morts et 116\u00a0bless\u00e9s<\/a>, dont plusieurs sont encore hospitalis\u00e9s dans un \u00e9tat grave.<\/p>\n<p>Selon Romain Jordan, \u00ab\u00a0au petit matin, alors que l&rsquo;\u00e9tablissement \u00e9tait encore en feu, des exploitants du bar Le Constellation ou quelqu&rsquo;un qui leur est proche a suspendu l&rsquo;acc\u00e8s aux pages Facebook, \u00e0 tous les r\u00e9seaux sociaux de l&rsquo;\u00e9tablissement o\u00f9 figuraient des photos, des vid\u00e9os de la soir\u00e9e\u00a0\u00bb. \u00ab\u00a0\u00c7a d\u00e9montre bien qu&rsquo;il y avait une conscience d&rsquo;un probl\u00e8me et qu&rsquo;on a cherch\u00e9 \u00e0 le minimiser\u00a0\u00bb, accuse-t-il.<\/p>\n<p>Une vid\u00e9o diffus\u00e9e par la Radio T\u00e9l\u00e9vision suisse, datant de 2019 montre un serveur du bar Le Constellation s&rsquo;inqui\u00e9tant d\u2019un feu sur le plafond en mousse lors d\u2019un r\u00e9veillon. \u00ab\u00a0Cette vid\u00e9o est sid\u00e9rante\u00a0\u00bb, commente l\u2019avocat, soulignant qu'\u00a0\u00bbil y avait une conscience de ce risque et que possiblement ce risque a \u00e9t\u00e9 accept\u00e9\u00a0\u00bb. D\u2019un point de vue juridique, ajoute-t-il, cette connaissance du danger peut modifier la nature des poursuites\u00a0: \u00ab\u00a0Si vous avez connaissance d\u2019un risque et que vous acceptez de le prendre \u00e0 ce moment-l\u00e0, vous n\u2019\u00eates plus victime de n\u00e9gligence, mais victime d\u2019une forme d\u2019intention d\u2019homicide \u00ab\u00a0.<\/p>\n<p>La commune de Crans-Montana a exprim\u00e9 mardi d&rsquo;amers regrets apr\u00e8s avoir \u00ab\u00a0d\u00e9couvert <a href=\"https:\/\/www.franceinfo.fr\/faits-divers\/incendie-dans-un-bar-de-crans-montana-en-suisse\/la-commune-de-crans-montana-regrette-amerement-avoir-decouvert-un-manquement-aux-controles-periodiques-du-bar-le-constellation-sur-la-periode-2020-2025_7723687.html\" target=\"_self\" rel=\"noopener noreferrer nofollow\" data-tooltip-url=\"https:\/\/www.franceinfo.fr\/faits-divers\/incendie-dans-un-bar-de-crans-montana-en-suisse\/la-commune-de-crans-montana-regrette-amerement-avoir-decouvert-un-manquement-aux-controles-periodiques-du-bar-le-constellation-sur-la-periode-2020-2025_7723687.html\">un manquement aux contr\u00f4les p\u00e9riodiques\u00a0\u00bb<\/a> du bar Le Constellation qui n&rsquo;a pas \u00e9t\u00e9 contr\u00f4l\u00e9 une seule fois entre 2020 et 2025, alors que ces inspections doivent \u00eatre conduites tous les ans. \u00ab\u00a0Il est temps pr\u00e9cis\u00e9ment que l&rsquo;enqu\u00eate porte \u00e9galement sur le fonctionnement de la commune de Crans-Montana\u00a0\u00bb, estime l&rsquo;avocat suisse, appelant \u00e0 examiner la cha\u00eene de responsabilit\u00e9s administratives. \u00ab\u00a0C\u2019est l&rsquo;enqu\u00eate qui va d\u00e9terminer qui, dans la cha\u00eene de commandement d\u2019un pouvoir public, du pr\u00e9sident de commune jusqu\u2019au fonctionnaire en charge de remplir la checklist des contr\u00f4les, a commis une erreur. Vraisemblablement, plusieurs de ces maillons vont \u00eatre sur la sellette\u00a0\u00bb. \u00ab\u00a0Ce qui choque mes clients, c\u2019est la longueur de l\u2019absence de ces contr\u00f4les\u00a0\u00bb.<\/p>\n<blockquote class=\"ftvi_content_quote\">\n<p class=\"ftvi_citation_quote\">\u00ab\u00a0Cinq ans, ce n&rsquo;est pas par manque de moyens. La commune de Crans-Montana est une commune riche. Il y a une incompr\u00e9hension, une sid\u00e9ration, une consternation compl\u00e8te du c\u00f4t\u00e9 des familles \u00e0 cet \u00e9gard.\u00a0\u00bb<\/p>\n<p>Romain Jordan, avocat<\/p>\n<p class=\"ftvi_citation_source\">\u00e0 franceinfo<\/p>\n<\/blockquote>\n<p>Le pr\u00e9sident de la commune, \u00e9quivalent du maire en Suisse, a indiqu\u00e9 qu\u2019il ne niait pas ses responsabilit\u00e9s mais qu\u2019il entendait se constituer partie civile. Une d\u00e9cision que l\u2019avocat des familles juge \u00ab\u00a0juridiquement totalement insoutenable\u00a0\u00bb et motiv\u00e9e par une \u00ab\u00a0strat\u00e9gie\u00a0\u00bb. Selon lui, les familles d\u00e9noncent le \u00ab\u00a0cynisme\u00a0\u00bb de cette position.<\/p>\n","protected":false},"excerpt":{"rendered":"Il assure que les g\u00e9rants du bar La Constallation o\u00f9 s&rsquo;est d\u00e9roul\u00e9 le drame, ou un proche, ont&hellip;\n","protected":false},"author":2,"featured_media":646956,"comment_status":"","ping_status":"","sticky":false,"template":"","format":"standard","meta":{"footnotes":""},"categories":[2],"tags":[11,1011,27,12,25],"class_list":{"0":"post-646955","1":"post","2":"type-post","3":"status-publish","4":"format-standard","5":"has-post-thumbnail","7":"category-actualites","8":"tag-actualites","9":"tag-fr","10":"tag-france","11":"tag-news","12":"tag-republique-francaise"},"share_on_mastodon":{"url":"https:\/\/pubeurope.com\/@fr\/115853592582365408","error":""},"_links":{"self":[{"href":"https:\/\/www.europesays.com\/fr\/wp-json\/wp\/v2\/posts\/646955","targetHints":{"allow":["GET"]}}],"collection":[{"href":"https:\/\/www.europesays.com\/fr\/wp-json\/wp\/v2\/posts"}],"about":[{"href":"https:\/\/www.europesays.com\/fr\/wp-json\/wp\/v2\/types\/post"}],"author":[{"embeddable":true,"href":"https:\/\/www.europesays.com\/fr\/wp-json\/wp\/v2\/users\/2"}],"replies":[{"embeddable":true,"href":"https:\/\/www.europesays.com\/fr\/wp-json\/wp\/v2\/comments?post=646955"}],"version-history":[{"count":0,"href":"https:\/\/www.europesays.com\/fr\/wp-json\/wp\/v2\/posts\/646955\/revisions"}],"wp:featuredmedia":[{"embeddable":true,"href":"https:\/\/www.europesays.com\/fr\/wp-json\/wp\/v2\/media\/646956"}],"wp:attachment":[{"href":"https:\/\/www.europesays.com\/fr\/wp-json\/wp\/v2\/media?parent=646955"}],"wp:term":[{"taxonomy":"category","embeddable":true,"href":"https:\/\/www.europesays.com\/fr\/wp-json\/wp\/v2\/categories?post=646955"},{"taxonomy":"post_tag","embeddable":true,"href":"https:\/\/www.europesays.com\/fr\/wp-json\/wp\/v2\/tags?post=646955"}],"curies":[{"name":"wp","href":"https:\/\/api.w.org\/{rel}","templated":true}]}}