{"id":646957,"date":"2026-01-07T11:31:24","date_gmt":"2026-01-07T11:31:24","guid":{"rendered":"https:\/\/www.europesays.com\/fr\/646957\/"},"modified":"2026-01-07T11:31:24","modified_gmt":"2026-01-07T11:31:24","slug":"huit-choses-que-vous-ne-saviez-peut-etre-pas-sur-licone-francaise","status":"publish","type":"post","link":"https:\/\/www.europesays.com\/fr\/646957\/","title":{"rendered":"huit choses que vous ne saviez (peut-\u00eatre) pas sur l&rsquo;ic\u00f4ne fran\u00e7aise"},"content":{"rendered":"<p>Entre le mythe sensuel absolu du XXe\u00a0si\u00e8cle, <a href=\"https:\/\/www.franceinfo.fr\/culture\/cinema\/brigitte-bardot\/mort-de-brigitte-bardot-la-star-francaise-des-annees-1960-en-cinq-films-cultes_5803307.html\" target=\"_blank\" rel=\"noopener\">l&rsquo;actrice<\/a> et <a href=\"https:\/\/www.franceinfo.fr\/culture\/musique\/chanson-francaise\/mort-de-brigitte-bardot-retour-sur-six-chansons-emblematiques-de-la-madrague-a-harley-davidson_7707190.html\" target=\"_blank\" rel=\"noopener\">chanteuse<\/a> retir\u00e9e du showbiz, <a href=\"https:\/\/www.franceinfo.fr\/culture\/cinema\/brigitte-bardot\/mort-de-brigitte-bardot-la-defense-de-la-cause-animale-la-grande-affaire-de-sa-vie_5959775.html\" target=\"_blank\" rel=\"noopener\">la pasionaria de la cause animale<\/a> et <a href=\"https:\/\/www.franceinfo.fr\/culture\/cinema\/brigitte-bardot\/propos-homophobes-et-islamophobes-admiration-pour-jean-marie-le-pen-et-vladimir-poutine-quand-b-b-creait-la-polemique_7706845.html\" target=\"_blank\" rel=\"noopener\">la femme condamn\u00e9e pour injure et incitation \u00e0 la haine raciale<\/a> pour des prises de position qui ont terni son image, <a href=\"https:\/\/www.franceinfo.fr\/culture\/cinema\/brigitte-bardot\/\" target=\"_blank\" rel=\"noopener\">Brigitte Bardot<\/a> \u00e9tait une femme<strong> <\/strong>multiple. L&rsquo;ic\u00f4ne <a href=\"https:\/\/www.franceinfo.fr\/culture\/cinema\/brigitte-bardot\/brigitte-bardot-star-mondiale-du-cinema-et-militante-infatigable-de-la-cause-animale-est-morte-a-l-age-de-91-ans_3383753.html\" target=\"_blank\" rel=\"noopener\">disparue le 28\u00a0d\u00e9cembre<\/a>, dont les obs\u00e8ques sont <a href=\"https:\/\/www.franceinfo.fr\/culture\/cinema\/brigitte-bardot\/funerailles-de-brigitte-bardot-une-ceremonie-a-l-abri-des-regards-mercredi-a-saint-tropez_7721575.html\" target=\"_blank\" rel=\"noopener\">organis\u00e9es mercredi\u00a07\u00a0janvier<\/a> <a href=\"https:\/\/www.franceinfo.fr\/culture\/cinema\/brigitte-bardot\/funerailles-de-brigitte-bardot-une-ceremonie-a-l-abri-des-regards-mercredi-a-saint-tropez_7721575.html\" target=\"_blank\" rel=\"noopener\">\u00e0 Saint-Tropez, \u00e9tait une femme complexe, p\u00e9trie de paradoxes, capable d&rsquo;\u00e9lans de g\u00e9n\u00e9rosit\u00e9 et de bienveillance, de timidit\u00e9 et d&rsquo;audace, ainsi que de contrepieds par rapport \u00e0 ce que l&rsquo;on pouvait imaginer d&rsquo;elle. Elle avait ses fragilit\u00e9s et ses talons d&rsquo;Achille. Elle avait ses admirations et ses admirateurs\u00a0\u2013 notamment au Br\u00e9sil o\u00f9 elle a trouv\u00e9 un peu de r\u00e9pit au plus fort de la \u00ab\u00a0bardotmania\u00a0\u00bb. Petite s\u00e9lection d&rsquo;\u00e9clairages insolites.<\/p>\n<p>Son \u00e9lan de solidarit\u00e9 pour Josephine Baker<\/p>\n<p>En juin 1964, la chanteuse, danseuse et r\u00e9sistante Josephine Baker, presque ruin\u00e9e, est sur le point de perdre le ch\u00e2teau qu&rsquo;elle a acquis en Dordogne, et dans lequel elle \u00e9l\u00e8ve <a href=\"https:\/\/www.franceinfo.fr\/culture\/patrimoine\/histoire\/josephine-baker-la-maman-engagee-d-une-tribu-arc-en-ciel-de-12-enfants-adoptes_4864637.html\" data-tooltip-url=\"https:\/\/www.franceinfo.fr\/culture\/patrimoine\/histoire\/josephine-baker-la-maman-engagee-d-une-tribu-arc-en-ciel-de-12-enfants-adoptes_4864637.html\" target=\"_blank\" rel=\"noopener\">sa tribu \u00ab\u00a0arc-en-ciel\u00a0\u00bb<\/a> d&rsquo;enfants adopt\u00e9s. Alors que la propri\u00e9t\u00e9 est mise aux ench\u00e8res, l&rsquo;artiste am\u00e9ricaine naturalis\u00e9e fran\u00e7aise lance <a href=\"https:\/\/www.ina.fr\/ina-eclaire-actu\/video\/caf90046671\/appel-de-josephine-baker\" data-tooltip-url=\"https:\/\/www.ina.fr\/ina-eclaire-actu\/video\/caf90046671\/appel-de-josephine-baker\" target=\"_blank\" rel=\"noopener\">un appel \u00e0 l&rsquo;aide.<\/a> Le 4\u00a0juin\u00a01964, <a href=\"https:\/\/www.ina.fr\/ina-eclaire-actu\/video\/caf95053468\/appel-de-brigitte-bardot\" data-tooltip-url=\"https:\/\/www.ina.fr\/ina-eclaire-actu\/video\/caf95053468\/appel-de-brigitte-bardot\" target=\"_blank\" rel=\"noopener\">Brigitte Bardot vole \u00e0 son secours<\/a> \u00e0 la t\u00e9l\u00e9vision. \u00ab\u00a0J&rsquo;estime que cette femme a eu beaucoup de courage dans sa vie et a toujours \u00e9t\u00e9 tr\u00e8s g\u00e9n\u00e9reuse (&#8230;). Je vous demande \u00e0 tous de faire le maximum de vos possibilit\u00e9s pour venir en aide \u00e0 Josephine Baker. Mardi, on doit vendre le ch\u00e2teau des Milandes, \u00e7a veut dire que cette femme va se retrouver sans maison, sans toit et sans argent, avec les onze\u00a0enfants qu&rsquo;elle a adopt\u00e9s. Vous devez l&rsquo;aider, envoyer des dons pour qu&rsquo;elle garde sa maison et ses enfants avec elle.\u00a0\u00bb Un geste totalement spontan\u00e9 \u00e0 l&rsquo;\u00e9gard de son illustre a\u00een\u00e9e, reconna\u00eet la star\u00a0: \u00ab\u00a0Je ne la connais pas du tout, je ne l&rsquo;ai jamais vue, je fais \u00e7a de ma propre initiative parce que je trouve que c&rsquo;est notre devoir.\u00a0\u00bb<\/p>\n<blockquote class=\"twitter-tweet\" data-media-max-width=\"560\">\n<p lang=\"fr\" dir=\"ltr\">4 juin 1964, Brigitte Bardot lance un SOS au 20h pour sauver de l\u2019expulsion Josephine Baker qui, ruin\u00e9e, voit son ch\u00e2teau mis aux ench\u00e8res.<\/p>\n<p>C\u2019est dans ce ch\u00e2teau que vivait sa \u00ab tribu arc-en-ciel \u00bb compos\u00e9 de 11 enfants adopt\u00e9s de toutes les couleurs, origines et religions. <a href=\"https:\/\/t.co\/4ozZJxsvKx\">pic.twitter.com\/4ozZJxsvKx<\/a><\/p>\n<p>\u2014 Anton Struve (@AntonStruve) <a href=\"https:\/\/twitter.com\/AntonStruve\/status\/1272112459835412481?ref_src=twsrc%5Etfw\" target=\"_blank\" rel=\"noopener\">June 14, 2020<\/a><\/p><\/blockquote>\n<p>L&rsquo;appel de Brigitte Bardot suscite une mobilisation qui permettra \u00e0 Josephine Baker de conserver sa propri\u00e9t\u00e9 quelques ann\u00e9es de plus. <a href=\"https:\/\/www.ina.fr\/ina-eclaire-actu\/video\/boc9108094495\/reaction-de-josephine-baker-apres-l-appel-de-brigitte-bardot\" data-tooltip-url=\"https:\/\/www.ina.fr\/ina-eclaire-actu\/video\/boc9108094495\/reaction-de-josephine-baker-apres-l-appel-de-brigitte-bardot\" target=\"_blank\" rel=\"noopener\">Dans un message charg\u00e9 d&rsquo;\u00e9motion<\/a>, l&rsquo;ic\u00f4ne des ann\u00e9es\u00a01920 et 1930 lui exprime imm\u00e9diatement sa gratitude. \u00ab\u00a0C&rsquo;est tellement sensationnel de penser qu&rsquo;une femme comme elle pense \u00e0 mes enfants (&#8230;). Ils repr\u00e9sentent la fraternit\u00e9 universelle (&#8230;). De penser que Brigitte Bardot, qui est fameuse et que tout le monde adore, ait pens\u00e9 toute seule \u00e0 venir \u00e0 mon aide, \u00e7a me fait quelque chose (&#8230;). Si vous me permettez, Brigitte Bardot, je vais vous dire humblement, du fond de mon c\u0153ur de maman, combien je suis reconnaissante. Je vous embrasse si fort pour mes enfants, pour l&rsquo;humanit\u00e9, pour le monde entier qui vient comme vous, actuellement, \u00e0 mon secours. Merci.\u00a0\u00bb<\/p>\n<blockquote class=\"twitter-tweet\" data-media-max-width=\"560\">\n<p lang=\"fr\" dir=\"ltr\">4 juin 1964, Brigitte Bardot lance un SOS au 20h pour sauver de l\u2019expulsion Josephine Baker qui, ruin\u00e9e, voit son ch\u00e2teau mis aux ench\u00e8res.<\/p>\n<p>C\u2019est dans ce ch\u00e2teau que vivait sa \u00ab tribu arc-en-ciel \u00bb compos\u00e9 de 11 enfants adopt\u00e9s de toutes les couleurs, origines et religions.<\/p>\n<p>Ci\u2026 <a href=\"https:\/\/t.co\/uPn9QvxRQn\">https:\/\/t.co\/uPn9QvxRQn<\/a> <a href=\"https:\/\/t.co\/VjsSJHRPsu\">pic.twitter.com\/VjsSJHRPsu<\/a><\/p>\n<p>\u2014 \ud835\udcae\ud835\udcb6\ud835\udcc7\ud835\udcb6\ud835\udcbd \ud835\udd4f (@SarahHRakM4) <a href=\"https:\/\/twitter.com\/SarahHRakM4\/status\/2005367493259628841?ref_src=twsrc%5Etfw\" target=\"_blank\" rel=\"noopener\">December 28, 2025<\/a><\/p><\/blockquote>\n<p>Sa divine idylle avec le Br\u00e9sil<\/p>\n<p>Si la renomm\u00e9e de Brigitte Bardot ne connaissait pas de fronti\u00e8re, il est un pays qu&rsquo;elle aura marqu\u00e9 particuli\u00e8rement de son aura\u00a0: le Br\u00e9sil. D\u00e8s 1960, une samba lui rend hommage, compos\u00e9e par Miguel Gustavo et \u00e9crite et interpr\u00e9t\u00e9e par Jorge Veiga. La chanson, jou\u00e9e au Carnaval de Rio de 1961, sera <a href=\"https:\/\/www.youtube.com\/watch?v=xEL17m9KpBk\" data-tooltip-url=\"https:\/\/www.youtube.com\/watch?v=xEL17m9KpBk\" target=\"_blank\" rel=\"noopener\">reprise par Dario Moreno<\/a> un an plus tard. Quant \u00e0 Bardot, elle se rend en 1964 avec son petit ami de l&rsquo;\u00e9poque, le basketteur (et futur producteur) Robert Zagury. Apr\u00e8s une premi\u00e8re partie de s\u00e9jour v\u00e9cue clo\u00eetr\u00e9e \u00e0 Copacabana, elle fugue \u00e0 170\u00a0km de Rio de Janeiro et <a href=\"https:\/\/www.franceinfo.fr\/replay-radio\/d-un-monde-a-l-autre\/comment-brigitte-bardot-au-bresil-a-transforme-un-village-de-pecheurs-en-saint-tropez-local_7680172.html\" data-tooltip-url=\"https:\/\/www.franceinfo.fr\/replay-radio\/d-un-monde-a-l-autre\/comment-brigitte-bardot-au-bresil-a-transforme-un-village-de-pecheurs-en-saint-tropez-local_7680172.html\" target=\"_blank\" rel=\"noopener\">s&rsquo;installe quelques mois \u00e0 Buzios<\/a>, petit port de p\u00eache sur une presqu&rsquo;\u00eele bord\u00e9e de plages. Elle y s\u00e9journe en toute simplicit\u00e9 au bord de l&rsquo;eau et enregistre \u00e0 l&rsquo;occasion, en portugais, un standard de <a href=\"https:\/\/www.franceinfo.fr\/culture\/musique\/musique-du-monde\/le-chanteur-bresilien-carlos-lyra-l-un-des-grands-artisans-de-la-bossa-nova-est-mort-a-90-ans_6252024.html\" data-tooltip-url=\"https:\/\/www.franceinfo.fr\/culture\/musique\/musique-du-monde\/le-chanteur-bresilien-carlos-lyra-l-un-des-grands-artisans-de-la-bossa-nova-est-mort-a-90-ans_6252024.html\" target=\"_blank\" rel=\"noopener\">Carlos Lyra<\/a>, figure de la <a href=\"https:\/\/www.franceinfo.fr\/culture\/musique\/musique-du-monde\/la-bossa-nova-a-soixante-ans-20-chansons-emblematiques_3303571.html\" data-tooltip-url=\"https:\/\/www.franceinfo.fr\/culture\/musique\/musique-du-monde\/la-bossa-nova-a-soixante-ans-20-chansons-emblematiques_3303571.html\" target=\"_blank\" rel=\"noopener\">bossa-nova<\/a> en vogue \u00e0 l&rsquo;\u00e9poque. Huit\u00a0ans apr\u00e8s avoir offert \u00e0 Saint-Tropez <a href=\"https:\/\/www.franceinfo.fr\/culture\/cinema\/brigitte-bardot\/saint-tropez-un-rayonnement-mondial-grace-a-brigitte-bardot_7707223.html\" data-tooltip-url=\"https:\/\/www.franceinfo.fr\/culture\/cinema\/brigitte-bardot\/saint-tropez-un-rayonnement-mondial-grace-a-brigitte-bardot_7707223.html\" target=\"_blank\" rel=\"noopener\">une renomm\u00e9e mondiale<\/a>, \u00ab\u00a0BB\u00a0\u00bb fait de m\u00eame, sans l&rsquo;avoir pr\u00e9m\u00e9dit\u00e9, avec Buzios. Le petit village de p\u00eacheurs deviendra \u00e0 son tour une station baln\u00e9aire pris\u00e9e par les touristes et la jet-set. Il conserve le souvenir de sa plus c\u00e9l\u00e8bre r\u00e9sidente via une statue, un restaurant et une promenade \u00e0 son nom, sans parler des nombreux h\u00f4tels qui ont \u00e9t\u00e9 construits sur le site&#8230;<\/p>\n<\/p>\n<p>Sa complicit\u00e9 inattendue avec Claudia Cardinale<\/p>\n<p>En 1971, Brigitte Bardot et Claudia Cardinale partagent l&rsquo;affiche du film Les P\u00e9troleuses r\u00e9alis\u00e9 par Christian-Jacque. Un film de western qui se d\u00e9roule dans le Far\u00a0West sur fond de conflits entre hors-la-loi. \u00c0 l&rsquo;\u00e9poque, les deux actrices sont sous le feu des projecteurs pour leur beaut\u00e9 et font la couverture des plus grands magazines. Avec d&rsquo;un c\u00f4t\u00e9 BB la blonde, de l&rsquo;autre CC la brune, le cr\u00eapage de chignon ne saurait tarder, comme se pla\u00eet \u00e0 l&rsquo;imaginer la presse de l&rsquo;\u00e9poque. Mais sur le tournage des P\u00e9troleuses, tout l&rsquo;inverse se produit, Brigitte Bardot et Claudia Cardinale affichent une complicit\u00e9 \u00e0 toute \u00e9preuve. \u00c0 la Premi\u00e8re du film, les deux actrices \u00e9teignent, une bonne fois pour toutes, les rumeurs de rivalit\u00e9 et forment un duo uni. Comme un couple, elles foulent le tapis rouge avec Bardot en costume cravate et Cardinale en robe du soir.<\/p>\n<p>    <img decoding=\"async\" class=\"cms-media-image lazyload\" alt=\"Les actrices Claudia Cardinale et Brigitte Bardot lors de la Premi\u00e8re du film \" les=\"\" p=\"\" paris=\"\" le=\"\" width=\"720\" height=\"1063.8961038961\" data- src=\"https:\/\/www.europesays.com\/fr\/wp-content\/uploads\/2026\/01\/000-896f2kf-695402ea252fe821166495.jpg\"\/><\/p>\n<p>      Les actrices Claudia Cardinale et Brigitte Bardot lors de la Premi\u00e8re du film \u00ab\u00a0Les P\u00e9troleuses\u00a0\u00bb, \u00e0 Paris, le 17\u00a0d\u00e9cembre\u00a01971. (AFP)<\/p>\n<p>Sa rencontre avec le pop art<\/p>\n<p>\u00c0 l&rsquo;instar de Marilyn Monroe, Brigitte Bardot est pass\u00e9e de l&rsquo;\u00e9cran \u00e0 la toile. Immortalis\u00e9e par Andy Warhol, figure de proue du pop\u00a0art, elle figure sur un portrait \u00e9ponyme typique des impressions s\u00e9rielles de l&rsquo;artiste am\u00e9ricain. L&rsquo;\u0153uvre ex\u00e9cut\u00e9e en 1974, sur commande de Gunther Sachs \u2013\u00a0alors mari\u00e9 \u00e0 Brigitte Bardot\u00a0\u2013 s&rsquo;est vendue 16\u00a0675\u00a0000\u00a0dollars lors d&rsquo;une vente aux ench\u00e8res qui s&rsquo;est tenue le 19\u00a0novembre. Outre-Atlantique, Brigitte Bardot a suscit\u00e9 l&rsquo;int\u00e9r\u00eat d&rsquo;un autre repr\u00e9sentant du pop art. D\u00e9j\u00e0 en 1963, le Britannique Gerald Laing signait un portrait de l&rsquo;actrice sept\u00a0ans apr\u00e8s son premier succ\u00e8s au cin\u00e9ma avec Et Dieu\u2026\u00a0cr\u00e9a la femme (1956) de Roger Vadim.<\/p>\n<p>    <img decoding=\"async\" class=\"cms-media-image lazyload\" alt=\"Portrait de l'actrice Brigitte Bardot par Andy Warhol, expos\u00e9 lors d'une vente Christie's en 2007. (SMOCK JOHN\u00a0\/\u00a0SIPA)\" width=\"720\" height=\"699.85401459854\" data- src=\"https:\/\/www.europesays.com\/fr\/wp-content\/uploads\/2026\/01\/2026-01-02-16-04-31-sipa-sipausa30029472-000008-jpg-irfanview-zoom-822-x-918-6957deb2e26f3946250018..jpeg\"\/><\/p>\n<p>      Portrait de l&rsquo;actrice Brigitte Bardot par Andy Warhol, expos\u00e9 lors d&rsquo;une vente Christie&rsquo;s en 2007. (SMOCK JOHN\u00a0\/\u00a0SIPA)<\/p>\n<p>Son empathie pour les animaux&#8230; et pour leurs amis<\/p>\n<p>On conna\u00eet l&rsquo;attachement visc\u00e9ral de Brigitte Bardot \u00e0 la cause animale. On conna\u00eet un peu moins l&rsquo;attention qu&rsquo;elle pouvait porter \u00e0 ses admirateurs, prenant soin de r\u00e9pondre personnellement aux nombreuses lettres qui lui \u00e9taient adress\u00e9es. Cette politesse qui l&rsquo;honorait pouvait se muer en v\u00e9ritable geste de solidarit\u00e9. La chanteuse et musicienne Virginie Henry en a \u00e9t\u00e9 la b\u00e9n\u00e9ficiaire \u00e9tonn\u00e9e il y a quelques ann\u00e9es au moment de la perte brutale de son animal de compagnie. Dimanche\u00a028\u00a0d\u00e9cembre, jour de la mort de l&rsquo;ic\u00f4ne fran\u00e7aise, <a href=\"https:\/\/www.facebook.com\/reel\/1438133907886842\" target=\"_blank\" rel=\"noopener\" data-tooltip-url=\"https:\/\/www.facebook.com\/reel\/1438133907886842\">elle a post\u00e9 ce t\u00e9moignage sur Facebook<\/a>\u00a0: \u00ab\u00a0Quand mon jeune chat fut assassin\u00e9 en 2009 par un monstrueux voisin, inconsolable, je lui \u00e9crivis une lettre \u00e0 La\u00a0Madrague pour lui exprimer mon chagrin. En fait, je ne sais pas vraiment ce qui motiva cette lettre. Contre toute attente, quelques jours plus tard, elle me t\u00e9l\u00e9phona. J&rsquo;entends encore son &lsquo;Bonjour, c&rsquo;est Brigitte&rsquo;, avec ce d\u00e9bit l\u00e9g\u00e8rement tra\u00eenant si caract\u00e9ristique. J&rsquo;avais ouvert des yeux ronds. Elle avait \u00e9t\u00e9 alors si humaine, prenant le temps de me parler, m&rsquo;apportant son r\u00e9confort, me proposant d&rsquo;adopter l&rsquo;un de ses nombreux prot\u00e9g\u00e9s. Aujourd&rsquo;hui, les animaux perdent leur plus grande d\u00e9fenseuse. Et \u00e7a me rend tr\u00e8s triste.\u00a0\u00bb<\/p>\n<p>Son coup d&rsquo;\u00e9clat vestimentaire devant De\u00a0Gaulle<\/p>\n<p>Le 5 d\u00e9cembre 1967, Brigitte Bardot est invit\u00e9e par Charles de Gaulle \u00e0 assister \u00e0 la soir\u00e9e annuelle des arts et lettres \u00e0 l&rsquo;\u00c9lys\u00e9e. Elle a beau porter une grande admiration \u00e0 l&rsquo;\u00e9gard du g\u00e9n\u00e9ral, elle n&rsquo;a pas l&rsquo;intention de se cacher sous les ors de la R\u00e9publique. Faisant fi des tenues protocolaires \u00e9chues aux dames telles que robes et chignons, \u00ab\u00a0BB\u00a0\u00bb se pr\u00e9sente v\u00eatue d&rsquo;une somptueuse veste de hussard et d&rsquo;un pantalon, sa chevelure blonde tombant librement sur ses \u00e9paules. C&rsquo;est Georges Pompidou, alors Premier ministre de De\u00a0Gaulle, qui l&rsquo;a rencontr\u00e9e ainsi accoutr\u00e9e la veille \u00e0 l&rsquo;occasion d&rsquo;un d\u00eener informel de pr\u00e9paration de la soir\u00e9e. Il lui a sugg\u00e9r\u00e9 de conserver ce costume lors de la r\u00e9ception officielle, confiait sa biographe Marie-Dominique Leli\u00e8vre dans une interview en 2012 \u00e0 <a href=\"https:\/\/www.lexpress.fr\/culture\/livre\/bardot-joue-avec-la-part-inavouable-des-pulsions-francaises_1067687.html\" target=\"_blank\" rel=\"noopener\" data-tooltip-url=\"https:\/\/www.lexpress.fr\/culture\/livre\/bardot-joue-avec-la-part-inavouable-des-pulsions-francaises_1067687.html\">L&rsquo;Express<\/a>, relay\u00e9e par <a href=\"https:\/\/www.leparisien.fr\/politique\/brigitte-bardot-et-la-politique-je-t-aime-moi-non-plus-13-08-2018-7851711.php\" target=\"_blank\" rel=\"noopener\" data-tooltip-url=\"https:\/\/www.leparisien.fr\/politique\/brigitte-bardot-et-la-politique-je-t-aime-moi-non-plus-13-08-2018-7851711.php\">Le Parisien<\/a>. Et le soir venu, bien s\u00fbr, <a href=\"https:\/\/www.franceinfo.fr\/culture\/cinema\/brigitte-bardot\/en-images-mort-de-brigitte-bardot-l-icone-indemodable-racontee-en-sept-cliches_5959550.html\" data-tooltip-url=\"https:\/\/www.franceinfo.fr\/culture\/cinema\/brigitte-bardot\/en-images-mort-de-brigitte-bardot-l-icone-indemodable-racontee-en-sept-cliches_5959550.html\" target=\"_blank\" rel=\"noopener\">l&rsquo;ic\u00f4ne mode<\/a> Bardot a fait sensation&#8230; Apr\u00e8s la soir\u00e9e, l&rsquo;actrice confiera \u00e0 un journaliste que le g\u00e9n\u00e9ral lui a parl\u00e9 notamment d&rsquo;un de ses films, Viva Maria\u00a0! de Louis Malle. \u00c0 l&rsquo;\u00e9poque, Bardot et De\u00a0Gaulle sont tr\u00e8s probablement les deux Fran\u00e7ais les plus connus au monde. Ils n&rsquo;auront pas d&rsquo;autres occasions de se recroiser, au grand regret de l&rsquo;actrice.<\/p>\n<p>    <img decoding=\"async\" class=\"cms-media-image lazyload\" alt=\"Brigitte Bardot suivie de son mari Gunther Sachs, le 7\u00a0d\u00e9cembre\u00a01967, \u00e0 la sortie de palais de l'\u00c9lys\u00e9e, \u00e0 Paris, apr\u00e8s la soir\u00e9e annuelle des arts et lettres. (KG\u00a0\/\u00a0FA\u00a0\/\u00a0AFP)\" width=\"720\" height=\"567.75\" data- src=\"https:\/\/www.europesays.com\/fr\/wp-content\/uploads\/2026\/01\/000-arp2892638-edited-1-6957e43cc7313748209318.jpg\"\/><\/p>\n<p>      Brigitte Bardot suivie de son mari Gunther Sachs, le 7\u00a0d\u00e9cembre\u00a01967, \u00e0 la sortie de palais de l&rsquo;\u00c9lys\u00e9e, \u00e0 Paris, apr\u00e8s la soir\u00e9e annuelle des arts et lettres. (KG\u00a0\/\u00a0FA\u00a0\/\u00a0AFP)<\/p>\n<p>Son coup de c\u0153ur pour Marilyn Monroe<\/p>\n<p>Pour les cin\u00e9philes et groupies du XXe\u00a0si\u00e8cle, le 29\u00a0octobre\u00a01956 marque la rencontre de deux mondes\u00a0: le 7e\u00a0art et la monarchie britannique. Ce soir-l\u00e0, \u00e0 Londres, pour l&rsquo;avant-premi\u00e8re d&rsquo;un film de guerre, la reine Elizabeth\u00a0II salue plusieurs vedettes de cin\u00e9ma dont Joan Crawford, Victor Mature, Anita Ekberg, Dana Andrews et la plus grande d&rsquo;entre elles\u00a0: Marilyn Monroe. Brigitte Bardot, 22\u00a0ans, est d\u00e9j\u00e0 un peu connue outre-Manche et s&rsquo;appr\u00eate \u00e0 \u00e9branler la plan\u00e8te avec Et Dieu&#8230;\u00a0cr\u00e9a la femme. Gr\u00e2ce \u00e0 son agent, elle a d\u00e9croch\u00e9 une invitation pour la prestigieuse soir\u00e9e de gala. Il existe des photos d&rsquo;une Marilyn Monroe \u00e9poustouflante en robe dor\u00e9e d\u00e9collet\u00e9e face \u00e0 la reine, et d&rsquo;autres d&rsquo;une Brigitte Bardot faisant la r\u00e9v\u00e9rence face \u00e0 son h\u00f4tesse royale. Mais aucun photographe ne semble avoir saisi ensemble les deux blondes atomiques dans son objectif. L&rsquo;\u00e9toile montante n&rsquo;a pas quitt\u00e9 des yeux son a\u00een\u00e9e de huit\u00a0ans, relate Le\u00a0Point dans <a href=\"https:\/\/www.lepoint.fr\/culture\/brigitte-bardot-le-jour-ou-marilyn-eblouit-bardot-7HWKMMWG7FACNKVP65CTXVA77M\/\" target=\"_blank\" rel=\"noopener\" data-tooltip-url=\"https:\/\/www.lepoint.fr\/culture\/brigitte-bardot-le-jour-ou-marilyn-eblouit-bardot-7HWKMMWG7FACNKVP65CTXVA77M\/\">son num\u00e9ro du 1er\u00a0janvier<\/a>. Dans les toilettes pour dames, avant le d\u00e9but des festivit\u00e9s, la jeune Brigitte, pos\u00e9e dans un coin, observe avec \u00e9merveillement son idole se refaire une beaut\u00e9. \u00ab\u00a0Je n&rsquo;ai vu qu&rsquo;elle\u00a0\u00bb, racontera-t-elle dans son autobiographie Initiales B.B.\u00a0: m\u00e9moires. \u00ab\u00a0Elle ne s&#8217;embarrassait pas du protocole, on avait envie de l&#8217;embrasser tant ses joues \u00e9taient roses et fra\u00eeches. Ses m\u00e8ches rebelles coulaient sur son cou et autour de ses oreilles, elle avait l&rsquo;air de sortir de son lit, heureuse et naturelle\u00a0!\u00a0\u00bb Fascin\u00e9e, Bardot cherchera encore Marilyn du regard pendant les pr\u00e9sentations royales. Elle ne l&rsquo;aura approch\u00e9e qu&rsquo;une fois, mais elle n&rsquo;a jamais oubli\u00e9 ce moment.<\/p>\n<p>    <img decoding=\"async\" class=\"cms-media-image lazyload\" alt=\"La jeune Brigitte Bardot fait la r\u00e9v\u00e9rence et salue la reine Elizabeth\u00a0II, entourn\u00e9e notamment par les acteurs Dana Andrews (\u00e0 la droite de la jeune femme) et Joan Crawford (\u00e0 droite sur la photo), le 29\u00a0octobre\u00a01956, \u00e0 Londres. (CCI\u00a0\/\u00a0SHUTTERSTOCK\u00a0\/\u00a0SIPA)\" width=\"720\" height=\"537.75\" data- src=\"https:\/\/www.europesays.com\/fr\/wp-content\/uploads\/2026\/01\/sipa-shutterstock40998395-000001-edited-1-6958479eb0905127519231.jpg\"\/><\/p>\n<p>      La jeune Brigitte Bardot fait la r\u00e9v\u00e9rence et salue la reine Elizabeth\u00a0II, entourn\u00e9e notamment par les acteurs Dana Andrews (\u00e0 la droite de la jeune femme) et Joan Crawford (\u00e0 droite sur la photo), le 29\u00a0octobre\u00a01956, \u00e0 Londres. (CCI\u00a0\/\u00a0SHUTTERSTOCK\u00a0\/\u00a0SIPA)<\/p>\n<p>Sa vue d\u00e9ficiente<\/p>\n<p>Brigitte Bardot ne voyait pas de l&rsquo;\u0153il gauche. Depuis son enfance, elle souffrait d&rsquo;amblyopie, une importante d\u00e9gradation de la vision qui peut r\u00e9sulter de la faiblesse mal soign\u00e9e de l&rsquo;un des yeux. Le cerveau prend l&rsquo;habitude de ne prendre en compte que les informations de l&rsquo;\u0153il le plus sain et neutralise ce qui provient de l&rsquo;\u0153il faible. Petite fille, Bardot devait porter des lunettes \u00e0 verres \u00e9pais qui ont contribu\u00e9 \u00e0 forger sa croyance de ne pas \u00eatre belle. Ce handicap a peut-\u00eatre constitu\u00e9 un \u00e9l\u00e9ment du regard \u00e9nigmatique et troublant de la star, estimait sa biographe Marie-Dominique Leli\u00e8vre dans une <a href=\"https:\/\/www.radiofrance.fr\/franceinter\/podcasts\/a-propos-d-un-destin\/brigitte-bardot-par-marie-dominique-lelievre-5063410\" target=\"_blank\" rel=\"noopener\">interview \u00e0 France Inter en 2012<\/a>.<\/p>\n<p><script async src=\"https:\/\/platform.twitter.com\/widgets.js\" charset=\"utf-8\"><\/script><\/p>\n","protected":false},"excerpt":{"rendered":"Entre le mythe sensuel absolu du XXe\u00a0si\u00e8cle, l&rsquo;actrice et chanteuse retir\u00e9e du showbiz, la pasionaria de la cause&hellip;\n","protected":false},"author":2,"featured_media":646958,"comment_status":"","ping_status":"","sticky":false,"template":"","format":"standard","meta":{"footnotes":""},"categories":[2],"tags":[11,1011,27,12,25],"class_list":{"0":"post-646957","1":"post","2":"type-post","3":"status-publish","4":"format-standard","5":"has-post-thumbnail","7":"category-actualites","8":"tag-actualites","9":"tag-fr","10":"tag-france","11":"tag-news","12":"tag-republique-francaise"},"share_on_mastodon":{"url":"https:\/\/pubeurope.com\/@fr\/115853596251989938","error":""},"_links":{"self":[{"href":"https:\/\/www.europesays.com\/fr\/wp-json\/wp\/v2\/posts\/646957","targetHints":{"allow":["GET"]}}],"collection":[{"href":"https:\/\/www.europesays.com\/fr\/wp-json\/wp\/v2\/posts"}],"about":[{"href":"https:\/\/www.europesays.com\/fr\/wp-json\/wp\/v2\/types\/post"}],"author":[{"embeddable":true,"href":"https:\/\/www.europesays.com\/fr\/wp-json\/wp\/v2\/users\/2"}],"replies":[{"embeddable":true,"href":"https:\/\/www.europesays.com\/fr\/wp-json\/wp\/v2\/comments?post=646957"}],"version-history":[{"count":0,"href":"https:\/\/www.europesays.com\/fr\/wp-json\/wp\/v2\/posts\/646957\/revisions"}],"wp:featuredmedia":[{"embeddable":true,"href":"https:\/\/www.europesays.com\/fr\/wp-json\/wp\/v2\/media\/646958"}],"wp:attachment":[{"href":"https:\/\/www.europesays.com\/fr\/wp-json\/wp\/v2\/media?parent=646957"}],"wp:term":[{"taxonomy":"category","embeddable":true,"href":"https:\/\/www.europesays.com\/fr\/wp-json\/wp\/v2\/categories?post=646957"},{"taxonomy":"post_tag","embeddable":true,"href":"https:\/\/www.europesays.com\/fr\/wp-json\/wp\/v2\/tags?post=646957"}],"curies":[{"name":"wp","href":"https:\/\/api.w.org\/{rel}","templated":true}]}}