{"id":646959,"date":"2026-01-07T11:32:10","date_gmt":"2026-01-07T11:32:10","guid":{"rendered":"https:\/\/www.europesays.com\/fr\/646959\/"},"modified":"2026-01-07T11:32:10","modified_gmt":"2026-01-07T11:32:10","slug":"ue-mercosur-la-france-tente-de-resister-sous-pression-des-agriculteurs","status":"publish","type":"post","link":"https:\/\/www.europesays.com\/fr\/646959\/","title":{"rendered":"UE-Mercosur\u00a0: la France tente de r\u00e9sister, sous pression des agriculteurs"},"content":{"rendered":"<p>Toujours la m\u00eame rengaine. \u00ab\u00a0Le compte n\u2019y est pas\u00a0\u00bb pour la France sur l\u2019accord commercial entre l\u2019UE et les pays du Mercosur, a r\u00e9affirm\u00e9 le ministre d\u00e9l\u00e9gu\u00e9 charg\u00e9 de l\u2019Europe, Benjamin Haddad, sur le plateau de France 2 ce matin. <a href=\"https:\/\/www.publicsenat.fr\/actualites\/politique\/ue-mercosur-la-voie-vers-une-signature-de-laccord-commercial-se-dessine-en-depit-de-lopposition-francaise\" target=\"_blank\" rel=\"noopener\">Sa ratification est pourtant envisag\u00e9e en d\u00e9but de semaine prochaine par Bruxelles<\/a>, apr\u00e8s un report de trois semaines n\u00e9goci\u00e9 in extremis par Emmanuel Macron, et ses soutiens dont Giorgia Meloni, en d\u00e9cembre dernier. L\u00e2ch\u00e9e par l\u2019Italie qui s\u2019est dite pr\u00eate \u00e0 signer le texte, la France ne dispose a priori plus de la minorit\u00e9 de blocage n\u00e9cessaire pour faire barrage au trait\u00e9. \u00ab\u00a0On continuera \u00e0 se battre\u00a0\u00bb, a insist\u00e9 Benjamin Haddad, conc\u00e9dant tout de m\u00eame que \u00ab\u00a0des am\u00e9liorations\u00a0\u00bb ont \u00e9t\u00e9 obtenues.<\/p>\n<p>En toile de fond, <a href=\"https:\/\/www.publicsenat.fr\/actualites\/politique\/ue-mercosur-la-voie-vers-une-signature-de-laccord-commercial-se-dessine-en-depit-de-lopposition-francaise\" target=\"_blank\" rel=\"noopener\">les griefs du monde agricole<\/a>, s\u2019amoncelant devant S\u00e9bastien Lecornu et sa ministre de l\u2019Agriculture, laissent pr\u00e9sager un troisi\u00e8me hiver de crise, que l\u2019ex\u00e9cutif tente \u00e0 tout prix de contenir. <a href=\"https:\/\/www.publicsenat.fr\/actualites\/politique\/colere-agricole-sebastien-lecornu-recoit-les-syndicats-lundi-et-mardi\" target=\"_blank\" rel=\"noopener\">Lundi et mardi<\/a>, les Jeunes Agriculteurs, la Coordination rurale, la FNSEA et la Conf\u00e9d\u00e9ration paysanne ont d\u00e9fil\u00e9 \u00e0 Matignon.<\/p>\n<p><strong>Le gouvernement attendu au tournant par les agriculteurs<\/strong><\/p>\n<p>Chose promise, chose due. Un arr\u00eat\u00e9 publi\u00e9 ce mercredi au Journal officiel acte la suspension de l\u2019importation de produits agricoles trait\u00e9s avec certaines substances interdites sur le continent, dans l\u2019attente de \u00ab\u00a0mesures appropri\u00e9es par la Commission europ\u00e9enne\u00a0\u00bb. Un des sujets hautement inflammables autour de l\u2019accord avec l\u2019Am\u00e9rique du Sud, les agriculteurs s\u2019inqui\u00e9tant de risques de concurrence d\u00e9loyale. Sont concern\u00e9s des fongicides et herbicides (mancoz\u00e8be, thiophanate-m\u00e9thyl, glufosinate, carbendazime, b\u00e9nomyl) utilis\u00e9s pour traiter des fruits et l\u00e9gumes, comme les avocats, les mangues ou les poivrons. Pour une dur\u00e9e maximale d\u2019un an, cette mise en pause avait \u00e9t\u00e9 annonc\u00e9e ce week-end par Annie Genevard. Avant d\u2019entrer en vigueur, elle doit encore obtenir l\u2019aval de Bruxelles, o\u00f9 la ministre de l\u2019Agriculture fran\u00e7aise se rend ce mardi pour une r\u00e9union sp\u00e9ciale avec ses homologues europ\u00e9ens sur le Mercosur et la politique agricole commune (PAC).<\/p>\n<p>A sa sortie de Matignon, <a href=\"https:\/\/x.com\/FNSEA\/status\/2008641738227814695?s=20\">la FNSEA a indiqu\u00e9<\/a> que \u00ab\u00a0le Premier ministre s\u2019est engag\u00e9 \u00e0 nous donner un calendrier de ces propositions \u00e0 la fin de la semaine\u00a0\u00bb. Le premier syndicat agricole de France \u00ab\u00a0ne [l\u00e2chera] rien\u00a0\u00bb\u00a0: \u00ab\u00a0Sur le Mercosur, \u00e7a reste NON\u00a0\u00bb. Des convois de la Coordination rurale ont pris la route pour rejoindre Paris, malgr\u00e9 certaines interdictions de circulation de tracteurs. Son pr\u00e9sident a d\u00e9clar\u00e9 ne pas sentir \u00ab\u00a0de volont\u00e9 politique pour mettre de l\u2019ordre dans le minist\u00e8re afin d\u2019aider les agriculteurs\u00a0\u00bb, \u00e0 l\u2019antenne de Sud Radio.<\/p>\n<p><strong>Ursula von der Leyer c\u00e8de sur la PAC<\/strong><\/p>\n<p>Du c\u00f4t\u00e9 de la Commission europ\u00e9enne, Ursula von der Leyen a annonc\u00e9, elle aussi, un geste pour d\u00e9miner la situation\u00a0mardi\u00a0: une rallonge budg\u00e9taire dans la future PAC, en d\u00e9bloquant 45\u00a0milliards d\u2019euros de mani\u00e8re anticip\u00e9e d\u00e8s 2028. Une concession dont s\u2019est r\u00e9joui Emmanuel Macron <a href=\"https:\/\/x.com\/EmmanuelMacron\/status\/2008605707222823031?s=20\">hier soir\u00a0<\/a>: \u00ab\u00a0Je salue les annonces de la Commission europ\u00e9enne aujourd\u2019hui sur l\u2019agriculture dans le prochain budget pluriannuel de l\u2019Union europ\u00e9enne, qui vient ajouter 45\u00a0milliards d\u2019euros aux pr\u00e8s de 294\u00a0milliards d\u2019euros d\u2019aides aux revenus d\u00e9j\u00e0 s\u00e9curis\u00e9s pour les agriculteurs. La France pourra ainsi garantir le maintien du niveau actuel de ces aides jusqu\u2019en 2034. C\u2019est le r\u00e9sultat de notre mobilisation d\u00e9termin\u00e9e et de mon engagement constant pour nos agriculteurs\u00a0\u00bb. Reste \u00e0 voir si ces engagements suffiront \u00e0 calmer la grogne agricole.<\/p>\n","protected":false},"excerpt":{"rendered":"Toujours la m\u00eame rengaine. \u00ab\u00a0Le compte n\u2019y est pas\u00a0\u00bb pour la France sur l\u2019accord commercial entre l\u2019UE et&hellip;\n","protected":false},"author":2,"featured_media":646960,"comment_status":"","ping_status":"","sticky":false,"template":"","format":"standard","meta":{"footnotes":""},"categories":[4],"tags":[11,1011,27,12,25],"class_list":{"0":"post-646959","1":"post","2":"type-post","3":"status-publish","4":"format-standard","5":"has-post-thumbnail","7":"category-france","8":"tag-actualites","9":"tag-fr","10":"tag-france","11":"tag-news","12":"tag-republique-francaise"},"share_on_mastodon":{"url":"https:\/\/pubeurope.com\/@fr\/115853600034777556","error":""},"_links":{"self":[{"href":"https:\/\/www.europesays.com\/fr\/wp-json\/wp\/v2\/posts\/646959","targetHints":{"allow":["GET"]}}],"collection":[{"href":"https:\/\/www.europesays.com\/fr\/wp-json\/wp\/v2\/posts"}],"about":[{"href":"https:\/\/www.europesays.com\/fr\/wp-json\/wp\/v2\/types\/post"}],"author":[{"embeddable":true,"href":"https:\/\/www.europesays.com\/fr\/wp-json\/wp\/v2\/users\/2"}],"replies":[{"embeddable":true,"href":"https:\/\/www.europesays.com\/fr\/wp-json\/wp\/v2\/comments?post=646959"}],"version-history":[{"count":0,"href":"https:\/\/www.europesays.com\/fr\/wp-json\/wp\/v2\/posts\/646959\/revisions"}],"wp:featuredmedia":[{"embeddable":true,"href":"https:\/\/www.europesays.com\/fr\/wp-json\/wp\/v2\/media\/646960"}],"wp:attachment":[{"href":"https:\/\/www.europesays.com\/fr\/wp-json\/wp\/v2\/media?parent=646959"}],"wp:term":[{"taxonomy":"category","embeddable":true,"href":"https:\/\/www.europesays.com\/fr\/wp-json\/wp\/v2\/categories?post=646959"},{"taxonomy":"post_tag","embeddable":true,"href":"https:\/\/www.europesays.com\/fr\/wp-json\/wp\/v2\/tags?post=646959"}],"curies":[{"name":"wp","href":"https:\/\/api.w.org\/{rel}","templated":true}]}}